{"id":51504,"date":"2023-08-23T12:10:28","date_gmt":"2023-08-23T12:10:28","guid":{"rendered":"https:\/\/blog.corretoraideal.com.br\/?p=51504"},"modified":"2023-08-23T12:10:28","modified_gmt":"2023-08-23T12:10:28","slug":"confira-as-vagas-de-emprego-disponiveis-esta-semana-em-campos-macae-e-itaperuna-norte-fluminense-g1-5","status":"publish","type":"post","link":"https:\/\/blog.corretoraideal.com.br\/index.php\/2023\/08\/23\/confira-as-vagas-de-emprego-disponiveis-esta-semana-em-campos-macae-e-itaperuna-norte-fluminense-g1-5\/","title":{"rendered":"Confira as vagas de emprego dispon\u00edveis esta semana em Campos, Maca\u00e9 e Itaperuna | Norte Fluminense | G1"},"content":{"rendered":"\n<p> As prefeituras de <a class href=\"https:\/\/g1.globo.com\/rj\/norte-fluminense\/cidade\/campos-dos-goytacazes\/\">Campos dos Goytacazes<\/a>, <a class href=\"https:\/\/g1.globo.com\/rj\/regiao-dos-lagos\/cidade\/macae\/\">Maca\u00e9<\/a> e <a class href=\"https:\/\/g1.globo.com\/rj\/norte-fluminense\/cidade\/itaperuna\/\">Itaperuna<\/a> divulgaram as vagas de emprego disponibilizadas para as regi\u00f5es Norte e Noroeste do Estado do Rio. <\/p>\n<p> As oportunidades s\u00e3o atualizadas diariamente e h\u00e1 vagas para todos os n\u00edveis de escolaridade. <\/p>\n<p> Em Campos, h\u00e1 vagas em diferentes \u00e1reas, entre elas: <\/p>\n<ul>\n<li>Operador de retroescavadeira <\/li>\n<li>Corretor de im\u00f3veis <\/li>\n<li>Atendente de farm\u00e1cia <\/li>\n<li>Auxiliar administrativo <\/li>\n<li>Manicure<\/li>\n<li>Motoboy<\/li>\n<li>Promotor de vendas<\/li>\n<\/ul>\n<p> Em Maca\u00e9, s\u00e3o oportunidades e algumas dessas vagas s\u00e3o para pessoas com defici\u00eancia (PCD) e outras como: <\/p>\n<ul>\n<li>Repositor<\/li>\n<li>Encanador<\/li>\n<li>Operador de retroescavadeira <\/li>\n<li>Motorista escolar <\/li>\n<li>Auxiliar administrativo (vaga PCD)<\/li>\n<li>Cozinheiro offshore <\/li>\n<li>Ajudante de cozinha offshore <\/li>\n<li>Taifeiro offshore <\/li>\n<li>Vendedor<\/li>\n<\/ul>\n<p> J\u00e1 em Itaperuna s\u00e3o cinco vagas. <\/p>\n<ul>\n<li>Motorista<\/li>\n<li>Operador de empilhadeira<\/li>\n<li>Ajudante de armaz\u00e9m <\/li>\n<li>Ajudante de distribui\u00e7\u00e3o <\/li>\n<li>Vaga para dom\u00e9stica &#8211; Foram divulgados os requisitos para essa vaga: Lavar, passar, cozinhar e cuidar da casa. Carga hor\u00e1ria: 8h as 17h, de segunda a sexta. Aos s\u00e1bados das 8h \u00e0s 12h. Sal\u00e1rio da categoria com carteira assinada. Casa com quatro pessoas, dois adultos e duas crian\u00e7as, e n\u00e3o tem animais de estima\u00e7\u00e3o .<\/li>\n<\/ul>\n<p> Os interessados nas oportunidades podem entrar em contato com os \u00f3rg\u00e3os atrav\u00e9s dos sites: <\/p>\n<ul>\n<li><strong>Em Maca\u00e9<\/strong> &#8211; <a class href=\"https:\/\/sistemas.macae.rj.gov.br:84\/trabalhoerenda\/index\/mural\" target=\"_blank\" rel=\"noopener noreferrer\">https:\/\/sistemas.macae.rj.gov.br:84\/trabalhoerenda\/index\/mural<\/a><\/li>\n<li><strong>Em Campos dos Goyatcazes<\/strong> &#8211; <a class href=\"https:\/\/sistemas.campos.rj.gov.br\/sgbemp\/vagas\" target=\"_blank\" rel=\"noopener noreferrer\">https:\/\/sistemas.campos.rj.gov.br\/sgbemp\/vagas<\/a><\/li>\n<li><strong>Em Itaperuna<\/strong> &#8211; Por meio do e-mail acessuastrabalhoitaperuna@gmail.com<\/li>\n<\/ul>\n<p> Lembrando que, em Itaperuna, quem n\u00e3o tem curr\u00edculo, pode comparecer pessoalmente ao Acessuas &#8211; Acesso ao Mundo do Trabalho, na Rua S\u00e3o Jos\u00e9, 104, no Centro de Itaperuna, munido com a identidade, CPF, comprovante de resid\u00eancia e carteira de trabalho (caso tenha), das 9h \u00e0s 16h, de segunda a sexta-feira. O local n\u00e3o fecha para almo\u00e7o. <\/p>\n<ul>\n<li> <a href=\"https:\/\/g1.globo.com\/rj\/norte-fluminense\/cidade\/campos-dos-goytacazes\/\" class=\"entities__list-itemLink\" data-track-click=\"Campos dos Goytacazes\"> Campos dos Goytacazes <\/a> <\/li>\n<li> <a href=\"https:\/\/g1.globo.com\/rj\/norte-fluminense\/cidade\/itaperuna\/\" class=\"entities__list-itemLink\" data-track-click=\"Itaperuna\"> Itaperuna <\/a> <\/li>\n<li> <a href=\"https:\/\/g1.globo.com\/rj\/regiao-dos-lagos\/cidade\/macae\/\" class=\"entities__list-itemLink\" data-track-click=\"Maca\u00e9\"> Maca\u00e9 <\/a> <\/li>\n<\/ul>\n","protected":false},"excerpt":{"rendered":"<p>As prefeituras de Campos dos Goytacazes, Maca\u00e9 e Itaperuna divulgaram as vagas de emprego disponibilizadas para as regi\u00f5es Norte e Noroeste do Estado do Rio. As oportunidades s\u00e3o atualizadas diariamente e h\u00e1 vagas para todos os n\u00edveis de escolaridade. Em Campos, h\u00e1 vagas em diferentes \u00e1reas, entre elas: Operador de retroescavadeira Corretor de im\u00f3veis Atendente [&hellip;]<\/p>\n","protected":false},"author":1,"featured_media":0,"comment_status":"closed","ping_status":"closed","sticky":false,"template":"","format":"standard","meta":{"footnotes":""},"categories":[],"tags":[],"class_list":["post-51504","post","type-post","status-publish","format-standard","hentry"],"_links":{"self":[{"href":"https:\/\/blog.corretoraideal.com.br\/index.php\/wp-json\/wp\/v2\/posts\/51504","targetHints":{"allow":["GET"]}}],"collection":[{"href":"https:\/\/blog.corretoraideal.com.br\/index.php\/wp-json\/wp\/v2\/posts"}],"about":[{"href":"https:\/\/blog.corretoraideal.com.br\/index.php\/wp-json\/wp\/v2\/types\/post"}],"author":[{"embeddable":true,"href":"https:\/\/blog.corretoraideal.com.br\/index.php\/wp-json\/wp\/v2\/users\/1"}],"replies":[{"embeddable":true,"href":"https:\/\/blog.corretoraideal.com.br\/index.php\/wp-json\/wp\/v2\/comments?post=51504"}],"version-history":[{"count":1,"href":"https:\/\/blog.corretoraideal.com.br\/index.php\/wp-json\/wp\/v2\/posts\/51504\/revisions"}],"predecessor-version":[{"id":51506,"href":"https:\/\/blog.corretoraideal.com.br\/index.php\/wp-json\/wp\/v2\/posts\/51504\/revisions\/51506"}],"wp:attachment":[{"href":"https:\/\/blog.corretoraideal.com.br\/index.php\/wp-json\/wp\/v2\/media?parent=51504"}],"wp:term":[{"taxonomy":"category","embeddable":true,"href":"https:\/\/blog.corretoraideal.com.br\/index.php\/wp-json\/wp\/v2\/categories?post=51504"},{"taxonomy":"post_tag","embeddable":true,"href":"https:\/\/blog.corretoraideal.com.br\/index.php\/wp-json\/wp\/v2\/tags?post=51504"}],"curies":[{"name":"wp","href":"https:\/\/api.w.org\/{rel}","templated":true}]}}