{"id":51512,"date":"2023-08-23T13:40:03","date_gmt":"2023-08-23T13:40:03","guid":{"rendered":"https:\/\/blog.corretoraideal.com.br\/?p=51512"},"modified":"2023-08-23T13:40:03","modified_gmt":"2023-08-23T13:40:03","slug":"ibovespa-abre-em-alta-apos-aprovacao-do-novo-arcabouco-fiscal-economia-g1","status":"publish","type":"post","link":"https:\/\/blog.corretoraideal.com.br\/index.php\/2023\/08\/23\/ibovespa-abre-em-alta-apos-aprovacao-do-novo-arcabouco-fiscal-economia-g1\/","title":{"rendered":"Ibovespa abre em alta ap\u00f3s aprova\u00e7\u00e3o do novo arcabou\u00e7o fiscal | Economia | G1"},"content":{"rendered":"<p>      1 de 1&#013;Ibovespa opera em alta nesta quarta-feira. \u2014 Foto: Pixabay    <\/p>\n<p> Ibovespa opera em alta nesta quarta-feira. \u2014 Foto: Pixabay <\/p>\n<p> O <a class href=\"https:\/\/g1.globo.com\/tudo-sobre\/ibovespa\/\">Ibovespa<\/a>, principal \u00edndice da bolsa de valores de S\u00e3o Paulo, a <a class href=\"https:\/\/g1.globo.com\/tudo-sobre\/bmf-bovespa\/\">B3<\/a>, abriu em alta nesta quarta-feira (23), mais uma vez acompanhando o otimismo do exterior e com os investidores repercutindo a <a class href=\"https:\/\/g1.globo.com\/politica\/noticia\/2023\/08\/22\/camara-aprova-texto-base-do-arcabouco-fiscal-e-deixa-de-fora-regra-defendida-pelo-governo.ghtml\">aprova\u00e7\u00e3o do novo arcabou\u00e7o fiscal aqui no Brasil.<\/a> <\/p>\n<p> \u00c0s 10h30, o \u00edndice subia 0,62%, aos 116.875 pontos. <a class href=\"https:\/\/valor.globo.com\/valor-data\/\">Veja mais cota\u00e7\u00f5es<\/a>. <\/p>\n<p> No dia anterior, o Ibovespa fechou em baixa de 1,51%, aos 116.156 pontos. Com o resultado, o \u00edndice passou a acumular: <\/p>\n<ul>\n<li><strong>altas de 0,64% na semana e de 5,85% no ano;<\/strong><\/li>\n<li><strong>queda de 4,75% no ano.<\/strong><\/li>\n<\/ul>\n<p> No mercado cambial, <a class href=\"https:\/\/g1.globo.com\/economia\/noticia\/2023\/08\/22\/dolar.ghtml\">o d\u00f3lar fechou em queda de 0,76%, cotado a R$ 4,9401<\/a>. <\/p>\n<p><h2><strong>O que est\u00e1 mexendo com os mercados?<\/strong><\/h2>\n<\/p>\n<p> A aprova\u00e7\u00e3o do texto final do novo arcabou\u00e7o fiscal \u00e9 o principal destaque do preg\u00e3o de hoje no Brasil. A proposta j\u00e1 havia sido aprovada pela C\u00e2mara dos Deputados e seguiu para vota\u00e7\u00e3o no Senado Federal, onde o texto tamb\u00e9m foi aprovado, mas com algumas mudan\u00e7as. <\/p>\n<p> Por conta dessas mudan\u00e7as, o projeto teve de voltar para a C\u00e2mara, onde foi aprovado em uma vota\u00e7\u00e3o dividida em duas partes, cada uma focada em um ponto diferentes. <\/p>\n<p> Na primeira etapa, os deputados votaram e aprovaram, por 379 votos a favor e 64 contra, a isen\u00e7\u00e3o do Fundo de Manuten\u00e7\u00e3o e Desenvolvimento da Educa\u00e7\u00e3o B\u00e1sica (Fundeb) e o Fundo Constitucional do Distrito Federal de seguir o arcabou\u00e7o. Ou seja, esses fundos n\u00e3o precisar\u00e3o estar limitados \u00e0s novas regras de gastos. <\/p>\n<p> J\u00e1 na segunda parte, os deputados derrubaram, por 423 votos a favor da rejei\u00e7\u00e3o e 19 contra, um artigo proposto pelo Senado que permitia ao governo enviar, na proposta de Or\u00e7amento de 2024, o valor das despesas considerando a proje\u00e7\u00e3o da infla\u00e7\u00e3o at\u00e9 o fim do ano. <\/p>\n<p> O l\u00edder do governo na C\u00e2mara, Jos\u00e9 Guimar\u00e3es, no entanto, defendeu a retirada do artigo para honrar um acordo com l\u00edderes partid\u00e1rios. Na pr\u00e1tica, isso abriria um espa\u00e7o fiscal de at\u00e9 R$ 40 bilh\u00f5es para o Executivo gastar no pr\u00f3ximo ano. Essas despesas, contudo, estariam condicionadas, ou seja, precisariam ser aprovadas pelo Congresso. <\/p>\n<p> Agora, o texto segue para san\u00e7\u00e3o presidencial. <\/p>\n<p> O mercado recebe positivamente a aprova\u00e7\u00e3o do novo arcabou\u00e7o porque a indefini\u00e7\u00e3o sobre os gastos p\u00fablicos \u00e9 um dos fatores que mais pesam contra os investimentos no Brasil. Agora, a expectativa \u00e9 que tudo ocorra de forma mais previs\u00edvel e guiada pelas novas regras fiscais. <\/p>\n<p> Al\u00e9m disso, investidores tamb\u00e9m aguardam, em n\u00edvel internacional, a divulga\u00e7\u00e3o do balan\u00e7o corporativo do segundo trimestre da Nvidia, empresa de tecnologia bastante ligada \u00e0 intelig\u00eancia artificial. <\/p>\n<p> As expectativas s\u00e3o de que a companhia tenha registrado \u00f3timos n\u00fameros no \u00faltimo trimestre, ajudando a impulsionar todo o setor de tecnologia &#8211; o que acrescenta bom humor aos mercados e ameniza, pelo menos no curto prazo, parte da avers\u00e3o aos riscos causadas pelas proje\u00e7\u00f5es de que os <a class href=\"https:\/\/g1.globo.com\/tudo-sobre\/estados-unidos\/\">Estados Unidos<\/a> possam passar por um per\u00edodo de recess\u00e3o econ\u00f4mica. <\/p>\n<p> De todo modo, a trajet\u00f3ria dos juros americanos tamb\u00e9m segue no radar, principalmente com a aproxima\u00e7\u00e3o do Simp\u00f3sio de Jackson Hole, evento onde as principais autoridades se re\u00fanem para tratar sobre os rumos da maior economia do mundo. <\/p>\n<ul>\n<li> <a href=\"https:\/\/g1.globo.com\/tudo-sobre\/bmf-bovespa\/\" class=\"entities__list-itemLink\" data-track-click=\"B3\"> B3 <\/a> <\/li>\n<li> <a href=\"https:\/\/g1.globo.com\/tudo-sobre\/banco-central-do-brasil\/\" class=\"entities__list-itemLink\" data-track-click=\"Banco Central do Brasil\"> Banco Central do Brasil <\/a> <\/li>\n<li> <a href=\"https:\/\/g1.globo.com\/tudo-sobre\/copom\/\" class=\"entities__list-itemLink\" data-track-click=\"Copom\"> Copom <\/a> <\/li>\n<li> <a href=\"https:\/\/g1.globo.com\/tudo-sobre\/estados-unidos\/\" class=\"entities__list-itemLink\" data-track-click=\"Estados Unidos\"> Estados Unidos <\/a> <\/li>\n<li> <a href=\"https:\/\/g1.globo.com\/tudo-sobre\/fed\/\" class=\"entities__list-itemLink\" data-track-click=\"FED\"> FED <\/a> <\/li>\n<li> <a href=\"https:\/\/g1.globo.com\/tudo-sobre\/ibge\/\" class=\"entities__list-itemLink\" data-track-click=\"IBGE\"> IBGE <\/a> <\/li>\n<li> <a href=\"https:\/\/g1.globo.com\/tudo-sobre\/ipca\/\" class=\"entities__list-itemLink\" data-track-click=\"IPCA\"> IPCA <\/a> <\/li>\n<li> <a href=\"https:\/\/g1.globo.com\/tudo-sobre\/ibovespa\/\" class=\"entities__list-itemLink\" data-track-click=\"Ibovespa\"> Ibovespa <\/a> <\/li>\n<\/ul>\n<p>      Newsletter G1 Created with Sketch.                                                                                                                                       <\/p>\n<p>O que aconteceu hoje, diretamente no seu e-mail<\/p>\n<p>     As not\u00edcias que voc\u00ea n\u00e3o pode perder diretamente no seu e-mail.   Para se inscrever, entre ou crie uma Conta Globo gratuita.     <a id=\"subscribeButton\" class=\"newsletter-component__subscribe\" href=\"https:\/\/login.globo.com\/provisionamento\/6843\"> Inscreva-se e receba a newsletter <\/a>     <\/p>\n<p>Obrigado!<\/p>\n<p> Voc\u00ea acaba de se inscrever na newsletter Resumo do dia. <\/p>\n","protected":false},"excerpt":{"rendered":"<p>1 de 1&#013;Ibovespa opera em alta nesta quarta-feira. \u2014 Foto: Pixabay Ibovespa opera em alta nesta quarta-feira. \u2014 Foto: Pixabay O Ibovespa, principal \u00edndice da bolsa de valores de S\u00e3o Paulo, a B3, abriu em alta nesta quarta-feira (23), mais uma vez acompanhando o otimismo do exterior e com os investidores repercutindo a aprova\u00e7\u00e3o do [&hellip;]<\/p>\n","protected":false},"author":1,"featured_media":0,"comment_status":"closed","ping_status":"closed","sticky":false,"template":"","format":"standard","meta":{"footnotes":""},"categories":[],"tags":[],"class_list":["post-51512","post","type-post","status-publish","format-standard","hentry"],"_links":{"self":[{"href":"https:\/\/blog.corretoraideal.com.br\/index.php\/wp-json\/wp\/v2\/posts\/51512","targetHints":{"allow":["GET"]}}],"collection":[{"href":"https:\/\/blog.corretoraideal.com.br\/index.php\/wp-json\/wp\/v2\/posts"}],"about":[{"href":"https:\/\/blog.corretoraideal.com.br\/index.php\/wp-json\/wp\/v2\/types\/post"}],"author":[{"embeddable":true,"href":"https:\/\/blog.corretoraideal.com.br\/index.php\/wp-json\/wp\/v2\/users\/1"}],"replies":[{"embeddable":true,"href":"https:\/\/blog.corretoraideal.com.br\/index.php\/wp-json\/wp\/v2\/comments?post=51512"}],"version-history":[{"count":1,"href":"https:\/\/blog.corretoraideal.com.br\/index.php\/wp-json\/wp\/v2\/posts\/51512\/revisions"}],"predecessor-version":[{"id":51514,"href":"https:\/\/blog.corretoraideal.com.br\/index.php\/wp-json\/wp\/v2\/posts\/51512\/revisions\/51514"}],"wp:attachment":[{"href":"https:\/\/blog.corretoraideal.com.br\/index.php\/wp-json\/wp\/v2\/media?parent=51512"}],"wp:term":[{"taxonomy":"category","embeddable":true,"href":"https:\/\/blog.corretoraideal.com.br\/index.php\/wp-json\/wp\/v2\/categories?post=51512"},{"taxonomy":"post_tag","embeddable":true,"href":"https:\/\/blog.corretoraideal.com.br\/index.php\/wp-json\/wp\/v2\/tags?post=51512"}],"curies":[{"name":"wp","href":"https:\/\/api.w.org\/{rel}","templated":true}]}}