{"id":51515,"date":"2023-08-23T14:31:43","date_gmt":"2023-08-23T14:31:43","guid":{"rendered":"https:\/\/blog.corretoraideal.com.br\/?p=51515"},"modified":"2023-08-23T14:31:43","modified_gmt":"2023-08-23T14:31:43","slug":"india-na-lua-video-mostra-comemoracao-apos-pouso-na-superficie-lunar-inovacao-g1","status":"publish","type":"post","link":"https:\/\/blog.corretoraideal.com.br\/index.php\/2023\/08\/23\/india-na-lua-video-mostra-comemoracao-apos-pouso-na-superficie-lunar-inovacao-g1\/","title":{"rendered":"\u00cdndia na Lua: v\u00eddeo mostra comemora\u00e7\u00e3o ap\u00f3s pouso na superf\u00edcie lunar | Inova\u00e7\u00e3o | G1"},"content":{"rendered":"\n<ul>\n<li>\n<p> Nesta quarta (23), a \u00cdndia se tornou o 1\u00ba pa\u00eds a pousar no lado escuro da Lua, que fica no polo sul do sat\u00e9lite. <\/p>\n<\/li>\n<li>\n<p> O m\u00f3dulo foi lan\u00e7ado em 14 de julho e pousou na superf\u00edcie lunar por volta das 9h33 do dia 23 de agosto, hor\u00e1rio de Bras\u00edlia. <\/p>\n<\/li>\n<li>\n<p> \u00cdndia quer estudar a presen\u00e7a de \u00e1gua na Lua. <\/p>\n<\/li>\n<li>\n<p> Isso porque a primeira viagem espacial desse projeto, que ocorreu em 2008, detectou a presen\u00e7a de \u00e1gua na superf\u00edcie lunar. <\/p>\n<\/li>\n<\/ul>\n<p> Nesta quarta (23), a \u00cdndia se tornou o 1\u00ba pa\u00eds a pousar no lado escuro da Lua, que fica no polo sul do sat\u00e9lite. <\/p>\n<p> O m\u00f3dulo foi lan\u00e7ado em 14 de julho e pousou na superf\u00edcie lunar por volta das 9h33 do dia 23 de agosto, hor\u00e1rio de Bras\u00edlia. <\/p>\n<p> \u00cdndia quer estudar a presen\u00e7a de \u00e1gua na Lua. <\/p>\n<p> Isso porque a primeira viagem espacial desse projeto, que ocorreu em 2008, detectou a presen\u00e7a de \u00e1gua na superf\u00edcie lunar. <\/p>\n<p>                   <img loading=\"lazy\" decoding=\"async\" class=\"aligncenter size-full wp-image-51517\" src=\"https:\/\/blog.corretoraideal.com.br\/wp-content\/uploads\/2023\/08\/india-pousa-foguete-em-regiao-inexplorada-da-lua.jpeg\" alt=\"\u00cdndia pousa foguete em regi\u00e3o inexplorada da Lua\" width=\"800\" height=\"400\" \/>      <\/p>\n<p> \u00cdndia pousa foguete em regi\u00e3o inexplorada da Lua <\/p>\n<p> Em miss\u00e3o hist\u00f3rica, a \u00cdndia se tornou, nessa quarta-feira (23), o <a class href=\"https:\/\/g1.globo.com\/inovacao\/post\/2023\/08\/23\/india-foguete-lua.ghtml\"><strong>1\u00ba pa\u00eds a pousar no lado escuro da Lua<\/strong><\/a><strong>, regi\u00e3o inexplorada que fica no polo sul do sat\u00e9lite<\/strong>. <\/p>\n<ul>\n<li><a class href=\"https:\/\/g1.globo.com\/inovacao\/ao-vivo\/india-deve-pousar-modulo-em-regiao-inexplorada-da-lua-hoje.ghtml\"><strong>g1 <\/strong>acompanhou a miss\u00e3o ao vivo<\/a><\/li>\n<\/ul>\n<p> O <strong>V\u00cdDEO acima mostra a comemora\u00e7\u00e3o <\/strong>da equipe que acompanhava a miss\u00e3o Chandrayaan-3, assim que o m\u00f3dulo do pa\u00eds asi\u00e1tico pousou na Lua. <\/p>\n<p> Em transmiss\u00e3o ao vivo, os<strong> indianos exibiram uma representa\u00e7\u00e3o gr\u00e1fica da sonda descendo na Lua.<\/strong> <\/p>\n<p> O m\u00f3dulo foi lan\u00e7ado em 14 de julho e pousou na superf\u00edcie lunar por volta das 9h33 desta quarta, hor\u00e1rio de Bras\u00edlia. <\/p>\n<p>&quot;Este \u00e9 o momento para uma nova \u00cdndia em desenvolvimento&quot;, comemorou Narendra Modi, primeiro-ministro do pa\u00eds.<\/p>\n<p>         1 de 1&#013;Equipe que acompanhava a miss\u00e3o lunar da \u00cdndia comemorou pouso. \u2014 Foto: Reprodu\u00e7\u00e3o    <\/p>\n<p> Equipe que acompanhava a miss\u00e3o lunar da \u00cdndia comemorou pouso. \u2014 Foto: Reprodu\u00e7\u00e3o <\/p>\n<p><h2><strong>? \u00c1gua na lua<\/strong><\/h2>\n<\/p>\n<p> A superf\u00edcie lunar \u00e9 um terreno trai\u00e7oeiro com grandes crateras e encostas \u00edngremes, al\u00e9m de n\u00e3o receber luz solar, levando a temperaturas extremamente baixas, que chegam a -203\u00b0C, e tornando muito dif\u00edcil operar os equipamentos de explora\u00e7\u00e3o. Dessa forma, um pouso suave significa que o m\u00f3dulo n\u00e3o foi destru\u00eddo. <\/p>\n<p>A \u00cdndia busca explorar a Lua &#8211; com a miss\u00e3o chamada Chandrayaan-3 &#8211; porque a primeira viagem espacial desse projeto, que ocorreu em 2008, detectou a presen\u00e7a de \u00e1gua na superf\u00edcie lunar.<\/p>\n<p> &quot;Ainda <strong>precisamos de muito mais detalhes sobre onde e quanta \u00e1gua existe, e saber se toda ela est\u00e1 congelada<\/strong>&quot;, explica Akash Sinha, professor de rob\u00f3tica espacial na Universidade Shiv Nadar University, perto de Delhi, \u00e0 BBC. <\/p>\n<p> A explora\u00e7\u00e3o da superf\u00edcie das regi\u00f5es polares da Lua, compostas de rochas e solo, tamb\u00e9m pode dar respostas sobre a forma\u00e7\u00e3o do Sistema Solar. <\/p>\n<p><h2>Miss\u00f5es anteriores<\/h2>\n<\/p>\n<p> O objetivo do pa\u00eds se tornou explorar a Lua com o menor custo poss\u00edvel. Isso porque a <strong>segunda miss\u00e3o, que ocorreu em 2019 e deu errado (o foguete explodiu no pouso), custou US$ 140 milh\u00f5es, <\/strong>enquanto a desta manh\u00e3 foi de um pouco mais de US$ 80 milh\u00f5es.<strong> A primeira, em 2009, foi em torno de US$ 79 milh\u00f5es.<\/strong> <\/p>\n<p> O ex-presidente da Organiza\u00e7\u00e3o Indiana de Pesquisa Espacial K. Sivan disse que a viagem desta manh\u00e3 ser\u00e1 mais barata porque o m\u00f3dulo deve usar a atra\u00e7\u00e3o gravitacional da Lua para levar a nave \u00e0 \u00f3rbita lunar. <\/p>\n<p> Al\u00e9m disso, outro ponto que reduz o pre\u00e7o da opera\u00e7\u00e3o, segundo a BBC, \u00e9 que ao contr\u00e1rio da miss\u00e3o anterior, Chandrayaan-3 n\u00e3o inclui um novo orbitador \u2014 um sat\u00e9lite que fica em \u00f3rbita. Esta miss\u00e3o contar\u00e1 com o orbitador da miss\u00e3o Chandrayaan-2 para fornecer todas as comunica\u00e7\u00f5es entre o m\u00f3dulo de pouso, o rover e a sala de controle. <\/p>\n<ul> <\/ul>\n","protected":false},"excerpt":{"rendered":"<p>Nesta quarta (23), a \u00cdndia se tornou o 1\u00ba pa\u00eds a pousar no lado escuro da Lua, que fica no polo sul do sat\u00e9lite. O m\u00f3dulo foi lan\u00e7ado em 14 de julho e pousou na superf\u00edcie lunar por volta das 9h33 do dia 23 de agosto, hor\u00e1rio de Bras\u00edlia. \u00cdndia quer estudar a presen\u00e7a de [&hellip;]<\/p>\n","protected":false},"author":1,"featured_media":0,"comment_status":"closed","ping_status":"closed","sticky":false,"template":"","format":"standard","meta":{"footnotes":""},"categories":[],"tags":[],"class_list":["post-51515","post","type-post","status-publish","format-standard","hentry"],"_links":{"self":[{"href":"https:\/\/blog.corretoraideal.com.br\/index.php\/wp-json\/wp\/v2\/posts\/51515","targetHints":{"allow":["GET"]}}],"collection":[{"href":"https:\/\/blog.corretoraideal.com.br\/index.php\/wp-json\/wp\/v2\/posts"}],"about":[{"href":"https:\/\/blog.corretoraideal.com.br\/index.php\/wp-json\/wp\/v2\/types\/post"}],"author":[{"embeddable":true,"href":"https:\/\/blog.corretoraideal.com.br\/index.php\/wp-json\/wp\/v2\/users\/1"}],"replies":[{"embeddable":true,"href":"https:\/\/blog.corretoraideal.com.br\/index.php\/wp-json\/wp\/v2\/comments?post=51515"}],"version-history":[{"count":1,"href":"https:\/\/blog.corretoraideal.com.br\/index.php\/wp-json\/wp\/v2\/posts\/51515\/revisions"}],"predecessor-version":[{"id":51518,"href":"https:\/\/blog.corretoraideal.com.br\/index.php\/wp-json\/wp\/v2\/posts\/51515\/revisions\/51518"}],"wp:attachment":[{"href":"https:\/\/blog.corretoraideal.com.br\/index.php\/wp-json\/wp\/v2\/media?parent=51515"}],"wp:term":[{"taxonomy":"category","embeddable":true,"href":"https:\/\/blog.corretoraideal.com.br\/index.php\/wp-json\/wp\/v2\/categories?post=51515"},{"taxonomy":"post_tag","embeddable":true,"href":"https:\/\/blog.corretoraideal.com.br\/index.php\/wp-json\/wp\/v2\/tags?post=51515"}],"curies":[{"name":"wp","href":"https:\/\/api.w.org\/{rel}","templated":true}]}}