{"id":51530,"date":"2023-08-23T17:59:56","date_gmt":"2023-08-23T17:59:56","guid":{"rendered":"https:\/\/blog.corretoraideal.com.br\/?p=51530"},"modified":"2023-08-23T17:59:56","modified_gmt":"2023-08-23T17:59:56","slug":"familia-tem-prejuizo-de-r-25-mil-apos-suspensao-de-pacote-promo-da-123-milhas-primeira-viagem-internacional-do-meu-filho-caruaru-e-regiao-g1","status":"publish","type":"post","link":"https:\/\/blog.corretoraideal.com.br\/index.php\/2023\/08\/23\/familia-tem-prejuizo-de-r-25-mil-apos-suspensao-de-pacote-promo-da-123-milhas-primeira-viagem-internacional-do-meu-filho-caruaru-e-regiao-g1\/","title":{"rendered":"Fam\u00edlia tem preju\u00edzo de R$ 25 mil ap\u00f3s suspens\u00e3o de pacote promo da 123 Milhas: &#039;primeira viagem internacional do meu filho&#039; | Caruaru e Regi\u00e3o | G1"},"content":{"rendered":"<p>      1 de 3&#013;Thamyris, Jos\u00e9 Guilherme e Paulo compraram pacotes promo da 123 Milhas e processam a empresa por danos morais por cancelamento \u2014 Foto: Reprodu\u00e7\u00e3o\/Arquivo pessoal    <\/p>\n<p> Thamyris, Jos\u00e9 Guilherme e Paulo compraram pacotes promo da 123 Milhas e processam a empresa por danos morais por cancelamento \u2014 Foto: Reprodu\u00e7\u00e3o\/Arquivo pessoal <\/p>\n<p> <strong>Thamyris<\/strong>, <strong>Paulo<\/strong> e o pequeno <strong>Jos\u00e9 Guilherme<\/strong>, de <a class href=\"https:\/\/g1.globo.com\/pe\/caruaru-regiao\/cidade\/caruaru\/\">Caruaru<\/a>, tem viagem com data marcada para os Estados Unidos no m\u00eas de outubro. Esta vai ser a primeira viagem internacional de Guilherme, que tem um ano e tr\u00eas meses de idade, mas a fam\u00edlia teve um preju\u00edzo estimado em R$ 25 mil reais depois que a <strong>123 Milhas<\/strong> anunciou <a class href=\"https:\/\/g1.globo.com\/economia\/noticia\/2023\/08\/18\/agencia-de-viagens-123-milhas-suspende-pacotes-e-emissao-de-passagens-promocionais.ghtml\">a suspens\u00e3o dos pacotes Promo v\u00e1lidos de setembro a dezembro de 2023<\/a>. <\/p>\n<p> A fam\u00edlia comprou o pacote promocional de passagens a\u00e9reas em janeiro de 2023 depois de pesquisar e realizar cota\u00e7\u00f5es dos pre\u00e7os. Na 123 Milhas, o pre\u00e7o ofertado era quase metade do que o que foi cotado em outros lugares. <\/p>\n<p> ? <a class href=\"https:\/\/chat.whatsapp.com\/KcJfJpsATqY44S3fEGseuF\" target=\"_blank\" rel=\"noopener noreferrer\">Receba no WhatsApp not\u00edcias de Caruaru e regi\u00e3o<\/a> <\/p>\n<p> Ent\u00e3o, eles compraram um pacote de<strong> R$ 7.336,56<\/strong>, com as taxas, e come\u00e7aram a organizar a viagem, que inclui um investimento de R$ 4 mil em ingressos nos parques tem\u00e1ticos de Orlando al\u00e9m de outros gastos adicionais. <\/p>\n<p>         2 de 3&#013;Pacotes de fam\u00edlia de Caruaru foram comprados na 123 Milhas \u2014 Foto: Reprodu\u00e7\u00e3o\/Arquivo pessoal    <\/p>\n<p> Pacotes de fam\u00edlia de Caruaru foram comprados na 123 Milhas \u2014 Foto: Reprodu\u00e7\u00e3o\/Arquivo pessoal <\/p>\n<p>&quot;Antes de comprar, vi v\u00e1rias pessoas recomendando, inclusive v\u00e1rias pessoas que eu conhe\u00e7o e que j\u00e1 viajaram com esses pacotes promocionais, ent\u00e3o confiei. Ser\u00e1 a primeira viagem internacional do meu filho&quot;, contou Thamyris Chaves. <\/p>\n<p> Para n\u00e3o ter um preju\u00edzo ainda maior, a maquiadora disse que a fam\u00edlia teve que desembolsar R$ 16 mil reais em passagens a\u00e9reas para conseguir viajar na data planejada. Isso porque, mesmo com <a class href=\"https:\/\/g1.globo.com\/economia\/noticia\/2023\/08\/18\/agencia-de-viagens-123-milhas-suspende-pacotes-e-emissao-de-passagens-promocionais.ghtml\">a promessa da empresa de fazer o estorno do pre\u00e7o pago em voucher para outras compras<\/a>, com corre\u00e7\u00e3o dos valores, n\u00e3o seria o suficiente para comprar novas passagens a\u00e9reas para o destino. <\/p>\n<p> &quot;Pra n\u00e3o perder a viagem, tivemos que investir em novas passagens. Eles ofereceram voucher com corre\u00e7\u00e3o pra uma nova compra no site deles. Mas, quando fui or\u00e7ar o voo para a data que a gente quer, o valor n\u00e3o era suficiente. E tamb\u00e9m se a gente fosse cancelar a viagem teria um preju\u00edzo maior&quot;, explicou a maquiadora. <\/p>\n<p><h2>O que fazer em casos assim?<\/h2>\n<\/p>\n<p> A fam\u00edlia decidiu entrar com uma causa na Justi\u00e7a por danos morais e materiais. O advogado <strong>Alexsandro Bezerra <\/strong>explicou ao <strong>g1<\/strong> o que pode ser feito por clientes que se sentiram lesados com a suspens\u00e3o dos pacotes da 123 Milhas: <\/p>\n<p> <strong>Qual \u00e9 o primeiro passo?<\/strong> <\/p>\n<p> O primeiro passo para clientes que se encontram nessa situa\u00e7\u00e3o \u00e9 registrar uma reclama\u00e7\u00e3o no site <a class href=\"https:\/\/consumidor.gov.br\/pages\/principal\/?1692640572187\" target=\"_blank\" rel=\"noopener noreferrer\">consumidor.gov.br<\/a>, relatando o ocorrido e procurar um advogado. O consumidor n\u00e3o \u00e9 obrigado a aceitar nenhum tipo de voucher ou cr\u00e9dito, como a 123 Milhas vem oferecendo. Nesse caso, conforme o C\u00f3digo de Defesa do Consumidor, o cliente poder\u00e1 exigir conforme sua escolha o cumprimento for\u00e7ado do contrato, com a emiss\u00e3o das passagens ou a devolu\u00e7\u00e3o do valor pago. <\/p>\n<p> <strong>O que \u00e9 a chamada \u201ctutela de urg\u00eancia\u201d? Ela pode ser uma solu\u00e7\u00e3o?<\/strong> <\/p>\n<p> Para que o contrato seja cumprido, o cliente pode recorrer ao judici\u00e1rio e por meio de uma a\u00e7\u00e3o judicial, com pedido de tutela de urg\u00eancia. O Juiz, deferindo esse pedido, a 123 Milhas ser\u00e1 for\u00e7ada ao cumprimento do contrato. Lembrando que ainda nessa a\u00e7\u00e3o o cliente poder\u00e1 exigir danos morais e materiais, para reaver os preju\u00edzos ocasionados, como hotel cancelado, aluguel de ve\u00edculos pago. <\/p>\n<p> <strong>Quais s\u00e3o as obriga\u00e7\u00f5es da empresa nessa situa\u00e7\u00e3o? Ela tem algum prazo para cumprir com o reembolso ou enviar o voucher prometido aos clientes?<\/strong> <\/p>\n<p> A 123 Milhas \u00e9 obrigada, como fornecedora a cumprir com aquilo que foi ofertado aos seus clientes, isso \u00e9 garantido por lei aos consumidores, conforme o artigo 30 do C\u00f3digo de Defesa do Consumidor. Assim, diferente da \u00fanica op\u00e7\u00e3o ofertada pela 123 milhas, o cliente pode escolher entre voucher, devolu\u00e7\u00e3o dos valores ou o cumprimento for\u00e7ado do contrato, esse \u00faltimo por meio de a\u00e7\u00e3o judicial com o pedido tutela de urg\u00eancia, para o cumprimento for\u00e7ado do contrato e emiss\u00e3o das passagens. <\/p>\n<p><h2>O que diz a 123 Milhas?<\/h2>\n<\/p>\n<p>         3 de 3&#013;Ag\u00eancia de viagens 123 Milhas suspende pacotes e emiss\u00e3o de passagens promocionais. \u2014 Foto: Reprodu\u00e7\u00e3o    <\/p>\n<p> Ag\u00eancia de viagens 123 Milhas suspende pacotes e emiss\u00e3o de passagens promocionais. \u2014 Foto: Reprodu\u00e7\u00e3o <\/p>\n<p> Na \u00faltima sexta-feira (18), a ag\u00eancia de viagens 123 Milhas <a class href=\"https:\/\/g1.globo.com\/economia\/noticia\/2023\/08\/18\/agencia-de-viagens-123-milhas-suspende-pacotes-e-emissao-de-passagens-promocionais.ghtml\">anunciou a suspens\u00e3o dos pacotes e a emiss\u00e3o de passagens de sua linha promocional<\/a>. A medida afetar\u00e1 viagens j\u00e1 contratadas da linha &quot;Promo&quot;, de datas flex\u00edveis, com embarques previstos de setembro a dezembro de 2023. <\/p>\n<p> &quot;Devido \u00e0 persist\u00eancia de circunst\u00e2ncias de mercado adversas, alheias \u00e0 nossa vontade, a linha PROMO foi suspensa temporariamente e n\u00e3o emitiremos as passagens com embarque previsto de setembro a dezembro de 2023&quot;, diz comunicado publicado no site da empresa. <\/p>\n<p> A companhia informou que est\u00e1 devolvendo integralmente os valores pagos pelos clientes. A devolu\u00e7\u00e3o ser\u00e1 feita em &quot;vouchers acrescidos de corre\u00e7\u00e3o monet\u00e1ria de 150% do CDI, acima da infla\u00e7\u00e3o e dos juros de mercado, para compra de quaisquer passagens, hot\u00e9is e pacotes&quot;. <\/p>\n<p>       <a href=\"https:\/\/g1.globo.com\/pe\/caruaru-regiao\/edicao\/2021\/02\/08\/videos-tudo-sobre-caruaru-e-regiao.ghtml\">    50 v\u00eddeos      <\/a>   <\/p>\n<ul>\n<li> <a href=\"https:\/\/g1.globo.com\/pe\/caruaru-regiao\/cidade\/caruaru\/\" class=\"entities__list-itemLink\" data-track-click=\"Caruaru\"> Caruaru <\/a> <\/li>\n<\/ul>\n","protected":false},"excerpt":{"rendered":"<p>1 de 3&#013;Thamyris, Jos\u00e9 Guilherme e Paulo compraram pacotes promo da 123 Milhas e processam a empresa por danos morais por cancelamento \u2014 Foto: Reprodu\u00e7\u00e3o\/Arquivo pessoal Thamyris, Jos\u00e9 Guilherme e Paulo compraram pacotes promo da 123 Milhas e processam a empresa por danos morais por cancelamento \u2014 Foto: Reprodu\u00e7\u00e3o\/Arquivo pessoal Thamyris, Paulo e o pequeno [&hellip;]<\/p>\n","protected":false},"author":1,"featured_media":0,"comment_status":"closed","ping_status":"closed","sticky":false,"template":"","format":"standard","meta":{"footnotes":""},"categories":[],"tags":[],"class_list":["post-51530","post","type-post","status-publish","format-standard","hentry"],"_links":{"self":[{"href":"https:\/\/blog.corretoraideal.com.br\/index.php\/wp-json\/wp\/v2\/posts\/51530","targetHints":{"allow":["GET"]}}],"collection":[{"href":"https:\/\/blog.corretoraideal.com.br\/index.php\/wp-json\/wp\/v2\/posts"}],"about":[{"href":"https:\/\/blog.corretoraideal.com.br\/index.php\/wp-json\/wp\/v2\/types\/post"}],"author":[{"embeddable":true,"href":"https:\/\/blog.corretoraideal.com.br\/index.php\/wp-json\/wp\/v2\/users\/1"}],"replies":[{"embeddable":true,"href":"https:\/\/blog.corretoraideal.com.br\/index.php\/wp-json\/wp\/v2\/comments?post=51530"}],"version-history":[{"count":1,"href":"https:\/\/blog.corretoraideal.com.br\/index.php\/wp-json\/wp\/v2\/posts\/51530\/revisions"}],"predecessor-version":[{"id":51532,"href":"https:\/\/blog.corretoraideal.com.br\/index.php\/wp-json\/wp\/v2\/posts\/51530\/revisions\/51532"}],"wp:attachment":[{"href":"https:\/\/blog.corretoraideal.com.br\/index.php\/wp-json\/wp\/v2\/media?parent=51530"}],"wp:term":[{"taxonomy":"category","embeddable":true,"href":"https:\/\/blog.corretoraideal.com.br\/index.php\/wp-json\/wp\/v2\/categories?post=51530"},{"taxonomy":"post_tag","embeddable":true,"href":"https:\/\/blog.corretoraideal.com.br\/index.php\/wp-json\/wp\/v2\/tags?post=51530"}],"curies":[{"name":"wp","href":"https:\/\/api.w.org\/{rel}","templated":true}]}}