{"id":51533,"date":"2023-08-23T18:52:05","date_gmt":"2023-08-23T18:52:05","guid":{"rendered":"https:\/\/blog.corretoraideal.com.br\/?p=51533"},"modified":"2023-08-23T18:52:05","modified_gmt":"2023-08-23T18:52:05","slug":"comissao-do-senado-aprova-projeto-que-restabelece-regra-pro-governo-em-julgamentos-no-carf-politica-g1","status":"publish","type":"post","link":"https:\/\/blog.corretoraideal.com.br\/index.php\/2023\/08\/23\/comissao-do-senado-aprova-projeto-que-restabelece-regra-pro-governo-em-julgamentos-no-carf-politica-g1\/","title":{"rendered":"Comiss\u00e3o do Senado aprova projeto que restabelece regra pr\u00f3-governo em julgamentos no Carf | Pol\u00edtica | G1"},"content":{"rendered":"\n<p> A Comiss\u00e3o de Assuntos Econ\u00f4micos do Senado aprovou nesta quarta-feira (23) o projeto que restabelece uma regra pr\u00f3-governo em julgamentos do Conselho Administrativo de Recursos Fiscais (Carf). <\/p>\n<p> O Carf julga disputas entre contribuintes e o Fisco. O projeto retoma o chamado \u201cvoto de qualidade\u201d nos julgamentos do \u00f3rg\u00e3o, vinculado ao Minist\u00e9rio da Fazenda. <\/p>\n<p> O mecanismo estabelece que, em casos de empate, o presidente do colegiado deve desempatar. Como o cargo \u00e9 reservado a um representante da Fazenda Nacional, em tese, ser\u00e1 beneficiado o Fisco. <\/p>\n<p> O fim do chamado voto de qualidade foi aprovado em 2020 na MP do Contribuinte Legal, e passou a favorecer o contribuinte em caso de empate. <\/p>\n<p> As mudan\u00e7as nas regras s\u00e3o uma parte central do pacote da \u00e1rea econ\u00f4mica para conseguir contornar a previs\u00e3o de d\u00e9ficit p\u00fablico neste ano, de R$ 231,5 bilh\u00f5es. <\/p>\n<p> Pelas contas da equipe econ\u00f4mica, o governo federal poderia arrecadar at\u00e9 R$ 50 bilh\u00f5es com as altera\u00e7\u00f5es originalmente propostas no projeto \u2014 uma arrecada\u00e7\u00e3o tida como primordial em meio \u00e0 nova regra fiscal, que atrela o aumento de despesas ao aumento de arrecada\u00e7\u00e3o. <\/p>\n<ul> <\/ul>\n","protected":false},"excerpt":{"rendered":"<p>A Comiss\u00e3o de Assuntos Econ\u00f4micos do Senado aprovou nesta quarta-feira (23) o projeto que restabelece uma regra pr\u00f3-governo em julgamentos do Conselho Administrativo de Recursos Fiscais (Carf). O Carf julga disputas entre contribuintes e o Fisco. O projeto retoma o chamado \u201cvoto de qualidade\u201d nos julgamentos do \u00f3rg\u00e3o, vinculado ao Minist\u00e9rio da Fazenda. O mecanismo [&hellip;]<\/p>\n","protected":false},"author":1,"featured_media":0,"comment_status":"closed","ping_status":"closed","sticky":false,"template":"","format":"standard","meta":{"footnotes":""},"categories":[],"tags":[],"class_list":["post-51533","post","type-post","status-publish","format-standard","hentry"],"_links":{"self":[{"href":"https:\/\/blog.corretoraideal.com.br\/index.php\/wp-json\/wp\/v2\/posts\/51533","targetHints":{"allow":["GET"]}}],"collection":[{"href":"https:\/\/blog.corretoraideal.com.br\/index.php\/wp-json\/wp\/v2\/posts"}],"about":[{"href":"https:\/\/blog.corretoraideal.com.br\/index.php\/wp-json\/wp\/v2\/types\/post"}],"author":[{"embeddable":true,"href":"https:\/\/blog.corretoraideal.com.br\/index.php\/wp-json\/wp\/v2\/users\/1"}],"replies":[{"embeddable":true,"href":"https:\/\/blog.corretoraideal.com.br\/index.php\/wp-json\/wp\/v2\/comments?post=51533"}],"version-history":[{"count":1,"href":"https:\/\/blog.corretoraideal.com.br\/index.php\/wp-json\/wp\/v2\/posts\/51533\/revisions"}],"predecessor-version":[{"id":51535,"href":"https:\/\/blog.corretoraideal.com.br\/index.php\/wp-json\/wp\/v2\/posts\/51533\/revisions\/51535"}],"wp:attachment":[{"href":"https:\/\/blog.corretoraideal.com.br\/index.php\/wp-json\/wp\/v2\/media?parent=51533"}],"wp:term":[{"taxonomy":"category","embeddable":true,"href":"https:\/\/blog.corretoraideal.com.br\/index.php\/wp-json\/wp\/v2\/categories?post=51533"},{"taxonomy":"post_tag","embeddable":true,"href":"https:\/\/blog.corretoraideal.com.br\/index.php\/wp-json\/wp\/v2\/tags?post=51533"}],"curies":[{"name":"wp","href":"https:\/\/api.w.org\/{rel}","templated":true}]}}