{"id":51540,"date":"2023-08-23T22:25:48","date_gmt":"2023-08-23T22:25:48","guid":{"rendered":"https:\/\/blog.corretoraideal.com.br\/?p=51540"},"modified":"2023-08-23T22:25:48","modified_gmt":"2023-08-23T22:25:48","slug":"morador-de-porciuncula-que-foi-vitima-de-incendio-esta-internado-em-estado-grave-no-rio-norte-fluminense-g1","status":"publish","type":"post","link":"https:\/\/blog.corretoraideal.com.br\/index.php\/2023\/08\/23\/morador-de-porciuncula-que-foi-vitima-de-incendio-esta-internado-em-estado-grave-no-rio-norte-fluminense-g1\/","title":{"rendered":"Morador de Porci\u00fancula que foi v\u00edtima de inc\u00eandio est\u00e1 internado em estado grave no Rio | Norte Fluminense | G1"},"content":{"rendered":"<p>      1 de 1&#013;Idoso ferido em inc\u00eandio em Porci\u00fancula foi transferido de helic\u00f3ptero para hospital especializado na Baixada do Rio \u2014 Foto: Secretaria de Sa\u00fade de Porci\u00fancula    <\/p>\n<p> Idoso ferido em inc\u00eandio em Porci\u00fancula foi transferido de helic\u00f3ptero para hospital especializado na Baixada do Rio \u2014 Foto: Secretaria de Sa\u00fade de Porci\u00fancula <\/p>\n<p> Um homem de 72 anos ficou ferido depois de um inc\u00eandio em um galp\u00e3o em <a class href=\"https:\/\/g1.globo.com\/rj\/norte-fluminense\/cidade\/porciuncula\/\">Porci\u00fancula<\/a>, no Noroeste Fluminense, nesta ter\u00e7a-feira (22). Ele segue internado em est\u00e1 grave em um hospital de refer\u00eancia em tratamento de queimados na Baixada Fluminense. <\/p>\n<p> De acordo com informa\u00e7\u00f5es obtidas pela pol\u00edcia, moradores disseram que a v\u00edtima ficou em cima do telhado quando o local come\u00e7ou a pegar fogo. <\/p>\n<p> O senhor foi socorrido pela equipe de resgate do munic\u00edpio com queimaduras e levado at\u00e9 a Unidade Mista de Sa\u00fade de Porci\u00fancula. <\/p>\n<p> O <strong>g1 <\/strong>fez contato com a Secretaria Municipal de Sa\u00fade que informou que devido \u00e0 gravidade, a v\u00edtima foi transferida no helic\u00f3ptero do Corpo de Bombeiros imediatamente para o hospital de queimados, no Rio de Janeiro em estado grave. <\/p>\n<p> Bombeiros tiveram dificuldade de conter as chamas. Foi feito um trabalho de rescaldo para saber se as estruturas dos im\u00f3veis ao redor ficaram com preju\u00edzos. O resultado das a\u00e7\u00f5es ainda n\u00e3o foi divulgado. <\/p>\n<ul>\n<li> <a href=\"https:\/\/g1.globo.com\/rj\/norte-fluminense\/cidade\/porciuncula\/\" class=\"entities__list-itemLink\" data-track-click=\"Porci\u00fancula\"> Porci\u00fancula <\/a> <\/li>\n<\/ul>\n","protected":false},"excerpt":{"rendered":"<p>1 de 1&#013;Idoso ferido em inc\u00eandio em Porci\u00fancula foi transferido de helic\u00f3ptero para hospital especializado na Baixada do Rio \u2014 Foto: Secretaria de Sa\u00fade de Porci\u00fancula Idoso ferido em inc\u00eandio em Porci\u00fancula foi transferido de helic\u00f3ptero para hospital especializado na Baixada do Rio \u2014 Foto: Secretaria de Sa\u00fade de Porci\u00fancula Um homem de 72 anos [&hellip;]<\/p>\n","protected":false},"author":1,"featured_media":0,"comment_status":"closed","ping_status":"closed","sticky":false,"template":"","format":"standard","meta":{"footnotes":""},"categories":[],"tags":[],"class_list":["post-51540","post","type-post","status-publish","format-standard","hentry"],"_links":{"self":[{"href":"https:\/\/blog.corretoraideal.com.br\/index.php\/wp-json\/wp\/v2\/posts\/51540","targetHints":{"allow":["GET"]}}],"collection":[{"href":"https:\/\/blog.corretoraideal.com.br\/index.php\/wp-json\/wp\/v2\/posts"}],"about":[{"href":"https:\/\/blog.corretoraideal.com.br\/index.php\/wp-json\/wp\/v2\/types\/post"}],"author":[{"embeddable":true,"href":"https:\/\/blog.corretoraideal.com.br\/index.php\/wp-json\/wp\/v2\/users\/1"}],"replies":[{"embeddable":true,"href":"https:\/\/blog.corretoraideal.com.br\/index.php\/wp-json\/wp\/v2\/comments?post=51540"}],"version-history":[{"count":1,"href":"https:\/\/blog.corretoraideal.com.br\/index.php\/wp-json\/wp\/v2\/posts\/51540\/revisions"}],"predecessor-version":[{"id":51542,"href":"https:\/\/blog.corretoraideal.com.br\/index.php\/wp-json\/wp\/v2\/posts\/51540\/revisions\/51542"}],"wp:attachment":[{"href":"https:\/\/blog.corretoraideal.com.br\/index.php\/wp-json\/wp\/v2\/media?parent=51540"}],"wp:term":[{"taxonomy":"category","embeddable":true,"href":"https:\/\/blog.corretoraideal.com.br\/index.php\/wp-json\/wp\/v2\/categories?post=51540"},{"taxonomy":"post_tag","embeddable":true,"href":"https:\/\/blog.corretoraideal.com.br\/index.php\/wp-json\/wp\/v2\/tags?post=51540"}],"curies":[{"name":"wp","href":"https:\/\/api.w.org\/{rel}","templated":true}]}}