{"id":51543,"date":"2023-08-23T23:22:25","date_gmt":"2023-08-23T23:22:25","guid":{"rendered":"https:\/\/blog.corretoraideal.com.br\/?p=51543"},"modified":"2023-08-23T23:22:25","modified_gmt":"2023-08-23T23:22:25","slug":"diarista-noivos-veja-historias-de-quem-teve-pacote-cancelado-turismo-e-viagem-g1","status":"publish","type":"post","link":"https:\/\/blog.corretoraideal.com.br\/index.php\/2023\/08\/23\/diarista-noivos-veja-historias-de-quem-teve-pacote-cancelado-turismo-e-viagem-g1\/","title":{"rendered":"Diarista, noivos&#8230; veja hist\u00f3rias de quem teve pacote cancelado | Turismo e Viagem | G1"},"content":{"rendered":"<p>      1 de 7&#013;Ag\u00eancia de viagens 123 Milhas suspende pacotes e emiss\u00e3o de passagens promocionais. \u2014 Foto: Reprodu\u00e7\u00e3o    <\/p>\n<p> Ag\u00eancia de viagens 123 Milhas suspende pacotes e emiss\u00e3o de passagens promocionais. \u2014 Foto: Reprodu\u00e7\u00e3o <\/p>\n<p> Lua de mel em Gramado (RS), primeira viagem internacional de uma diarista e o sonho de assistir um show do The Weekend. Essas s\u00e3o algumas hist\u00f3rias de clientes que tiveram viagens canceladas pela 123 Milhas. <\/p>\n<p> Na sexta-feira (18), a ag\u00eancia de viagens <a class href=\"https:\/\/g1.globo.com\/economia\/noticia\/2023\/08\/18\/agencia-de-viagens-123-milhas-suspende-pacotes-e-emissao-de-passagens-promocionais.ghtml\">suspendeu os pacotes e a emiss\u00e3o de passagens promocionais<\/a>. A medida afeta viagens j\u00e1 contratadas da linha &quot;Promo&quot;, de datas flex\u00edveis, entre setembro e dezembro de 2023. <\/p>\n<p> A ag\u00eancia de viagens est\u00e1 reembolsando clientes com vouchers parcelados que n\u00e3o cobrem os valores que j\u00e1 foram gastos, segundo clientes. <\/p>\n<p> <strong>Leia mais:<\/strong> <\/p>\n<ul>\n<li><strong>123 Milhas:<\/strong> <a class href=\"https:\/\/g1.globo.com\/turismo-e-viagem\/noticia\/2023\/08\/19\/123-milhas-veja-perguntas-e-respostas-sobre-a-suspensao-de-pacotes-e-passagens-promocionais.ghtml\">veja perguntas e respostas sobre a suspens\u00e3o <\/a><\/li>\n<li><strong>Direito do consumidor:<\/strong> <a class href=\"https:\/\/g1.globo.com\/turismo-e-viagem\/noticia\/2023\/08\/19\/123-milhas-consumidor-tem-direito-a-ter-o-seu-dinheiro-de-volta-de-passagens-e-pacotes-suspensos-afirmam-advogados.ghtml\">cliente tem direito a reembolso dinheiro <\/a><\/li>\n<li><a class href=\"https:\/\/g1.globo.com\/sp\/sao-paulo\/noticia\/2023\/08\/21\/procon-sp-notifica-123-milhas-apos-suspensao-de-pacotes-de-viagem-e-emissao-de-passagens-promocionais.ghtml\">Procon-SP notificou 123 Milhas<\/a><\/li>\n<\/ul>\n<p>                   <img loading=\"lazy\" decoding=\"async\" class=\"aligncenter size-full wp-image-51545\" src=\"https:\/\/blog.corretoraideal.com.br\/wp-content\/uploads\/2023\/08\/123-milhas-veja-direitos-do-consumidor-1.jpeg\" alt=\"123 Milhas: Veja direitos do consumidor\" width=\"800\" height=\"400\" \/>      <\/p>\n<p> 123 Milhas: Veja direitos do consumidor <\/p>\n<p><h2>&#x27;Era nossa lua de mel&#x27;<\/h2>\n<\/p>\n<p> A jornalista Polyana Lima e o publicit\u00e1rio Carlinhos Pimentel <a class href=\"https:\/\/g1.globo.com\/al\/alagoas\/noticia\/2023\/08\/20\/era-nossa-lua-de-mel-diz-casal-de-maceio-que-teve-compra-cancelada-pela-123-milhas.ghtml\">planejaram o casamento dos sonhos nos m\u00ednimos detalhes<\/a>, mas foram surpreendidos com o cancelamento das passagens pela 123 Milhas. <\/p>\n<p> &quot;Era nossa lua de mel. T\u00ednhamos comprado passagens para Gramado (RS), com hospedagem, desde o final do ano passado. Essa semana fui verificar no site se j\u00e1 tinham disponibilizado o bilhete do voo e local e me deparei com a surpresa&quot;, disse Polyana. <\/p>\n<p>         2 de 7&#013;Casal de Macei\u00f3 prejudicado pela 123 Milhas \u2014 Foto: Arquivo pessoal    <\/p>\n<p> Casal de Macei\u00f3 prejudicado pela 123 Milhas \u2014 Foto: Arquivo pessoal <\/p>\n<p> Eles foram notificados que o reembolso seria feito por voucher. <\/p>\n<p>&quot;Quando fui olhar a poss\u00edvel restitui\u00e7\u00e3o como havia sido informada, de que seria por meio de voucher, at\u00e9 achei uma boa ideia. Quando fui colocar na p\u00e1gina de aceita\u00e7\u00e3o, vi que esse voucher seria dividido em cinco partes, ent\u00e3o, eu n\u00e3o poderia usar o valor total para compra de uma nova passagem e hospedagem&quot;, explicou Polyana.<\/p>\n<p> A jornalista e o publicit\u00e1rio v\u00e3o dar entrada em uma a\u00e7\u00e3o de danos financeiros e morais causados pelo cancelamento. <\/p>\n<p><h2>&#x27;Dinheiro suado&#x27;<\/h2>\n<\/p>\n<p>         3 de 7&#013;&#039;Minha m\u00e3e \u00e9 diarista e pagou a passagem com seu dinheiro suado&#039;, conta psicoterapeuta prejudicado pela 123 milhas \u2014 Foto: Arquivo pessoal\/Thiago Guimar\u00e3es    <\/p>\n<p> &#039;Minha m\u00e3e \u00e9 diarista e pagou a passagem com seu dinheiro suado&#039;, conta psicoterapeuta prejudicado pela 123 milhas \u2014 Foto: Arquivo pessoal\/Thiago Guimar\u00e3es <\/p>\n<p> &quot;Minha m\u00e3e \u00e9 diarista. Pagou a passagem com seu dinheirinho suado. As patroas j\u00e1 tinham liberado ela pra viajar. Ela tem 73 anos e o sonho dela era conhecer Portugal. Nada disso vai acontecer.&quot; <\/p>\n<p> Esse \u00e9 o relato de Thiago Guimar\u00e3es, psicoterapeuta de S\u00e3o Jos\u00e9 dos Campos (SP), que <a class href=\"https:\/\/g1.globo.com\/turismo-e-viagem\/noticia\/2023\/08\/19\/minha-mae-e-diarista-e-pagou-a-passagem-com-seu-dinheiro-suado-conta-psicoterapeuta-prejudicado-pela-123-milhas.ghtml\">viajaria com a sua m\u00e3e, em outubro, para a Europa<\/a>. Ela dividiu as despesas da viagem com ele e seria a primeira viagem da diarista para o exterior se a 123 Milhas n\u00e3o tivesse suspenso as suas passagens. <\/p>\n<p> &quot;Eles est\u00e3o me devolvendo o que eu paguei, no valor de R$ 5.990, com um acr\u00e9scimo de R$ 700. Mas eu gastei muito mais. Estou com um preju\u00edzo de mais de R$ 10 mil porque eu tinha hotel reservado e pago, ingresso de atra\u00e7\u00f5es, voos internos&quot;. <\/p>\n<p><h2>&#x27;Estragaram nossas f\u00e9rias&#x27;<\/h2>\n<\/p>\n<p>         4 de 7&#013;Casal mineiro tem viagem cancelada por ag\u00eancia 123 milhas: &#039;Estragaram nossas f\u00e9rias&#039; \u2014 Foto: Arquivo pessoal    <\/p>\n<p> Casal mineiro tem viagem cancelada por ag\u00eancia 123 milhas: &#039;Estragaram nossas f\u00e9rias&#039; \u2014 Foto: Arquivo pessoal <\/p>\n<p> Um casal de Belo Horizonte comprou passagens da 123 Milhas para ir \u00e0 Fran\u00e7a. No entanto, a dez dias do embarque pelo Aeroporto Internacional de Confins, <a class href=\"https:\/\/g1.globo.com\/mg\/minas-gerais\/noticia\/2023\/08\/21\/estragaram-nossas-ferias-diz-casal-mineiro-que-teve-viagem-a-paris-cancelada-pela-123-milhas.ghtml\">os bilhetes ainda n\u00e3o foram emitidos<\/a>. <\/p>\n<p> J\u00e1 \u00e9 a segunda vez que Wladimir Cardoso e Juliane Cardoso, ambos de 33 anos, v\u00e3o \u00e0 capital francesa. Na primeira, em 2018, eles compraram as passagens com outra empresa e tudo correu bem. Agora, por\u00e9m, o que resta \u00e9 a inseguran\u00e7a de n\u00e3o conseguir voar. <\/p>\n<p> &quot;Nos programamos desde outubro do ano passado para essa viagem. N\u00e3o acredito que estamos vivendo esse tipo de situa\u00e7\u00e3o&quot;, disseram Wladimir e Juliane. <\/p>\n<p> O casal pagou mais de R$ 3 mil na passagem de ida e volta, justamente na categoria que foi suspensa. Wladimir e Juliane reclamam que, at\u00e9 o momento, a empresa n\u00e3o ofereceu qualquer tipo de assist\u00eancia. <\/p>\n<p> &quot;Estamos frustrados e angustiados. At\u00e9 agora a ag\u00eancia n\u00e3o nos mandou e-mail informando como est\u00e1 a nossa situa\u00e7\u00e3o. Al\u00e9m, de n\u00e3o informa nada no site&quot;, contaram. <\/p>\n<p><h2>&#x27;Esse sonho me foi tirado&#x27;<\/h2>\n<\/p>\n<p> &quot;Aluguei Airbnb, comprei ingresso, pedi f\u00e9rias no est\u00e1gio. E, do nada, esse sonho me foi tirado. Com o valor do voucher, eu n\u00e3o consigo comprar passagens&quot;, lamenta a estudante universit\u00e1ria Nicole Andrin, de Manaus (AM). <\/p>\n<p> Ela e o namorado viajariam para S\u00e3o Paulo no dia 8 de outubro para ver o show do The Weekend. &quot;Sou muito f\u00e3&quot;, diz. <\/p>\n<p>         5 de 7&#013;Print da conversa de WhatsApp entre Nicole Andrin e a 123 Milhas \u2014 Foto: Reprodu\u00e7\u00e3o    <\/p>\n<p> Print da conversa de WhatsApp entre Nicole Andrin e a 123 Milhas \u2014 Foto: Reprodu\u00e7\u00e3o <\/p>\n<p> Para comprar as passagens, ela poderia usar um voucher no valor de R$ 1.644,63. &quot;[Mas,] a passagem atualmente est\u00e1 custando R$ 1.800 por adulto&quot;, conta. <\/p>\n<p><h2>&#x27;Planejamos tudo com anteced\u00eancia&#x27;<\/h2>\n<\/p>\n<p> A gerente comercial L\u00edvia Kessedjian \u00e9 uma das pessoas que teve <a class href=\"https:\/\/g1.globo.com\/turismo-e-viagem\/noticia\/2023\/08\/19\/123-milhas-relatos-clientes.ghtml\">sua passagem para Lisboa cancelada<\/a>. Ela viajaria com a sua amiga Winnie para Lisboa. <\/p>\n<p> L\u00edvia diz que o voucher que a 123 Milhas prometeu devolver n\u00e3o cobre o valor atual das passagens que ela poderia comprar para n\u00e3o perder a viagem para Portugal. <\/p>\n<p> \u201cPlanejamos tudo com muita anteced\u00eancia. T\u00ednhamos reserva num hotel que, inclusive, estamos em contato e n\u00e3o vamos conseguir reembolsar esse outro valor. Mais um transtorno\u201d, afirma a cliente. <\/p>\n<p>         6 de 7&#013;L\u00edvia Kessedjian e sua amiga Winnie. \u2014 Foto: Arquivo pessoal    <\/p>\n<p> L\u00edvia Kessedjian e sua amiga Winnie. \u2014 Foto: Arquivo pessoal <\/p>\n<p> Al\u00e9m disso, L\u00edvia conta que enfrenta problemas com rela\u00e7\u00e3o ao reembolso. &quot;Recebi um email oficial informando o cancelamento. Eles tamb\u00e9m informaram sobre o voucher de reembolso com o valor da passagem com corre\u00e7\u00e3o [monet\u00e1ria]. Fiz um c\u00e1lculo e o valor n\u00e3o cobre\u201d, afirmou. <\/p>\n<p><h2>F\u00e3 do RBD teme perder show<\/h2>\n<\/p>\n<p> A consultora de TI Renata Teixeira, de Curitiba, <a class href=\"https:\/\/g1.globo.com\/pr\/parana\/noticia\/2023\/08\/21\/fa-do-rbd-teme-perder-show-do-grupo-apos-123-milhas-suspender-passagens-promocionais-estragaram-as-minhas-ferias.ghtml\">\u00e9 uma das clientes afetadas pelos cancelamentos.<\/a> <\/p>\n<p> Ela tem dois pacotes com a empresa, um deles para novembro, no Rio de Janeiro, onde assistir\u00e1 ao show do RBD em turn\u00ea que marca o reencontro do grupo. <\/p>\n<p>&quot;Eu e outras pessoas estamos nessa situa\u00e7\u00e3o. Eu vou esperar eles me avisarem sobre isso pra ver como fa\u00e7o e n\u00e3o ficar com tanto preju\u00edzo. Estragaram as minhas f\u00e9rias. A sorte foi que eu n\u00e3o tinha marcado passeios, se n\u00e3o o preju\u00edzo seria ainda maior&quot;, disse Renata.<\/p>\n<p>         7 de 7&#013;Renata Teixeira, de Curitiba, comprou dois pacotes de viagens com a 123 Milhas \u2014 Foto: Arquivo Pessoal    <\/p>\n<p> Renata Teixeira, de Curitiba, comprou dois pacotes de viagens com a 123 Milhas \u2014 Foto: Arquivo Pessoal <\/p>\n<p> O outro pacote de viagem Renata viajaria para Fortaleza (CE), em setembro. A consultora afirmou que soube do cancelamento ap\u00f3s contatar a empresa pelos canais dispon\u00edveis. <\/p>\n<p> Ela recebeu um email no s\u00e1bado (19) informando que a empresa devolver\u00e1 o valor pago por meio de voucher. <\/p>\n<p><h2>Veja como tirar o passaporte<\/h2>\n<\/p>\n<p>                   <img loading=\"lazy\" decoding=\"async\" class=\"aligncenter size-full wp-image-51546\" src=\"https:\/\/blog.corretoraideal.com.br\/wp-content\/uploads\/2023\/08\/veja-como-tirar-o-passaporte-1.jpeg\" alt=\"Veja como tirar o passaporte\" width=\"800\" height=\"400\" \/>      <\/p>\n<p> Veja como tirar o passaporte <\/p>\n<p><h2>Veja como tirar o visto para os Estados Unidos<\/h2>\n<\/p>\n<p>                   <img loading=\"lazy\" decoding=\"async\" class=\"aligncenter size-full wp-image-51547\" src=\"https:\/\/blog.corretoraideal.com.br\/wp-content\/uploads\/2023\/08\/como-tirar-o-visto-de-turismo-para-os-eua-1.jpeg\" alt=\"Como tirar o visto de turismo para os EUA\" width=\"800\" height=\"400\" \/>      <\/p>\n<p> Como tirar o visto de turismo para os EUA <\/p>\n<ul> <\/ul>\n","protected":false},"excerpt":{"rendered":"<p>1 de 7&#013;Ag\u00eancia de viagens 123 Milhas suspende pacotes e emiss\u00e3o de passagens promocionais. \u2014 Foto: Reprodu\u00e7\u00e3o Ag\u00eancia de viagens 123 Milhas suspende pacotes e emiss\u00e3o de passagens promocionais. \u2014 Foto: Reprodu\u00e7\u00e3o Lua de mel em Gramado (RS), primeira viagem internacional de uma diarista e o sonho de assistir um show do The Weekend. Essas [&hellip;]<\/p>\n","protected":false},"author":1,"featured_media":0,"comment_status":"closed","ping_status":"closed","sticky":false,"template":"","format":"standard","meta":{"footnotes":""},"categories":[],"tags":[],"class_list":["post-51543","post","type-post","status-publish","format-standard","hentry"],"_links":{"self":[{"href":"https:\/\/blog.corretoraideal.com.br\/index.php\/wp-json\/wp\/v2\/posts\/51543","targetHints":{"allow":["GET"]}}],"collection":[{"href":"https:\/\/blog.corretoraideal.com.br\/index.php\/wp-json\/wp\/v2\/posts"}],"about":[{"href":"https:\/\/blog.corretoraideal.com.br\/index.php\/wp-json\/wp\/v2\/types\/post"}],"author":[{"embeddable":true,"href":"https:\/\/blog.corretoraideal.com.br\/index.php\/wp-json\/wp\/v2\/users\/1"}],"replies":[{"embeddable":true,"href":"https:\/\/blog.corretoraideal.com.br\/index.php\/wp-json\/wp\/v2\/comments?post=51543"}],"version-history":[{"count":1,"href":"https:\/\/blog.corretoraideal.com.br\/index.php\/wp-json\/wp\/v2\/posts\/51543\/revisions"}],"predecessor-version":[{"id":51548,"href":"https:\/\/blog.corretoraideal.com.br\/index.php\/wp-json\/wp\/v2\/posts\/51543\/revisions\/51548"}],"wp:attachment":[{"href":"https:\/\/blog.corretoraideal.com.br\/index.php\/wp-json\/wp\/v2\/media?parent=51543"}],"wp:term":[{"taxonomy":"category","embeddable":true,"href":"https:\/\/blog.corretoraideal.com.br\/index.php\/wp-json\/wp\/v2\/categories?post=51543"},{"taxonomy":"post_tag","embeddable":true,"href":"https:\/\/blog.corretoraideal.com.br\/index.php\/wp-json\/wp\/v2\/tags?post=51543"}],"curies":[{"name":"wp","href":"https:\/\/api.w.org\/{rel}","templated":true}]}}