{"id":51549,"date":"2023-08-23T23:36:07","date_gmt":"2023-08-23T23:36:07","guid":{"rendered":"https:\/\/blog.corretoraideal.com.br\/?p=51549"},"modified":"2023-08-23T23:36:07","modified_gmt":"2023-08-23T23:36:07","slug":"senado-aprova-mp-que-concede-reajuste-de-9-a-servidores-federais-politica-g1","status":"publish","type":"post","link":"https:\/\/blog.corretoraideal.com.br\/index.php\/2023\/08\/23\/senado-aprova-mp-que-concede-reajuste-de-9-a-servidores-federais-politica-g1\/","title":{"rendered":"Senado aprova MP que concede reajuste de 9% a servidores federais | Pol\u00edtica | G1"},"content":{"rendered":"\n<ul>\n<li>\n<p> Senadores aprovaram nesta quarta-feira (23) a medida provis\u00f3ria que reajusta em 9% os sal\u00e1rios de servidores p\u00fablicos federais, aposentados e pensionistas, al\u00e9m de cargos em comiss\u00e3o, fun\u00e7\u00f5es de confian\u00e7a e fun\u00e7\u00f5es comissionadas. <\/p>\n<\/li>\n<li>\n<p> Editada em maio, MP j\u00e1 est\u00e1 em vigor. Para se tornar permanente, contudo, precisava ser aprovada pelo Congresso at\u00e9 esta sexta (25). <\/p>\n<\/li>\n<li>\n<p> O Senado manteve a decis\u00e3o da C\u00e2mara de retirar dispositivo proposto pela relatora da comiss\u00e3o mista de an\u00e1lise da MP, deputada Alice Portugal (PCdoB-BA), para ampliar a margem livre do cr\u00e9dito consignado. <\/p>\n<\/li>\n<li>\n<p> Conclu\u00eddas as vota\u00e7\u00f5es na C\u00e2mara e no Senado, o texto segue, agora, para san\u00e7\u00e3o do presidente Luiz In\u00e1cio Lula da Silva (PT). <\/p>\n<\/li>\n<\/ul>\n<p> Senadores aprovaram nesta quarta-feira (23) a medida provis\u00f3ria que reajusta em 9% os sal\u00e1rios de servidores p\u00fablicos federais, aposentados e pensionistas, al\u00e9m de cargos em comiss\u00e3o, fun\u00e7\u00f5es de confian\u00e7a e fun\u00e7\u00f5es comissionadas. <\/p>\n<p> Editada em maio, MP j\u00e1 est\u00e1 em vigor. Para se tornar permanente, contudo, precisava ser aprovada pelo Congresso at\u00e9 esta sexta (25). <\/p>\n<p> O Senado manteve a decis\u00e3o da C\u00e2mara de retirar dispositivo proposto pela relatora da comiss\u00e3o mista de an\u00e1lise da MP, deputada Alice Portugal (PCdoB-BA), para ampliar a margem livre do cr\u00e9dito consignado. <\/p>\n<p> Conclu\u00eddas as vota\u00e7\u00f5es na C\u00e2mara e no Senado, o texto segue, agora, para san\u00e7\u00e3o do presidente Luiz In\u00e1cio Lula da Silva (PT). <\/p>\n<p>         1 de 1&#013;Plen\u00e1rio do Senado, em Bras\u00edlia \u2014 Foto: Waldemir Barreto\/Ag\u00eancia Senado    <\/p>\n<p> Plen\u00e1rio do Senado, em Bras\u00edlia \u2014 Foto: Waldemir Barreto\/Ag\u00eancia Senado <\/p>\n<p> O <a class href=\"https:\/\/g1.globo.com\/tudo-sobre\/senado-federal\/\">Senado<\/a> aprovou nesta quarta-feira (23) a medida provis\u00f3ria (MP) que <a class href=\"https:\/\/g1.globo.com\/politica\/noticia\/2023\/08\/22\/camara-aprova-texto-base-da-mp-que-concede-reajuste-de-9percent-a-servidores-federais.ghtml\">reajustou o sal\u00e1rio dos servidores federais<\/a>, aposentados e pensionistas em 9%. O aumento tamb\u00e9m \u00e9 v\u00e1lido para cargos em comiss\u00e3o, fun\u00e7\u00f5es de confian\u00e7a e fun\u00e7\u00f5es comissionadas. <\/p>\n<p> O Congresso retirou do texto a possibilidade de aumento da margem livre do cr\u00e9dito consignado, proposta pela relatora da comiss\u00e3o mista de an\u00e1lise da MP, deputada <a class href=\"https:\/\/g1.globo.com\/politica\/politico\/alice-mazzuco-portugal\/\">Alice Portugal<\/a> (PCdoB-BA). <\/p>\n<p> Por se tratar de uma MP, est\u00e1 em vigor desde que foi editada pelo governo e passou a valer em 1\u00ba de maio. Para se tornar permanente, contudo, precisava ser aprovada pelo Congresso at\u00e9 esta sexta (25). <\/p>\n<p> Agora, com a <a class href=\"https:\/\/g1.globo.com\/politica\/noticia\/2023\/08\/22\/camara-aprova-texto-base-da-mp-que-concede-reajuste-de-9percent-a-servidores-federais.ghtml\">aprova\u00e7\u00e3o na C\u00e2mara<\/a> e no Senado, o texto segue para san\u00e7\u00e3o do presidente Luiz In\u00e1cio Lula da Silva (PT). <\/p>\n<p> O reajuste salarial aos servidores p\u00fablicos federais j\u00e1 <a class href=\"https:\/\/g1.globo.com\/politica\/noticia\/2023\/04\/28\/lula-sanciona-aumento-de-9percent-para-servidores-publicos-federais.ghtml\">havia sido autorizado pelo governo<\/a> em abril. Mas \u00e9 a MP que efetivamente conceder\u00e1 o aumento. <\/p>\n<p> Na primeira vers\u00e3o do relat\u00f3rio, em acordo com a ministra Esther Dweck (Gest\u00e3o e Inova\u00e7\u00e3o), Alice Portugal prop\u00f4s, ainda, ampliar a margem livre de cr\u00e9dito consignado dos servidores p\u00fablicos para 45%. <\/p>\n<p> Atualmente, o percentual j\u00e1 \u00e9 esse, mas o servidor \u00e9 obrigado a reservar 10% para despesas com cart\u00e3o de cr\u00e9dito consignado e cart\u00e3o de benef\u00edcios consignado. Na pr\u00e1tica, as reservas diminuem a margem facultativa para o empr\u00e9stimo. <\/p>\n<p> Em seu parecer, Alice alterava, portanto, o trecho da lei que trata do consignado para tornar facultativa a reserva. <\/p>\n<p> No entanto, lideran\u00e7as partid\u00e1rias da C\u00e2mara costuraram acordo, na ter\u00e7a (22), para retirar o dispositivo. Segundo a decis\u00e3o, o aumento da margem deve ser discutido em outra proposta. Os senadores mantiveram a decis\u00e3o dos deputados. <\/p>\n<ul>\n<li> <a href=\"https:\/\/g1.globo.com\/politica\/politico\/alice-mazzuco-portugal\/\" class=\"entities__list-itemLink\" data-track-click=\"Alice Portugal\"> Alice Portugal <\/a> <\/li>\n<li> <a href=\"https:\/\/g1.globo.com\/tudo-sobre\/camara-dos-deputados\/\" class=\"entities__list-itemLink\" data-track-click=\"C\u00e2mara dos Deputados\"> C\u00e2mara dos Deputados <\/a> <\/li>\n<li> <a href=\"https:\/\/g1.globo.com\/tudo-sobre\/senado-federal\/\" class=\"entities__list-itemLink\" data-track-click=\"Senado\"> Senado <\/a> <\/li>\n<\/ul>\n","protected":false},"excerpt":{"rendered":"<p>Senadores aprovaram nesta quarta-feira (23) a medida provis\u00f3ria que reajusta em 9% os sal\u00e1rios de servidores p\u00fablicos federais, aposentados e pensionistas, al\u00e9m de cargos em comiss\u00e3o, fun\u00e7\u00f5es de confian\u00e7a e fun\u00e7\u00f5es comissionadas. Editada em maio, MP j\u00e1 est\u00e1 em vigor. Para se tornar permanente, contudo, precisava ser aprovada pelo Congresso at\u00e9 esta sexta (25). O [&hellip;]<\/p>\n","protected":false},"author":1,"featured_media":0,"comment_status":"closed","ping_status":"closed","sticky":false,"template":"","format":"standard","meta":{"footnotes":""},"categories":[],"tags":[],"class_list":["post-51549","post","type-post","status-publish","format-standard","hentry"],"_links":{"self":[{"href":"https:\/\/blog.corretoraideal.com.br\/index.php\/wp-json\/wp\/v2\/posts\/51549","targetHints":{"allow":["GET"]}}],"collection":[{"href":"https:\/\/blog.corretoraideal.com.br\/index.php\/wp-json\/wp\/v2\/posts"}],"about":[{"href":"https:\/\/blog.corretoraideal.com.br\/index.php\/wp-json\/wp\/v2\/types\/post"}],"author":[{"embeddable":true,"href":"https:\/\/blog.corretoraideal.com.br\/index.php\/wp-json\/wp\/v2\/users\/1"}],"replies":[{"embeddable":true,"href":"https:\/\/blog.corretoraideal.com.br\/index.php\/wp-json\/wp\/v2\/comments?post=51549"}],"version-history":[{"count":1,"href":"https:\/\/blog.corretoraideal.com.br\/index.php\/wp-json\/wp\/v2\/posts\/51549\/revisions"}],"predecessor-version":[{"id":51551,"href":"https:\/\/blog.corretoraideal.com.br\/index.php\/wp-json\/wp\/v2\/posts\/51549\/revisions\/51551"}],"wp:attachment":[{"href":"https:\/\/blog.corretoraideal.com.br\/index.php\/wp-json\/wp\/v2\/media?parent=51549"}],"wp:term":[{"taxonomy":"category","embeddable":true,"href":"https:\/\/blog.corretoraideal.com.br\/index.php\/wp-json\/wp\/v2\/categories?post=51549"},{"taxonomy":"post_tag","embeddable":true,"href":"https:\/\/blog.corretoraideal.com.br\/index.php\/wp-json\/wp\/v2\/tags?post=51549"}],"curies":[{"name":"wp","href":"https:\/\/api.w.org\/{rel}","templated":true}]}}