{"id":51556,"date":"2023-08-24T02:51:05","date_gmt":"2023-08-24T02:51:05","guid":{"rendered":"https:\/\/blog.corretoraideal.com.br\/?p=51556"},"modified":"2023-08-24T02:51:05","modified_gmt":"2023-08-24T02:51:05","slug":"campanha-de-multivacinacao-veja-onde-imunizar-seu-filho-em-campos-no-rj-norte-fluminense-g1","status":"publish","type":"post","link":"https:\/\/blog.corretoraideal.com.br\/index.php\/2023\/08\/24\/campanha-de-multivacinacao-veja-onde-imunizar-seu-filho-em-campos-no-rj-norte-fluminense-g1\/","title":{"rendered":"Campanha de Multivacina\u00e7\u00e3o: veja onde imunizar seu filho em Campos, no RJ | Norte Fluminense | G1"},"content":{"rendered":"<p>      1 de 1&#013;Come\u00e7a campanha de multivacina\u00e7\u00e3o em Campos, no RJ \u2014 Foto: Valqu\u00edria Azevedo\/Prefeitura de Campos    <\/p>\n<p> Come\u00e7a campanha de multivacina\u00e7\u00e3o em Campos, no RJ \u2014 Foto: Valqu\u00edria Azevedo\/Prefeitura de Campos <\/p>\n<p> Come\u00e7ou nesta quarta-feira (23) a Campanha de Multivacina\u00e7\u00e3o em <a class href=\"https:\/\/g1.globo.com\/rj\/norte-fluminense\/cidade\/campos-dos-goytacazes\/\">Campos dos Goytacazes<\/a>, no Norte Fluminense. A a\u00e7\u00e3o faz parte da campanha nacional, que vai at\u00e9 o dia 15 de setembro, e tem como objetivo aumentar os \u00edndices de imuniza\u00e7\u00e3o de crian\u00e7as e adolescentes de 2 meses at\u00e9 15 anos completos. <\/p>\n<p> Durante os dias da semana, 39 salas de vacina\u00e7\u00e3o estar\u00e3o dispon\u00edveis para atualiza\u00e7\u00e3o da caderneta de vacina\u00e7\u00e3o. De acordo com a Secretaria Municipal de Sa\u00fade, nos pr\u00f3ximos finais de semana ser\u00e3o realizadas tr\u00eas grandes a\u00e7\u00f5es: <\/p>\n<ul>\n<li>no pr\u00f3ximo s\u00e1bado (26), no Jardim S\u00e3o Benedito; <\/li>\n<li>no dia 2 de setembro ser\u00e1 realizado o Dia D de Vacina\u00e7\u00e3o nas unidades de sa\u00fade que ser\u00e3o divulgadas em breve; <\/li>\n<li>e no dia 9 de setembro, no Shopping Boulevard Campos.<\/li>\n<\/ul>\n<p> De segunda a sexta, as vacinas estar\u00e3o dispon\u00edveis nas Unidades B\u00e1sicas e nas UPHs, das 8h30 \u00e0s 16h. No s\u00e1bado e no domingo, a aplica\u00e7\u00e3o ser\u00e1 das 8h \u00e0s 17h na Cl\u00ednica da Crian\u00e7a e na pr\u00f3pria Secretaria de Sa\u00fade. <\/p>\n<p> Todas as vacinas presentes nos calend\u00e1rios da crian\u00e7a e do adolescente fazem parte da Campanha de Multivacina\u00e7\u00e3o. <\/p>\n<p> O calend\u00e1rio infantil inclui a imuniza\u00e7\u00e3o de crian\u00e7as de at\u00e9 10 anos de idade com as vacinas: Hepatite B, Penta (difteria, t\u00e9tano, coqueluche, hepatite B e poliomielite), P\u00f3lio Inativada (VIP), P\u00f3lio Oral (VOP), Rotav\u00edrus, Pneumo 10, Meningo C, Febre Amarela, Tr\u00edplice Viral (sarampo, caxumba e rub\u00e9ola), DTP (tr\u00edplice bacteriana), Hepatite A e Varicela. <\/p>\n<p> No calend\u00e1rio do adolescente h\u00e1 mais vacinas, al\u00e9m de refor\u00e7os das imuniza\u00e7\u00f5es feitas na inf\u00e2ncia. S\u00e3o elas: Hepatite B, Febre Amarela, Tr\u00edplice Viral, Difteria e t\u00e9tano adulto, DTPa, Meningoc\u00f3cica ACWY, HPV quadrivalente e Varicela. Tamb\u00e9m est\u00e3o dispon\u00edveis as vacinas Influenza, que previne contra a gripe, e Covid-19 indicadas para o p\u00fablico acima de 6 meses de vida. <\/p>\n<p><h2>Confira as unidades<\/h2>\n<\/p>\n<p> <strong>De segunda a sexta-feira<\/strong> <\/p>\n<p> Postos com hor\u00e1rios exclusivos <\/p>\n<ul>\n<li>Secretaria Municipal de Sa\u00fade (p\u00fablico geral) \u2013 8h \u00e0s 20h<\/li>\n<li>Cl\u00ednica da Crian\u00e7a (crian\u00e7as de 2 meses a 4 anos, 11 meses e 29 dias) \u20139h \u00e0s 18h<\/li>\n<li>Cidade da Crian\u00e7a (crian\u00e7as de 2 meses a 6 anos, 11 meses e 29 dias) \u2013 8h30 \u00e0s 16h<\/li>\n<\/ul>\n<p> Postos para p\u00fablico geral &#8211; 8h30 \u00e0s 16h <\/p>\n<ul>\n<li>Centro de Sa\u00fade de Guarus (CSG)<\/li>\n<li>Hospital S\u00e3o Jos\u00e9<\/li>\n<li>UBS Baleeira<\/li>\n<li>UBS Eldorado<\/li>\n<li>UBS Parque Prazeres<\/li>\n<li>UBS Penha<\/li>\n<li>UBS Po\u00e7o Gordo<\/li>\n<li>UBS Ponta Grossa dos Fidalgos<\/li>\n<li>UBS Saturnino Braga<\/li>\n<li>UBS Sentinela do Imb\u00e9<\/li>\n<li>UBS Tocos<\/li>\n<li>UBS Venda Nova<\/li>\n<li>UBSF Aldeia<\/li>\n<li>UBSF Carv\u00e3o<\/li>\n<li>UBSF Conselheiro Josino<\/li>\n<li>UBSF Dores de Macabu<\/li>\n<li>UBSF Felix Miranda<\/li>\n<li>UBSF IPS<\/li>\n<li>UBSF Jamil \u00c1bido<\/li>\n<li>UBSF Lagamar\/Farol de S\u00e3o Tom\u00e9<\/li>\n<li>UBSF Lagoa de Cima<\/li>\n<li>UBSF Morangaba<\/li>\n<li>UBSF Morro do Coco<\/li>\n<li>UBSF Parque Aurora<\/li>\n<li>UBSF Parque Imperial<\/li>\n<li>UBSF Parque Rodovi\u00e1rio<\/li>\n<li>UBSF Patronato S\u00e3o Jos\u00e9<\/li>\n<li>UBSF Ponta da Lama<\/li>\n<li>UBSF Santa Cruz<\/li>\n<li>UBSF Santa Maria<\/li>\n<li>UBSF Santo Amaro<\/li>\n<li>UBSF S\u00e3o Sebasti\u00e3o<\/li>\n<li>UBSF Vila Nova<\/li>\n<li>UPH Santo Eduardo<\/li>\n<li>UPH Travess\u00e3o<\/li>\n<li>UPH Urura\u00ed<\/li>\n<\/ul>\n<p> <strong>S\u00e1bado e domingo &#8211; 8h \u00e0s 17h<\/strong> <\/p>\n<ul>\n<li>Secretaria Municipal de Sa\u00fade<\/li>\n<li>Cl\u00ednica da Crian\u00e7a<\/li>\n<\/ul>\n<ul>\n<li> <a href=\"https:\/\/g1.globo.com\/rj\/norte-fluminense\/cidade\/campos-dos-goytacazes\/\" class=\"entities__list-itemLink\" data-track-click=\"Campos dos Goytacazes\"> Campos dos Goytacazes <\/a> <\/li>\n<\/ul>\n","protected":false},"excerpt":{"rendered":"<p>1 de 1&#013;Come\u00e7a campanha de multivacina\u00e7\u00e3o em Campos, no RJ \u2014 Foto: Valqu\u00edria Azevedo\/Prefeitura de Campos Come\u00e7a campanha de multivacina\u00e7\u00e3o em Campos, no RJ \u2014 Foto: Valqu\u00edria Azevedo\/Prefeitura de Campos Come\u00e7ou nesta quarta-feira (23) a Campanha de Multivacina\u00e7\u00e3o em Campos dos Goytacazes, no Norte Fluminense. A a\u00e7\u00e3o faz parte da campanha nacional, que vai at\u00e9 [&hellip;]<\/p>\n","protected":false},"author":1,"featured_media":0,"comment_status":"closed","ping_status":"closed","sticky":false,"template":"","format":"standard","meta":{"footnotes":""},"categories":[],"tags":[],"class_list":["post-51556","post","type-post","status-publish","format-standard","hentry"],"_links":{"self":[{"href":"https:\/\/blog.corretoraideal.com.br\/index.php\/wp-json\/wp\/v2\/posts\/51556","targetHints":{"allow":["GET"]}}],"collection":[{"href":"https:\/\/blog.corretoraideal.com.br\/index.php\/wp-json\/wp\/v2\/posts"}],"about":[{"href":"https:\/\/blog.corretoraideal.com.br\/index.php\/wp-json\/wp\/v2\/types\/post"}],"author":[{"embeddable":true,"href":"https:\/\/blog.corretoraideal.com.br\/index.php\/wp-json\/wp\/v2\/users\/1"}],"replies":[{"embeddable":true,"href":"https:\/\/blog.corretoraideal.com.br\/index.php\/wp-json\/wp\/v2\/comments?post=51556"}],"version-history":[{"count":1,"href":"https:\/\/blog.corretoraideal.com.br\/index.php\/wp-json\/wp\/v2\/posts\/51556\/revisions"}],"predecessor-version":[{"id":51558,"href":"https:\/\/blog.corretoraideal.com.br\/index.php\/wp-json\/wp\/v2\/posts\/51556\/revisions\/51558"}],"wp:attachment":[{"href":"https:\/\/blog.corretoraideal.com.br\/index.php\/wp-json\/wp\/v2\/media?parent=51556"}],"wp:term":[{"taxonomy":"category","embeddable":true,"href":"https:\/\/blog.corretoraideal.com.br\/index.php\/wp-json\/wp\/v2\/categories?post=51556"},{"taxonomy":"post_tag","embeddable":true,"href":"https:\/\/blog.corretoraideal.com.br\/index.php\/wp-json\/wp\/v2\/tags?post=51556"}],"curies":[{"name":"wp","href":"https:\/\/api.w.org\/{rel}","templated":true}]}}