{"id":51559,"date":"2023-08-24T03:53:30","date_gmt":"2023-08-24T03:53:30","guid":{"rendered":"https:\/\/blog.corretoraideal.com.br\/?p=51559"},"modified":"2023-08-24T03:53:30","modified_gmt":"2023-08-24T03:53:30","slug":"123-milhas-clientes-tem-prejuizos-apos-suspensao-de-pacotes-e-passagens-aereas-turismo-e-viagem-g1","status":"publish","type":"post","link":"https:\/\/blog.corretoraideal.com.br\/index.php\/2023\/08\/24\/123-milhas-clientes-tem-prejuizos-apos-suspensao-de-pacotes-e-passagens-aereas-turismo-e-viagem-g1\/","title":{"rendered":"123 Milhas: clientes t\u00eam preju\u00edzos ap\u00f3s suspens\u00e3o de pacotes e passagens a\u00e9reas | Turismo e Viagem | G1"},"content":{"rendered":"<p>      1 de 7&#013;Gislaine Estev\u00e3o e sua namorada compraram passagem para ir a Londres, que foi suspensa pela 123 Milhas. \u2014 Foto: Reprodu\u00e7\u00e3o    <\/p>\n<p> Gislaine Estev\u00e3o e sua namorada compraram passagem para ir a Londres, que foi suspensa pela 123 Milhas. \u2014 Foto: Reprodu\u00e7\u00e3o <\/p>\n<p> <a class href=\"https:\/\/g1.globo.com\/economia\/noticia\/2023\/08\/18\/agencia-de-viagens-123-milhas-suspende-pacotes-e-emissao-de-passagens-promocionais.ghtml\">Ap\u00f3s suspender emiss\u00e3o de passagens a\u00e9reas<\/a> da linha Promo, na sexta-feira (18), a 123 Milhas n\u00e3o est\u00e1 pagando corretamente o que deve a clientes, relatam consumidores ao<strong> <\/strong><a class href=\"https:\/\/g1.globo.com\/\"><strong>g1<\/strong><\/a>. <\/p>\n<p> A empresa est\u00e1 oferecendo <strong>vouchers parcelados<\/strong> no valor da compra, mais uma corre\u00e7\u00e3o de 150% do CDI. <strong>Mas os cupons s\u00f3 podem ser usados 1 vez a cada compra<\/strong>, o que n\u00e3o cobre os gastos que os clientes tiveram com as viagens, segundo relatos. <\/p>\n<ul>\n<li><strong>123 Milhas: <\/strong><a class href=\"https:\/\/g1.globo.com\/turismo-e-viagem\/noticia\/2023\/08\/19\/123-milhas-consumidor-tem-direito-a-ter-o-seu-dinheiro-de-volta-de-passagens-e-pacotes-suspensos-afirmam-advogados.ghtml\">consumidor tem direito a reembolso em dinheiro<\/a><\/li>\n<li><a class href=\"https:\/\/g1.globo.com\/turismo-e-viagem\/noticia\/2023\/08\/21\/diarista-noivos-veja-historias-de-quem-teve-pacote-cancelado.ghtml\">Diarista, noivos&#8230; veja hist\u00f3rias de quem teve pacote cancelado<\/a><\/li>\n<\/ul>\n<p> \u00c9 o caso da analista de trade marketing Gislaine Estev\u00e3o, de <a class href=\"https:\/\/g1.globo.com\/sc\/santa-catarina\/cidade\/joinville\/\">Joinville (SC)<\/a>. Em novembro de 2022, ela comprou 2 passagens no valor total de R$ 5.488 para Londres, na linha Promo, para ela e sua namorada viajarem em setembro deste ano. <\/p>\n<p> Em trocas de conversa no WhatsApp, a 123 Milhas informou que Gislaine teria direito a 5 vouchers no valor de R$ 1.289, 68. O que, no total, d\u00e1 R$ 6.448,40. <\/p>\n<p>&quot;S\u00e3o 5 vouchers, mas s\u00f3 posso usar 1 por compra. Ent\u00e3o, eu teria que comprar 5 passagens no site deles&quot;, conta Gislaine. <\/p>\n<p> &quot;N\u00e3o tem como usarmos tudo de uma vez, eles arquitetaram muito bem esse golpe, pois quem tem coragem, agora, de comprar pela segunda vez com eles?&quot;, lamenta. <\/p>\n<p>         2 de 7&#013;Print de uma conversa de WhatsApp entre a 123 Milhas e Gislaine Estev\u00e3o, de Joinville (SC). \u2014 Foto: Reprodu\u00e7\u00e3o    <\/p>\n<p> Print de uma conversa de WhatsApp entre a 123 Milhas e Gislaine Estev\u00e3o, de Joinville (SC). \u2014 Foto: Reprodu\u00e7\u00e3o <\/p>\n<p> Gislaine conta que, mesmo que ela usasse o voucher, o valor n\u00e3o cobriria nem o pre\u00e7o das passagens mais baratas que ela e a namorada encontraram no s\u00e1bado (19). Elas n\u00e3o queriam perder a viagem. <\/p>\n<p>&quot;Acabamos pagando R$ 8.685,60, cada uma, nas novas passagens. [&#8230;] Tivemos que parcelar, pois, com o dinheiro que guardamos, n\u00e3o daria para pagar mais essas passagens \u00e0 vista&quot;.<\/p>\n<p> A<strong> 123 Milhas foi procurada pelo <\/strong><a class href=\"https:\/\/g1.globo.com\/\"><strong>g1 <\/strong><\/a><strong>assunto, mas n\u00e3o retornou at\u00e9 a \u00faltima atualiza\u00e7\u00e3o desta reportagem. <\/strong>Os servi\u00e7os suspensos s\u00e3o referentes \u00e0s viagens entre setembro e dezembro de 2023. <\/p>\n<p> No entanto, a <strong>123 Milhas j\u00e1 permite que os clientes solicitem os vouchers de viagens de 2024, da linha Promo.<\/strong> <\/p>\n<p>                   <img loading=\"lazy\" decoding=\"async\" class=\"aligncenter size-full wp-image-51561\" src=\"https:\/\/blog.corretoraideal.com.br\/wp-content\/uploads\/2023\/08\/123-milhas-veja-direitos-do-consumidor-2.jpeg\" alt=\"123 Milhas: Veja direitos do consumidor\" width=\"800\" height=\"400\" \/>      <\/p>\n<p> 123 Milhas: Veja direitos do consumidor <\/p>\n<p> <strong>Veja tamb\u00e9m:<\/strong> <\/p>\n<ul>\n<li><a class href=\"https:\/\/g1.globo.com\/sp\/sao-paulo\/noticia\/2023\/08\/21\/procon-sp-notifica-123-milhas-apos-suspensao-de-pacotes-de-viagem-e-emissao-de-passagens-promocionais.ghtml\">Procon-SP notificou 123 Milhas<\/a><\/li>\n<li><a class href=\"https:\/\/g1.globo.com\/economia\/noticia\/2023\/08\/19\/123-milhas-ministerio-do-turismo-considera-grave-o-cancelamentos-de-pacotes-e-fala-em-investigacao.ghtml\">Minist\u00e9rio do Turismo considera &#x27;grave&#x27; o cancelamento <\/a><\/li>\n<li><a class href=\"https:\/\/g1.globo.com\/turismo-e-viagem\/noticia\/2023\/08\/19\/minha-mae-e-diarista-e-pagou-a-passagem-com-seu-dinheiro-suado-conta-psicoterapeuta-prejudicado-pela-123-milhas.ghtml\">Diarista perdeu 1\u00aa viagem para Europa ap\u00f3s economizar <\/a><\/li>\n<\/ul>\n<p><h2>Viagem em fam\u00edlia cancelada<\/h2>\n<\/p>\n<p>         3 de 7&#013;Advogada Priscila Vieira, de Bel\u00e9m (PA), teve que desistir da viagem em fam\u00edlia para Santiago do Chile, para conseguir ir a S\u00e3o Paulo. \u2014 Foto: Arquivo pessoal    <\/p>\n<p> Advogada Priscila Vieira, de Bel\u00e9m (PA), teve que desistir da viagem em fam\u00edlia para Santiago do Chile, para conseguir ir a S\u00e3o Paulo. \u2014 Foto: Arquivo pessoal <\/p>\n<p> A advogada Priscilla Vieira, de <a class href=\"https:\/\/g1.globo.com\/pa\/para\/cidade\/belem\/\">Bel\u00e9m<\/a> do Par\u00e1, tamb\u00e9m recebeu vouchers parcelados. Mas, diferente de Gislaine, decidiu us\u00e1-los para conseguir viajar para S\u00e3o Paulo, em outubro. <\/p>\n<p> Ela solicitou n\u00e3o somente os cupons do bilhete para SP, como tamb\u00e9m os 10 vouchers de passagens a\u00e9reas que ela tinha emitido para 2024, para uma <strong>viagem em fam\u00edlia a Santiago do Chile que, segundo ela, &quot;j\u00e1 era&quot;.<\/strong> <\/p>\n<p> &quot;Os vouchers do ano que vem s\u00e3o mais caros. Ent\u00e3o, estou fazendo isso para tentar diminuir o meu preju\u00edzo&quot;, lamenta, acrescentando que ela tinha pagado todas as suas passagens \u00e0 vista. <\/p>\n<p>&quot;Estou fazendo uma &#x27;dan\u00e7a das cadeiras&#x27; com esses vouchers&quot;.<\/p>\n<p>         4 de 7&#013;Print enviado pela advogada Priscilla Vieira, de Bel\u00e9m (PA). No momento de realizar a compra, o consumidor se depara com a mensagem de que ele s\u00f3 pode usar 1 voucher a cada compra. \u2014 Foto: Reprodu\u00e7\u00e3o    <\/p>\n<p> Print enviado pela advogada Priscilla Vieira, de Bel\u00e9m (PA). No momento de realizar a compra, o consumidor se depara com a mensagem de que ele s\u00f3 pode usar 1 voucher a cada compra. \u2014 Foto: Reprodu\u00e7\u00e3o <\/p>\n<p>         5 de 7&#013;Print dos vouchers recebidos pela advogada Priscilla Vieira. \u2014 Foto: Arquivo pessoal    <\/p>\n<p> Print dos vouchers recebidos pela advogada Priscilla Vieira. \u2014 Foto: Arquivo pessoal <\/p>\n<p><h2>Cliente vai perder show<\/h2>\n<\/p>\n<p>&quot;Aluguei Airbnb, comprei ingresso, pedi f\u00e9rias no est\u00e1gio. E, do nada, esse sonho me foi tirado. Com o valor do voucher, eu n\u00e3o consigo comprar passagens&quot;, lamenta a estudante universit\u00e1ria Nicole Andrin, de Manaus (AM).<\/p>\n<p> Ela e o namorado viajariam para S\u00e3o Paulo no dia 8 de outubro para ver o <strong>show do The Weekend.<\/strong> &quot;Sou muito f\u00e3&quot;, diz. <\/p>\n<p> Para comprar as passagens, ela poderia usar um voucher no valor de R$ 1.644,63. &quot;[Mas,] a passagem atualmente est\u00e1 custando R$ 1.800 por adulto&quot;, conta. <\/p>\n<p>         6 de 7&#013;Print da conversa de WhatsApp entre Nicole Andrin e a 123 Milhas. \u2014 Foto: Reprodu\u00e7\u00e3o    <\/p>\n<p> Print da conversa de WhatsApp entre Nicole Andrin e a 123 Milhas. \u2014 Foto: Reprodu\u00e7\u00e3o <\/p>\n<p><h2>Viola\u00e7\u00e3o do C\u00f3digo do Consumidor<\/h2>\n<\/p>\n<p> Ainda nas trocas de mensagens entre a 123 Milhas e Gislaine, a empresa diz \u00e0 cliente que ela s\u00f3 tem a op\u00e7\u00e3o de receber o voucher, sendo que o artigo 35 do C\u00f3digo Brasileiro do Consumidor <a class href=\"https:\/\/g1.globo.com\/turismo-e-viagem\/noticia\/2023\/08\/19\/123-milhas-consumidor-tem-direito-a-ter-o-seu-dinheiro-de-volta-de-passagens-e-pacotes-suspensos-afirmam-advogados.ghtml\">garante a restitui\u00e7\u00e3o do dinheiro.<\/a> Veja trecho: <\/p>\n<p>         7 de 7&#013;Print de uma conversa de WhatsApp entre a 123 Milhas e Gislaine Estev\u00e3o, de Joinville (SC). \u2014 Foto: Reprodu\u00e7\u00e3o    <\/p>\n<p> Print de uma conversa de WhatsApp entre a 123 Milhas e Gislaine Estev\u00e3o, de Joinville (SC). \u2014 Foto: Reprodu\u00e7\u00e3o <\/p>\n<p>                   <img loading=\"lazy\" decoding=\"async\" class=\"aligncenter size-full wp-image-51562\" src=\"https:\/\/blog.corretoraideal.com.br\/wp-content\/uploads\/2023\/08\/secretario-nacional-do-consumidor-diz-que-123-milhas-precisa-oferecer-outras-modalidades-de-ressarcimento.jpeg\" alt=\"Secret\u00e1rio Nacional do Consumidor diz que 123 Milhas precisa oferecer outras modalidades de ressarcimento\" width=\"800\" height=\"400\" \/>      <\/p>\n<p> Secret\u00e1rio Nacional do Consumidor diz que 123 Milhas precisa oferecer outras modalidades de ressarcimento <\/p>\n<ul>\n<li> <a href=\"https:\/\/g1.globo.com\/pa\/para\/cidade\/belem\/\" class=\"entities__list-itemLink\" data-track-click=\"Bel\u00e9m\"> Bel\u00e9m <\/a> <\/li>\n<li> <a href=\"https:\/\/g1.globo.com\/sc\/santa-catarina\/cidade\/joinville\/\" class=\"entities__list-itemLink\" data-track-click=\"Joinville\"> Joinville <\/a> <\/li>\n<\/ul>\n","protected":false},"excerpt":{"rendered":"<p>1 de 7&#013;Gislaine Estev\u00e3o e sua namorada compraram passagem para ir a Londres, que foi suspensa pela 123 Milhas. \u2014 Foto: Reprodu\u00e7\u00e3o Gislaine Estev\u00e3o e sua namorada compraram passagem para ir a Londres, que foi suspensa pela 123 Milhas. \u2014 Foto: Reprodu\u00e7\u00e3o Ap\u00f3s suspender emiss\u00e3o de passagens a\u00e9reas da linha Promo, na sexta-feira (18), a [&hellip;]<\/p>\n","protected":false},"author":1,"featured_media":0,"comment_status":"closed","ping_status":"closed","sticky":false,"template":"","format":"standard","meta":{"footnotes":""},"categories":[],"tags":[],"class_list":["post-51559","post","type-post","status-publish","format-standard","hentry"],"_links":{"self":[{"href":"https:\/\/blog.corretoraideal.com.br\/index.php\/wp-json\/wp\/v2\/posts\/51559","targetHints":{"allow":["GET"]}}],"collection":[{"href":"https:\/\/blog.corretoraideal.com.br\/index.php\/wp-json\/wp\/v2\/posts"}],"about":[{"href":"https:\/\/blog.corretoraideal.com.br\/index.php\/wp-json\/wp\/v2\/types\/post"}],"author":[{"embeddable":true,"href":"https:\/\/blog.corretoraideal.com.br\/index.php\/wp-json\/wp\/v2\/users\/1"}],"replies":[{"embeddable":true,"href":"https:\/\/blog.corretoraideal.com.br\/index.php\/wp-json\/wp\/v2\/comments?post=51559"}],"version-history":[{"count":1,"href":"https:\/\/blog.corretoraideal.com.br\/index.php\/wp-json\/wp\/v2\/posts\/51559\/revisions"}],"predecessor-version":[{"id":51563,"href":"https:\/\/blog.corretoraideal.com.br\/index.php\/wp-json\/wp\/v2\/posts\/51559\/revisions\/51563"}],"wp:attachment":[{"href":"https:\/\/blog.corretoraideal.com.br\/index.php\/wp-json\/wp\/v2\/media?parent=51559"}],"wp:term":[{"taxonomy":"category","embeddable":true,"href":"https:\/\/blog.corretoraideal.com.br\/index.php\/wp-json\/wp\/v2\/categories?post=51559"},{"taxonomy":"post_tag","embeddable":true,"href":"https:\/\/blog.corretoraideal.com.br\/index.php\/wp-json\/wp\/v2\/tags?post=51559"}],"curies":[{"name":"wp","href":"https:\/\/api.w.org\/{rel}","templated":true}]}}