{"id":51573,"date":"2023-08-24T07:36:26","date_gmt":"2023-08-24T07:36:26","guid":{"rendered":"https:\/\/blog.corretoraideal.com.br\/?p=51573"},"modified":"2023-08-24T07:36:26","modified_gmt":"2023-08-24T07:36:26","slug":"drogas-e-materiais-usados-no-trafico-sao-apreendidos-em-toneis-durante-operacao-itaperuna-segura-norte-fluminense-g1","status":"publish","type":"post","link":"https:\/\/blog.corretoraideal.com.br\/index.php\/2023\/08\/24\/drogas-e-materiais-usados-no-trafico-sao-apreendidos-em-toneis-durante-operacao-itaperuna-segura-norte-fluminense-g1\/","title":{"rendered":"Drogas e materiais usados no tr\u00e1fico s\u00e3o apreendidos em ton\u00e9is durante opera\u00e7\u00e3o &#039;Itaperuna Segura&#039; | Norte Fluminense | G1"},"content":{"rendered":"<p>      1 de 1&#013;Material apreendido durante a &#039;Opera\u00e7\u00e3o Itaperuna Segura&#039; \u2014 Foto: Pol\u00edcia Civil\/Divulga\u00e7\u00e3o    <\/p>\n<p> Material apreendido durante a &#039;Opera\u00e7\u00e3o Itaperuna Segura&#039; \u2014 Foto: Pol\u00edcia Civil\/Divulga\u00e7\u00e3o <\/p>\n<p> Cargas de drogas escondidas em ton\u00e9is e materiais usados no tr\u00e1fico foram apreendidos na zona rural de <a class href=\"https:\/\/g1.globo.com\/rj\/norte-fluminense\/cidade\/itaperuna\/\">Itaperuna<\/a>, no Noroeste Fluminense. <\/p>\n<p> O trabalho faz parte da &quot;Opera\u00e7\u00e3o Itaperuna Segura&quot;, que teve mais uma etapa realizada nesta ter\u00e7a-feira (22) por policiais civis da 143\u00aa Delegacia de Pol\u00edcia e militares do 29\u00b0 Batalh\u00e3o da Pol\u00edcia Militar. <\/p>\n<p> &quot;A Pol\u00edcia Civil conta com o apoio da Pol\u00edcia Militar, Minist\u00e9rio P\u00fablico e Justi\u00e7a para cada vez mais estar empenhada na Opera\u00e7\u00e3o Itaperuna Segura. Buscamos combater crimes relacionados ao tr\u00e1fico de drogas e homic\u00eddios que aconteceram no munic\u00edpio&quot;, explica o delegado titular Dr. Flipi Poeys Lima, respons\u00e1vel pelas investiga\u00e7\u00f5es. <\/p>\n<p> De acordo com o comandante do 29\u00b0 BPM, tenente-coronel Luiz Cl\u00e1udio Regis, as equipes foram at\u00e9 o distrito de itajara verificar informa\u00e7\u00f5es que apontavam para cargas de drogas escondidas. <\/p>\n<p> Durante buscas foram apreendidos dez tabletes de maconha, uma bucha grande de coca\u00edna, oito balan\u00e7as de precis\u00e3o, um tonel, cinco facas e objetos diversos usados para embalar as drogas. <\/p>\n<p> &quot;Den\u00fancias an\u00f4nimas sobre procurados pela pol\u00edcia ou crimes em Itaperuna podem ser passadas ao disque den\u00fancia da 143\u00aa DP pelo whatsapp (22) 98831-8027&quot;, destaca o delegado Flipi Poeys. <\/p>\n<ul>\n<li> <a href=\"https:\/\/g1.globo.com\/rj\/norte-fluminense\/cidade\/itaperuna\/\" class=\"entities__list-itemLink\" data-track-click=\"Itaperuna\"> Itaperuna <\/a> <\/li>\n<\/ul>\n","protected":false},"excerpt":{"rendered":"<p>1 de 1&#013;Material apreendido durante a &#039;Opera\u00e7\u00e3o Itaperuna Segura&#039; \u2014 Foto: Pol\u00edcia Civil\/Divulga\u00e7\u00e3o Material apreendido durante a &#039;Opera\u00e7\u00e3o Itaperuna Segura&#039; \u2014 Foto: Pol\u00edcia Civil\/Divulga\u00e7\u00e3o Cargas de drogas escondidas em ton\u00e9is e materiais usados no tr\u00e1fico foram apreendidos na zona rural de Itaperuna, no Noroeste Fluminense. O trabalho faz parte da &quot;Opera\u00e7\u00e3o Itaperuna Segura&quot;, que teve [&hellip;]<\/p>\n","protected":false},"author":1,"featured_media":0,"comment_status":"closed","ping_status":"closed","sticky":false,"template":"","format":"standard","meta":{"footnotes":""},"categories":[],"tags":[],"class_list":["post-51573","post","type-post","status-publish","format-standard","hentry"],"_links":{"self":[{"href":"https:\/\/blog.corretoraideal.com.br\/index.php\/wp-json\/wp\/v2\/posts\/51573","targetHints":{"allow":["GET"]}}],"collection":[{"href":"https:\/\/blog.corretoraideal.com.br\/index.php\/wp-json\/wp\/v2\/posts"}],"about":[{"href":"https:\/\/blog.corretoraideal.com.br\/index.php\/wp-json\/wp\/v2\/types\/post"}],"author":[{"embeddable":true,"href":"https:\/\/blog.corretoraideal.com.br\/index.php\/wp-json\/wp\/v2\/users\/1"}],"replies":[{"embeddable":true,"href":"https:\/\/blog.corretoraideal.com.br\/index.php\/wp-json\/wp\/v2\/comments?post=51573"}],"version-history":[{"count":1,"href":"https:\/\/blog.corretoraideal.com.br\/index.php\/wp-json\/wp\/v2\/posts\/51573\/revisions"}],"predecessor-version":[{"id":51575,"href":"https:\/\/blog.corretoraideal.com.br\/index.php\/wp-json\/wp\/v2\/posts\/51573\/revisions\/51575"}],"wp:attachment":[{"href":"https:\/\/blog.corretoraideal.com.br\/index.php\/wp-json\/wp\/v2\/media?parent=51573"}],"wp:term":[{"taxonomy":"category","embeddable":true,"href":"https:\/\/blog.corretoraideal.com.br\/index.php\/wp-json\/wp\/v2\/categories?post=51573"},{"taxonomy":"post_tag","embeddable":true,"href":"https:\/\/blog.corretoraideal.com.br\/index.php\/wp-json\/wp\/v2\/tags?post=51573"}],"curies":[{"name":"wp","href":"https:\/\/api.w.org\/{rel}","templated":true}]}}