{"id":51587,"date":"2023-08-24T12:37:42","date_gmt":"2023-08-24T12:37:42","guid":{"rendered":"https:\/\/blog.corretoraideal.com.br\/?p=51587"},"modified":"2023-08-24T12:37:42","modified_gmt":"2023-08-24T12:37:42","slug":"tiro-de-guerra-realiza-mais-uma-etapa-da-campanha-contra-a-fome-e-o-frio-em-bom-jesus-do-itabapoana-norte-fluminense-g1","status":"publish","type":"post","link":"https:\/\/blog.corretoraideal.com.br\/index.php\/2023\/08\/24\/tiro-de-guerra-realiza-mais-uma-etapa-da-campanha-contra-a-fome-e-o-frio-em-bom-jesus-do-itabapoana-norte-fluminense-g1\/","title":{"rendered":"Tiro de Guerra realiza mais uma etapa da campanha contra a fome e o frio em Bom Jesus do Itabapoana | Norte Fluminense | G1"},"content":{"rendered":"<p>      1 de 2&#013;Doa\u00e7\u00f5es j\u00e1 come\u00e7aram a ser feitas durante campanha do Tiro de Guerra de Bom Jesus do Itabapoana \u2014 Foto: Tiro de Guerra Bom Jesus do Itabapoana\/Divulga\u00e7\u00e3o    <\/p>\n<p> Doa\u00e7\u00f5es j\u00e1 come\u00e7aram a ser feitas durante campanha do Tiro de Guerra de Bom Jesus do Itabapoana \u2014 Foto: Tiro de Guerra Bom Jesus do Itabapoana\/Divulga\u00e7\u00e3o <\/p>\n<p> Em <a class href=\"https:\/\/g1.globo.com\/rj\/norte-fluminense\/cidade\/bom-jesus-do-itabapoana\/\">Bom Jesus do Itabapoana<\/a>, no Noroeste Fluminense, atiradores e respons\u00e1veis do Tiro de Guerra est\u00e3o desde julho trabalhando para realizar a campanha de combate \u00e0 fome e ao frio. E a primeira fase de entrega dos materiais arrecadados j\u00e1 ocorre desde o dia 8 de agosto. <\/p>\n<p> Equipes do Tiro de Guerra (TG 01-001) est\u00e3o recolhendo alimentos n\u00e3o perec\u00edveis, agasalhos e cobertores. Cestas b\u00e1sicas foram montadas e as distribui\u00e7\u00f5es j\u00e1 est\u00e3o sendo feitas junto \u00e0 Secretaria de A\u00e7\u00e3o Social do munic\u00edpio nos Centros de Refer\u00eancia (Cras). <\/p>\n<p> <strong>J\u00e1 foram arrecadados:<\/strong> <\/p>\n<ul>\n<li>Alimentos: 3.000 kg <\/li>\n<li>Cobertores:120 unidades <\/li>\n<li>Agasalho\/roupas: 1.500 pe\u00e7as<\/li>\n<\/ul>\n<p>         2 de 2&#013;Doa\u00e7\u00f5es podem ser entregues na sede do Tiro de Guerra na rua Pedro Rodrigues do Carmo, 85, no Centro de Bom Jesus do Itabapoana \u2014 Foto: Tiro de Guerra de Bom Jesus do Itabapoana\/Divulga\u00e7\u00e3o    <\/p>\n<p> Doa\u00e7\u00f5es podem ser entregues na sede do Tiro de Guerra na rua Pedro Rodrigues do Carmo, 85, no Centro de Bom Jesus do Itabapoana \u2014 Foto: Tiro de Guerra de Bom Jesus do Itabapoana\/Divulga\u00e7\u00e3o <\/p>\n<p><h2>Entrega de doa\u00e7\u00f5es<\/h2>\n<\/p>\n<p> As doa\u00e7\u00f5es podem ser entregues na sede do Tiro de Guerra na rua Pedro Rodrigues do Carmo, 85, no Centro de Bom Jesus do Itabapoana, das 8h \u00e0s 12h. <\/p>\n<ul>\n<li> <a href=\"https:\/\/g1.globo.com\/rj\/norte-fluminense\/cidade\/bom-jesus-do-itabapoana\/\" class=\"entities__list-itemLink\" data-track-click=\"Bom Jesus do Itabapoana\"> Bom Jesus do Itabapoana <\/a> <\/li>\n<\/ul>\n","protected":false},"excerpt":{"rendered":"<p>1 de 2&#013;Doa\u00e7\u00f5es j\u00e1 come\u00e7aram a ser feitas durante campanha do Tiro de Guerra de Bom Jesus do Itabapoana \u2014 Foto: Tiro de Guerra Bom Jesus do Itabapoana\/Divulga\u00e7\u00e3o Doa\u00e7\u00f5es j\u00e1 come\u00e7aram a ser feitas durante campanha do Tiro de Guerra de Bom Jesus do Itabapoana \u2014 Foto: Tiro de Guerra Bom Jesus do Itabapoana\/Divulga\u00e7\u00e3o Em [&hellip;]<\/p>\n","protected":false},"author":1,"featured_media":0,"comment_status":"closed","ping_status":"closed","sticky":false,"template":"","format":"standard","meta":{"footnotes":""},"categories":[],"tags":[],"class_list":["post-51587","post","type-post","status-publish","format-standard","hentry"],"_links":{"self":[{"href":"https:\/\/blog.corretoraideal.com.br\/index.php\/wp-json\/wp\/v2\/posts\/51587","targetHints":{"allow":["GET"]}}],"collection":[{"href":"https:\/\/blog.corretoraideal.com.br\/index.php\/wp-json\/wp\/v2\/posts"}],"about":[{"href":"https:\/\/blog.corretoraideal.com.br\/index.php\/wp-json\/wp\/v2\/types\/post"}],"author":[{"embeddable":true,"href":"https:\/\/blog.corretoraideal.com.br\/index.php\/wp-json\/wp\/v2\/users\/1"}],"replies":[{"embeddable":true,"href":"https:\/\/blog.corretoraideal.com.br\/index.php\/wp-json\/wp\/v2\/comments?post=51587"}],"version-history":[{"count":1,"href":"https:\/\/blog.corretoraideal.com.br\/index.php\/wp-json\/wp\/v2\/posts\/51587\/revisions"}],"predecessor-version":[{"id":51589,"href":"https:\/\/blog.corretoraideal.com.br\/index.php\/wp-json\/wp\/v2\/posts\/51587\/revisions\/51589"}],"wp:attachment":[{"href":"https:\/\/blog.corretoraideal.com.br\/index.php\/wp-json\/wp\/v2\/media?parent=51587"}],"wp:term":[{"taxonomy":"category","embeddable":true,"href":"https:\/\/blog.corretoraideal.com.br\/index.php\/wp-json\/wp\/v2\/categories?post=51587"},{"taxonomy":"post_tag","embeddable":true,"href":"https:\/\/blog.corretoraideal.com.br\/index.php\/wp-json\/wp\/v2\/tags?post=51587"}],"curies":[{"name":"wp","href":"https:\/\/api.w.org\/{rel}","templated":true}]}}