{"id":51596,"date":"2023-08-24T15:01:35","date_gmt":"2023-08-24T15:01:35","guid":{"rendered":"https:\/\/blog.corretoraideal.com.br\/?p=51596"},"modified":"2023-08-24T15:01:35","modified_gmt":"2023-08-24T15:01:35","slug":"shein-compra-um-terco-de-empresa-dona-da-forever-21-negocios-g1","status":"publish","type":"post","link":"https:\/\/blog.corretoraideal.com.br\/index.php\/2023\/08\/24\/shein-compra-um-terco-de-empresa-dona-da-forever-21-negocios-g1\/","title":{"rendered":"Shein compra um ter\u00e7o de empresa dona da Forever 21 | Neg\u00f3cios | G1"},"content":{"rendered":"<p>      1 de 1&#013; \u2014 Foto: Anna L\u00facia Silva\/Divulga\u00e7\u00e3o    <\/p>\n<p> \u2014 Foto: Anna L\u00facia Silva\/Divulga\u00e7\u00e3o <\/p>\n<p> A varejista chinesa Shein anunciou nesta quinta-feira (24) a aquisi\u00e7\u00e3o de um ter\u00e7o em participa\u00e7\u00e3o do Grupo SPARC. A joint venture de moda, beleza e lifestyle re\u00fane os grupos Authentic Brands e o Simon Property, o que inclui marcas como a fast fashion Forever 21. Com a negocia\u00e7\u00e3o, o Grupo SPARC passa a ser um acionista minorit\u00e1rio da Shein. <\/p>\n<p> O neg\u00f3cio pretende explorar a expertise da Shein com o e-commerce para dar alcance a produtos das marcas da joint venture. <strong>Em outras palavras: produtos da Forever 21 ser\u00e3o inclu\u00eddos no portf\u00f3lio online da Shein, que chega hoje a 150 milh\u00f5es de usu\u00e1rios no site e aplicativo. <\/strong> <\/p>\n<p> Segundo nota da empresa, a uni\u00e3o planeja utilizar plataformas complementares \u2014 de canais f\u00edsico e online \u2014 para &quot;acelerar a inova\u00e7\u00e3o de produtos, explorar estrat\u00e9gias para novos neg\u00f3cios, aprimorar a experi\u00eancia dos usu\u00e1rios e potencializar a presen\u00e7a das marcas no mercado&quot;. <\/p>\n<p> &quot;Estamos muito felizes com a parceria, pois a Shein reflete nossos objetivos em comum de oferecer moda acess\u00edvel e de qualidade. Trabalhando juntos, teremos a oportunidade de oferecer produtos ainda mais inovadores para os amantes da moda em todo o mundo&quot;, afirma em nota Marc Miller, CEO do Grupo SPARC. <\/p>\n<p> &quot;A lideran\u00e7a de Simon no varejo f\u00edsico, a experi\u00eancia em desenvolvimento de marca da Authentic e o modelo de neg\u00f3cios sob demanda da Shein nos ajudam a impulsionar um crescimento escal\u00e1vel e, juntos, podemos tornar a beleza da moda ainda mais acess\u00edvel a todos\u201d, comenta Donald Tang, presidente executivo da Shein. <\/p>\n<p> Esta reportagem est\u00e1 em atualiza\u00e7\u00e3o. <\/p>\n<ul> <\/ul>\n","protected":false},"excerpt":{"rendered":"<p>1 de 1&#013; \u2014 Foto: Anna L\u00facia Silva\/Divulga\u00e7\u00e3o \u2014 Foto: Anna L\u00facia Silva\/Divulga\u00e7\u00e3o A varejista chinesa Shein anunciou nesta quinta-feira (24) a aquisi\u00e7\u00e3o de um ter\u00e7o em participa\u00e7\u00e3o do Grupo SPARC. A joint venture de moda, beleza e lifestyle re\u00fane os grupos Authentic Brands e o Simon Property, o que inclui marcas como a fast [&hellip;]<\/p>\n","protected":false},"author":1,"featured_media":0,"comment_status":"closed","ping_status":"closed","sticky":false,"template":"","format":"standard","meta":{"footnotes":""},"categories":[],"tags":[],"class_list":["post-51596","post","type-post","status-publish","format-standard","hentry"],"_links":{"self":[{"href":"https:\/\/blog.corretoraideal.com.br\/index.php\/wp-json\/wp\/v2\/posts\/51596","targetHints":{"allow":["GET"]}}],"collection":[{"href":"https:\/\/blog.corretoraideal.com.br\/index.php\/wp-json\/wp\/v2\/posts"}],"about":[{"href":"https:\/\/blog.corretoraideal.com.br\/index.php\/wp-json\/wp\/v2\/types\/post"}],"author":[{"embeddable":true,"href":"https:\/\/blog.corretoraideal.com.br\/index.php\/wp-json\/wp\/v2\/users\/1"}],"replies":[{"embeddable":true,"href":"https:\/\/blog.corretoraideal.com.br\/index.php\/wp-json\/wp\/v2\/comments?post=51596"}],"version-history":[{"count":1,"href":"https:\/\/blog.corretoraideal.com.br\/index.php\/wp-json\/wp\/v2\/posts\/51596\/revisions"}],"predecessor-version":[{"id":51598,"href":"https:\/\/blog.corretoraideal.com.br\/index.php\/wp-json\/wp\/v2\/posts\/51596\/revisions\/51598"}],"wp:attachment":[{"href":"https:\/\/blog.corretoraideal.com.br\/index.php\/wp-json\/wp\/v2\/media?parent=51596"}],"wp:term":[{"taxonomy":"category","embeddable":true,"href":"https:\/\/blog.corretoraideal.com.br\/index.php\/wp-json\/wp\/v2\/categories?post=51596"},{"taxonomy":"post_tag","embeddable":true,"href":"https:\/\/blog.corretoraideal.com.br\/index.php\/wp-json\/wp\/v2\/tags?post=51596"}],"curies":[{"name":"wp","href":"https:\/\/api.w.org\/{rel}","templated":true}]}}