{"id":51599,"date":"2023-08-24T15:39:59","date_gmt":"2023-08-24T15:39:59","guid":{"rendered":"https:\/\/blog.corretoraideal.com.br\/?p=51599"},"modified":"2023-08-24T15:39:59","modified_gmt":"2023-08-24T15:39:59","slug":"implantes-cerebrais-para-restabelecer-a-fala-tem-grandes-avancos-inovacao-g1","status":"publish","type":"post","link":"https:\/\/blog.corretoraideal.com.br\/index.php\/2023\/08\/24\/implantes-cerebrais-para-restabelecer-a-fala-tem-grandes-avancos-inovacao-g1\/","title":{"rendered":"Implantes cerebrais para restabelecer a fala t\u00eam grandes avan\u00e7os | Inova\u00e7\u00e3o | G1"},"content":{"rendered":"<p>      1 de 1&#013;Implante cerebral permitiu que paciente com ELA se comunicasse \u2014 Foto: Divulga\u00e7\u00e3o\/Wyss Center    <\/p>\n<p> Implante cerebral permitiu que paciente com ELA se comunicasse \u2014 Foto: Divulga\u00e7\u00e3o\/Wyss Center <\/p>\n<p> Devolver a fala a pessoas que a perderam \u00e9 uma meta cada vez mais fact\u00edvel, gra\u00e7as aos avan\u00e7os realizados com implantes cerebrais, \u00e9 o que mostram duas experi\u00eancias divulgadas na revista Nature nesta quarta-feira (23). <\/p>\n<p> Pat Bennet, de 68 anos, era uma executiva din\u00e2mica e com um estilo de vida saud\u00e1vel e com pr\u00e1tica de esportes. Mas h\u00e1 dez 10 anos a diagnosticaram com a doen\u00e7a de Charcot, um transtorno neurodegenerativo que vai privando o paciente dos seus movimentos aos poucos, at\u00e9 lhe provocar uma paralisia completa. <\/p>\n<p> Em seu caso, essa doen\u00e7a se traduziu inicialmente em uma dificuldade para se expressar, at\u00e9 perder a capacidade de falar. <\/p>\n<ul>\n<li><a class href=\"https:\/\/g1.globo.com\/inovacao\/noticia\/2022\/08\/13\/me-olham-com-estranheza-brasileiros-contam-como-e-ter-um-chip-implantado-na-mao.ghtml\">Brasileiros contam como \u00e9 ter um chip implantado na m\u00e3o<\/a><\/li>\n<\/ul>\n<p> Pesquisadores do departamento de neurocirurgia da universidade americana de Stanford lhe introduziram, em mar\u00e7o de 2022, quatro pequenos chips com 64 microeletrodos, fabricados com silicone. <\/p>\n<p> Embutidos em 1,5 mil\u00edmetro no c\u00f3rtex cerebral, esses chips registram os sinais el\u00e9tricos produzidos pelas partes do c\u00e9rebro dedicadas \u00e0 linguagem. <\/p>\n<p> Esses sinais s\u00e3o levados para fora do c\u00e9rebro por um conjunto de cabos e analisados por um algoritmo, que nos \u00faltimos quatro meses &quot;aprendeu&quot; a interpretar seu sentido. <\/p>\n<p> Ou seja, o algoritmo associa os sinais a fonemas e assim forma palavras, com a ajuda de um modelo de linguagem. <\/p>\n<p> &quot;Agora podemos imaginar que no futuro ser\u00e1 poss\u00edvel restabelecer uma conversa fluida em uma pessoa que sofra uma paralisia&quot; de linguagem, assegurou em uma coletiva de imprensa Frank Wilett, professor em Stanford e coautor do estudo. <\/p>\n<p> Gra\u00e7as a este dispositivo tecnol\u00f3gico, Bennet fala por meio de uma tela a um ritmo de mais de 60 palavras por minuto. <\/p>\n<p> Isso representa uma capacidade de fala inferior \u00e0s 150 ou 200 palavras por minuto de uma pessoa que n\u00e3o sofre de paralisia, mas se trata de um ritmo tr\u00eas vezes superior ao conseguido por uma pessoa com paralisia de linguagem em 2021, em outra experi\u00eancia cient\u00edfica realizada pelo mesmo laborat\u00f3rio. <\/p>\n<p> Sua porcentagem de erro em um vocabul\u00e1rio de 50 palavras \u00e9 de 10%, enquanto antes era de mais de 20%. <\/p>\n<ul>\n<li><a class href=\"https:\/\/g1.globo.com\/tecnologia\/noticia\/2023\/05\/25\/agencia-dos-eua-autoriza-empresa-de-elon-musk-a-realizar-estudos-para-implantes-cerebrais-em-humanos.ghtml\">Ag\u00eancia dos EUA autoriza empresa de Elon Musk a realizar estudos para implantes cerebrais em humanos<\/a><\/li>\n<li><a class href=\"https:\/\/g1.globo.com\/tecnologia\/noticia\/2023\/08\/23\/armas-inteligentes-fabricante-promete-pistola-que-so-dispara-apos-identificar-atirador.ghtml#G1-TECNOLOGIA-FEED-user,rec-top,c57bd620-06d6-49c1-bd87-e7f0e275dcfc\">Armas inteligentes: fabricante promete pistola que s\u00f3 dispara ap\u00f3s identificar atirador<\/a><\/li>\n<\/ul>\n<p><h2>Voz artificial <\/h2>\n<\/p>\n<p> O segundo avan\u00e7o, descrito na Nature, foi realizado pela equipe de Edward Chang na universidade da Calif\u00f3rnia. <\/p>\n<p> Seu dispositivo se baseia em um grupo de eletrodos instalados no c\u00f3rtex cerebral. <\/p>\n<p> Sua efic\u00e1cia \u00e9 compar\u00e1vel \u00e0 do estudo de Stanford, com uma m\u00e9dia de 78 palavras por minuto. <\/p>\n<p> Representou um avan\u00e7o enorme para a paciente em que os eletrodos foram instalados. Ap\u00f3s ter sofrido uma paraplegia devido a uma hemorragia cerebral, at\u00e9 agora sua capacidade de fala era de 14 palavras por minuto, com a ajuda de uma t\u00e9cnica que seguia os movimentos da cabe\u00e7a. <\/p>\n<p> Uma das especifica\u00e7\u00f5es do dispositivo do laborat\u00f3rio californiano \u00e9 que ele n\u00e3o s\u00f3 analisa os sinais el\u00e9tricos da parte do c\u00e9rebro dedicada \u00e0 linguagem, mas tamb\u00e9m os movimentos dos l\u00e1bios, da l\u00edngua e dos outros m\u00fasculos faciais que produzem os sons. <\/p>\n<p> &quot;H\u00e1 entre cinco e seis anos que come\u00e7amos a entender as redes el\u00e9tricas que regem os movimentos dos l\u00e1bios, da mand\u00edbula e da l\u00edngua e que nos permitem produzir os sons espec\u00edficos de cada consoante, vogal e palavra&quot;, explica o professor Chang. <\/p>\n<p> A interface entre o c\u00e9rebro e o dispositivo desse laborat\u00f3rio n\u00e3o apenas produz linguagem em forma de texto em uma tela, mas tamb\u00e9m com uma voz artificial e um avatar que reproduz as express\u00f5es faciais do paciente quando ele se expressa. <\/p>\n<p> Agora, o laborat\u00f3rio da universidade da Calif\u00f3rnia espera desenvolver uma vers\u00e3o sem fios do mesmo mecanismo. <\/p>\n<p> Isso teria &quot;consequ\u00eancias profundas para a independ\u00eancia e para as intera\u00e7\u00f5es sociais&quot; do paciente, destaca David Moses, coautor do estudo e professor de neurocirurgia na universidade de S\u00e3o Francisco. <\/p>\n<p><h2>Como \u00e9 ter um microchip implantado na m\u00e3o<\/h2>\n<\/p>\n<p>                   <img loading=\"lazy\" decoding=\"async\" class=\"aligncenter size-full wp-image-51601\" src=\"https:\/\/blog.corretoraideal.com.br\/wp-content\/uploads\/2023\/08\/como-e-ter-um-microchip-implantado-na-mao.jpeg\" alt=\"Como \u00e9 ter um microchip implantado na m\u00e3o\" width=\"800\" height=\"400\" \/>      <\/p>\n<p> Como \u00e9 ter um microchip implantado na m\u00e3o <\/p>\n<p><h2>Empresa quer escanear a \u00edris de toda a popula\u00e7\u00e3o mundial <\/h2>\n<\/p>\n<p>                   <img loading=\"lazy\" decoding=\"async\" class=\"aligncenter size-full wp-image-51602\" src=\"https:\/\/blog.corretoraideal.com.br\/wp-content\/uploads\/2023\/08\/empresa-quer-escanear-a-iris-de-toda-a-populacao-mundial-para-coletar-dados.jpeg\" alt=\"Empresa quer escanear a \u00edris de toda a popula\u00e7\u00e3o mundial para coletar dados\" width=\"800\" height=\"400\" \/>      <\/p>\n<p> Empresa quer escanear a \u00edris de toda a popula\u00e7\u00e3o mundial para coletar dados <\/p>\n<p><h2>Campanha alerta para o risco de postar fotos de crian\u00e7as na internet<\/h2>\n<\/p>\n<p>                   <img loading=\"lazy\" decoding=\"async\" class=\"aligncenter size-full wp-image-51603\" src=\"https:\/\/blog.corretoraideal.com.br\/wp-content\/uploads\/2023\/08\/campanha-alerta-para-o-risco-de-postar-fotos-de-criancas-na-internet.jpeg\" alt=\"Campanha alerta para o risco de postar fotos de crian\u00e7as na internet\" width=\"800\" height=\"400\" \/>      <\/p>\n<p> Campanha alerta para o risco de postar fotos de crian\u00e7as na internet <\/p>\n<p> <strong>LEIA TAMB\u00c9M:<\/strong> <\/p>\n<ul>\n<li><a class href=\"https:\/\/g1.globo.com\/tecnologia\/noticia\/2023\/08\/18\/entenda-o-que-e-um-hacker-e-a-diferenca-para-cracker.ghtml#G1-TECNOLOGIA-FEED-user,rec-top,c57bd620-06d6-49c1-bd87-e7f0e275dcfc\">Entenda o que \u00e9 um &#x27;hacker&#x27; e a diferen\u00e7a para &#x27;cracker&#x27;<\/a><\/li>\n<li><a class href=\"https:\/\/g1.globo.com\/tecnologia\/noticia\/2023\/08\/18\/como-ladroes-de-carros-estao-virando-hackers-para-roubar-modelos-mais-modernos.ghtml#G1-TECNOLOGIA-FEED-user,rec-top,c57bd620-06d6-49c1-bd87-e7f0e275dcfc\">Como ladr\u00f5es de carros est\u00e3o virando \u2018hackers\u2019 para roubar modelos mais modernos<\/a><\/li>\n<li><a class href=\"https:\/\/g1.globo.com\/tecnologia\/noticia\/2023\/08\/17\/como-escolher-uma-senha-segura.ghtml#G1-TECNOLOGIA-FEED-user,rec-top,c57bd620-06d6-49c1-bd87-e7f0e275dcfc\">Como escolher uma senha segura<\/a><\/li>\n<\/ul>\n<ul> <\/ul>\n","protected":false},"excerpt":{"rendered":"<p>1 de 1&#013;Implante cerebral permitiu que paciente com ELA se comunicasse \u2014 Foto: Divulga\u00e7\u00e3o\/Wyss Center Implante cerebral permitiu que paciente com ELA se comunicasse \u2014 Foto: Divulga\u00e7\u00e3o\/Wyss Center Devolver a fala a pessoas que a perderam \u00e9 uma meta cada vez mais fact\u00edvel, gra\u00e7as aos avan\u00e7os realizados com implantes cerebrais, \u00e9 o que mostram duas [&hellip;]<\/p>\n","protected":false},"author":1,"featured_media":0,"comment_status":"closed","ping_status":"closed","sticky":false,"template":"","format":"standard","meta":{"footnotes":""},"categories":[],"tags":[],"class_list":["post-51599","post","type-post","status-publish","format-standard","hentry"],"_links":{"self":[{"href":"https:\/\/blog.corretoraideal.com.br\/index.php\/wp-json\/wp\/v2\/posts\/51599","targetHints":{"allow":["GET"]}}],"collection":[{"href":"https:\/\/blog.corretoraideal.com.br\/index.php\/wp-json\/wp\/v2\/posts"}],"about":[{"href":"https:\/\/blog.corretoraideal.com.br\/index.php\/wp-json\/wp\/v2\/types\/post"}],"author":[{"embeddable":true,"href":"https:\/\/blog.corretoraideal.com.br\/index.php\/wp-json\/wp\/v2\/users\/1"}],"replies":[{"embeddable":true,"href":"https:\/\/blog.corretoraideal.com.br\/index.php\/wp-json\/wp\/v2\/comments?post=51599"}],"version-history":[{"count":1,"href":"https:\/\/blog.corretoraideal.com.br\/index.php\/wp-json\/wp\/v2\/posts\/51599\/revisions"}],"predecessor-version":[{"id":51604,"href":"https:\/\/blog.corretoraideal.com.br\/index.php\/wp-json\/wp\/v2\/posts\/51599\/revisions\/51604"}],"wp:attachment":[{"href":"https:\/\/blog.corretoraideal.com.br\/index.php\/wp-json\/wp\/v2\/media?parent=51599"}],"wp:term":[{"taxonomy":"category","embeddable":true,"href":"https:\/\/blog.corretoraideal.com.br\/index.php\/wp-json\/wp\/v2\/categories?post=51599"},{"taxonomy":"post_tag","embeddable":true,"href":"https:\/\/blog.corretoraideal.com.br\/index.php\/wp-json\/wp\/v2\/tags?post=51599"}],"curies":[{"name":"wp","href":"https:\/\/api.w.org\/{rel}","templated":true}]}}