{"id":51605,"date":"2023-08-24T17:37:28","date_gmt":"2023-08-24T17:37:28","guid":{"rendered":"https:\/\/blog.corretoraideal.com.br\/?p=51605"},"modified":"2023-08-24T17:37:28","modified_gmt":"2023-08-24T17:37:28","slug":"ciee-realiza-mutirao-de-cadastramento-para-estagio-e-aprendizagem-em-5-cidades-do-rio-regiao-serrana-g1","status":"publish","type":"post","link":"https:\/\/blog.corretoraideal.com.br\/index.php\/2023\/08\/24\/ciee-realiza-mutirao-de-cadastramento-para-estagio-e-aprendizagem-em-5-cidades-do-rio-regiao-serrana-g1\/","title":{"rendered":"CIEE realiza mutir\u00e3o de cadastramento para est\u00e1gio e aprendizagem em 5 cidades do Rio | Regi\u00e3o Serrana | G1"},"content":{"rendered":"\n<p> Cinco cidades do Rio de Janeiro v\u00e3o receber um mutir\u00e3o do Centro de Integra\u00e7\u00e3o Empresa-Escola Rio (CIEE Rio) com o objetivo de fazer o cadastramento para est\u00e1gio e aprendizagem. O projeto estar\u00e1 em em <a class href=\"https:\/\/g1.globo.com\/rj\/regiao-serrana\/cidade\/nova-friburgo\/\">Nova Friburgo<\/a> e <a class href=\"https:\/\/g1.globo.com\/rj\/regiao-serrana\/cidade\/petropolis\/\">Petr\u00f3polis<\/a>, na Regi\u00e3o Serrana; em <a class href=\"https:\/\/g1.globo.com\/rj\/regiao-dos-lagos\/cidade\/cabo-frio\/\">Cabo Frio<\/a>, na Regi\u00e3o dos Lagos; e em <a class href=\"https:\/\/g1.globo.com\/rj\/regiao-dos-lagos\/cidade\/macae\/\">Maca\u00e9<\/a> e <a class href=\"https:\/\/g1.globo.com\/rj\/norte-fluminense\/cidade\/campos-dos-goytacazes\/\">Campos dos Goytacazes<\/a>, no Norte Fluminense. <\/p>\n<p> Para concorrer a uma vaga de est\u00e1gio ou aprendizagem \u00e9 necess\u00e1rio que o estudante ou jovem esteja cadastrado na plataforma do CIEE. A institui\u00e7\u00e3o lembra que cadastro \u00e9 gratuito, bastando preencher o formul\u00e1rio com os dados pedidos. <\/p>\n<p> \u201c\u00c9 importante tamb\u00e9m que os estudantes e jovens atualizem o cadastro caso j\u00e1 esteja na nossa plataforma, porque o CIEE s\u00f3 pode encontrar os estudantes com os dados que est\u00e3o registrados. Se mudou o n\u00famero do telefone, tem que atualizar o cadastro. Se fez um curso, inclua no curr\u00edculo. Se est\u00e1 terminando o semestre na faculdade, atualize tamb\u00e9m, porque s\u00e3o as empresas que determinam o perfil do candidato\u201d, lembra Luiz Gustavo Coppola, superintendente do CIEE Rio. <\/p>\n<p><h2>Quem pode se inscrever<\/h2>\n<\/p>\n<ul>\n<li>Pode ser estagi\u00e1rio estudante com 16 anos completos e regularmente matriculado em uma institui\u00e7\u00e3o de ensino. <\/li>\n<li>N\u00e3o h\u00e1 limite m\u00e1ximo de idade, desde que seja estudante de ensino m\u00e9dio, t\u00e9cnico, tecnol\u00f3gico ou superior.<\/li>\n<li>Pode ser aprendiz jovem entre 14 a 24 anos incompletos que podem estar cursando ensino m\u00e9dio ou j\u00e1 terem conclu\u00eddo. <\/li>\n<\/ul>\n<p><h2>Veja datas e locais:<\/h2>\n<\/p>\n<p> <strong>Dias 24, 25 e 26 agosto<\/strong> <\/p>\n<p> <strong>Nova Friburgo<\/strong> <\/p>\n<ul>\n<li>Pra\u00e7a Dermeval Barbosa Moreira &#8211; Centro<\/li>\n<li>Das 9 \u00e0s 16h<\/li>\n<\/ul>\n<p> <strong>Dia 28 de agosto<\/strong> <\/p>\n<p> <strong>Cabo Frio<\/strong> <\/p>\n<ul>\n<li>Posto de Cabo Frio &#8211; Estrada Perynas, s\/n &#8211; Salinas &#8211; Cabo Frio (dentro da Universidade Veiga de Almeida).<\/li>\n<li>Das 10 \u00e0s 15h<\/li>\n<\/ul>\n<p> <strong>Dia 29 de agosto<\/strong> <\/p>\n<p> <strong>Maca\u00e9<\/strong> <\/p>\n<ul>\n<li>Unidade do CIEE Maca\u00e9 &#8211; Galeria Maca\u00e9 Center, Av. Rui Barbosa, 275 &#8211; 1\u00b0 andar &#8211; Centro<\/li>\n<li>Das 10 \u00e0s 15h<\/li>\n<\/ul>\n<p> <strong>Dia 29 de agosto<\/strong> <\/p>\n<p> <strong>Petr\u00f3polis<\/strong> <\/p>\n<ul>\n<li>Av. Dom Pedro I, 374 &#8211; Centro<\/li>\n<li>Das 9 \u00e0s 17h<\/li>\n<\/ul>\n<p> <strong>Dias 30 e 31<\/strong> <\/p>\n<p> <strong>Campos dos Goytacazes<\/strong> <\/p>\n<ul>\n<li>Feira Mostre-se &#8211; IFF Campus Centro <\/li>\n<li>Das 14 \u00e0s 20h<\/li>\n<\/ul>\n<ul>\n<li> <a href=\"https:\/\/g1.globo.com\/rj\/regiao-dos-lagos\/cidade\/cabo-frio\/\" class=\"entities__list-itemLink\" data-track-click=\"Cabo Frio\"> Cabo Frio <\/a> <\/li>\n<li> <a href=\"https:\/\/g1.globo.com\/rj\/norte-fluminense\/cidade\/campos-dos-goytacazes\/\" class=\"entities__list-itemLink\" data-track-click=\"Campos dos Goytacazes\"> Campos dos Goytacazes <\/a> <\/li>\n<li> <a href=\"https:\/\/g1.globo.com\/rj\/regiao-dos-lagos\/cidade\/macae\/\" class=\"entities__list-itemLink\" data-track-click=\"Maca\u00e9\"> Maca\u00e9 <\/a> <\/li>\n<li> <a href=\"https:\/\/g1.globo.com\/rj\/regiao-serrana\/cidade\/nova-friburgo\/\" class=\"entities__list-itemLink\" data-track-click=\"Nova Friburgo\"> Nova Friburgo <\/a> <\/li>\n<li> <a href=\"https:\/\/g1.globo.com\/rj\/regiao-serrana\/cidade\/petropolis\/\" class=\"entities__list-itemLink\" data-track-click=\"Petr\u00f3polis\"> Petr\u00f3polis <\/a> <\/li>\n<\/ul>\n","protected":false},"excerpt":{"rendered":"<p>Cinco cidades do Rio de Janeiro v\u00e3o receber um mutir\u00e3o do Centro de Integra\u00e7\u00e3o Empresa-Escola Rio (CIEE Rio) com o objetivo de fazer o cadastramento para est\u00e1gio e aprendizagem. O projeto estar\u00e1 em em Nova Friburgo e Petr\u00f3polis, na Regi\u00e3o Serrana; em Cabo Frio, na Regi\u00e3o dos Lagos; e em Maca\u00e9 e Campos dos Goytacazes, [&hellip;]<\/p>\n","protected":false},"author":1,"featured_media":0,"comment_status":"closed","ping_status":"closed","sticky":false,"template":"","format":"standard","meta":{"footnotes":""},"categories":[],"tags":[],"class_list":["post-51605","post","type-post","status-publish","format-standard","hentry"],"_links":{"self":[{"href":"https:\/\/blog.corretoraideal.com.br\/index.php\/wp-json\/wp\/v2\/posts\/51605","targetHints":{"allow":["GET"]}}],"collection":[{"href":"https:\/\/blog.corretoraideal.com.br\/index.php\/wp-json\/wp\/v2\/posts"}],"about":[{"href":"https:\/\/blog.corretoraideal.com.br\/index.php\/wp-json\/wp\/v2\/types\/post"}],"author":[{"embeddable":true,"href":"https:\/\/blog.corretoraideal.com.br\/index.php\/wp-json\/wp\/v2\/users\/1"}],"replies":[{"embeddable":true,"href":"https:\/\/blog.corretoraideal.com.br\/index.php\/wp-json\/wp\/v2\/comments?post=51605"}],"version-history":[{"count":1,"href":"https:\/\/blog.corretoraideal.com.br\/index.php\/wp-json\/wp\/v2\/posts\/51605\/revisions"}],"predecessor-version":[{"id":51607,"href":"https:\/\/blog.corretoraideal.com.br\/index.php\/wp-json\/wp\/v2\/posts\/51605\/revisions\/51607"}],"wp:attachment":[{"href":"https:\/\/blog.corretoraideal.com.br\/index.php\/wp-json\/wp\/v2\/media?parent=51605"}],"wp:term":[{"taxonomy":"category","embeddable":true,"href":"https:\/\/blog.corretoraideal.com.br\/index.php\/wp-json\/wp\/v2\/categories?post=51605"},{"taxonomy":"post_tag","embeddable":true,"href":"https:\/\/blog.corretoraideal.com.br\/index.php\/wp-json\/wp\/v2\/tags?post=51605"}],"curies":[{"name":"wp","href":"https:\/\/api.w.org\/{rel}","templated":true}]}}