{"id":5161,"date":"2018-07-07T15:25:15","date_gmt":"2018-07-07T15:25:15","guid":{"rendered":"http:\/\/corretoraideal.com.br\/blog\/index.php\/2018\/07\/07\/cca_title\/"},"modified":"2018-07-07T15:25:28","modified_gmt":"2018-07-07T15:25:28","slug":"o-conflito-entre-as-faccoes-no-iemen-deixa-mais-de-165-mortos-exame","status":"publish","type":"post","link":"https:\/\/blog.corretoraideal.com.br\/index.php\/2018\/07\/07\/o-conflito-entre-as-faccoes-no-iemen-deixa-mais-de-165-mortos-exame\/","title":{"rendered":"O conflito entre as fac\u00e7\u00f5es no I\u00eamen deixa mais de 165 mortos | exame"},"content":{"rendered":"<p><\/img><\/p>\n<p>As for&ccedil;as do governo apoiadas por estados estrangeiros o controle da &aacute;rea, perto do aeroporto da capital (Abdul-jabbar visita\/Reuters)<\/p>\n<p>Endere&ccedil;amento I&ecirc;men &ndash; <strong><a href=\"https:\/\/exame.abril.com.br\/noticias-sobre\/iemen\/\">de Yemeni<\/a><\/strong> dizer que a disputa entre a coaliz&atilde;o liderada pelo Saudita e Xiita rebeldes ao longo da costa oeste do pa&iacute;s, matou mais de 165 pessoas de ambos os lados.<\/p>\n<p>As autoridades disseram no s&aacute;bado que a luta est&aacute; concentrado nos &uacute;ltimos dois dias na &aacute;rea de Al-Tuhyta, ao sul da cidade de hodeidah.<\/p>\n<p>O conflito acontece no meio dos esfor&ccedil;os do Enviado Especial das Na&ccedil;&otilde;es Unidas para liderar a Alian&ccedil;a rebelde, que est&atilde;o alinhados com os do ir&atilde;, conhecida como houthis, para retomar as negocia&ccedil;&otilde;es de paz.<\/p>\n<p>No domingo, a coaliz&atilde;o disse que havia suspendido a sua campanha para a retomada do hodeidah para apoiar os esfor&ccedil;os das Na&ccedil;&otilde;es Unidas apela aos seus membros &#8220;a retirada incondicional&#8221; da cidade.<\/p>\n<p>As autoridades falaram sob condi&ccedil;&atilde;o de anonimato porque n&atilde;o estava autorizado a passar a informa&ccedil;&atilde;o para a imprensa. I&ecirc;men guerra civil travada desde Mar&ccedil;o de 2015. Fonte: Associated Press.<\/p>\n<p>Veja tamb&eacute;m<\/p>\n<ul>\n<li><a class=\"widget-news-thumb mini\" href=\"https:\/\/exame.abril.com.br\/mundo\/bombardeio-de-coalizao-deixa-pelo-menos-11-mortos-em-casamento-no-iemen\/\" rel=\"bookmark\"><img loading=\"lazy\" decoding=\"async\" class=\"aligncenter size-full wp-image-5163\" src=\"http:\/\/corretoraideal.com.br\/blog\/wp-content\/uploads\/2018\/07\/rebeldes-huthis-proximos-a-tanque-em-sanaa-capital-do-iemen.jpeg\" alt=\"Rebeldes huthis pr&oacute;ximos a tanque em Sanaa, capital do I&ecirc;men\" width=\"800\" height=\"400\" \/><\/img><\/a><a href=\"\/mundo\" class=\"widget-news-item-category color-theme\">O mundo<\/a><a href=\"https:\/\/exame.abril.com.br\/mundo\/bombardeio-de-coalizao-deixa-pelo-menos-11-mortos-em-casamento-no-iemen\/\" class=\"\">bombardeio da coaliz&atilde;o deixa pelo menos 11 mortos em casamento no I&ecirc;men<\/a><i>query_builder<\/i> 3 de julho de 2018 &#8211; 11h07<\/li>\n<li><a class=\"widget-news-thumb mini\" href=\"https:\/\/exame.abril.com.br\/mundo\/ameacada-cruz-vermelha-retira-funcionarios-estrangeiros-do-iemen\/\" rel=\"bookmark\"><img loading=\"lazy\" decoding=\"async\" class=\"aligncenter size-full wp-image-5164\" src=\"http:\/\/corretoraideal.com.br\/blog\/wp-content\/uploads\/2018\/07\/membros-da-cruz-vermelha-libanesa-ao-lado-do-caixao-de-membro-da-entidade-morto-no-iemen.jpeg\" alt=\"Membros da Cruz Vermelha libanesa ao lado do caix&atilde;o de membro da entidade morto no I&ecirc;men\" width=\"800\" height=\"400\" \/><\/img><\/a><a href=\"\/mundo\" class=\"widget-news-item-category color-theme\">O mundo<\/a><a href=\"https:\/\/exame.abril.com.br\/mundo\/ameacada-cruz-vermelha-retira-funcionarios-estrangeiros-do-iemen\/\" class=\"\">amea&ccedil;ado pela Cruz Vermelha retira o pessoal de estrangeiros do I&ecirc;men<\/a><i>query_builder<\/i> 7 de junho de 2018 &#8211; 20h06<\/li>\n<li><\/li>\n<\/ul>\n","protected":false},"excerpt":{"rendered":"<p>As for&ccedil;as do governo apoiadas por estados estrangeiros o controle da &aacute;rea, perto do aeroporto da capital (Abdul-jabbar visita\/Reuters) Endere&ccedil;amento I&ecirc;men &ndash; de Yemeni dizer que a disputa entre a coaliz&atilde;o liderada pelo Saudita e Xiita rebeldes ao longo da costa oeste do pa&iacute;s, matou mais de 165 pessoas de ambos os lados. As autoridades [&hellip;]<\/p>\n","protected":false},"author":0,"featured_media":0,"comment_status":"open","ping_status":"open","sticky":false,"template":"","format":"standard","meta":{"footnotes":""},"categories":[],"tags":[],"class_list":["post-5161","post","type-post","status-publish","format-standard","hentry"],"_links":{"self":[{"href":"https:\/\/blog.corretoraideal.com.br\/index.php\/wp-json\/wp\/v2\/posts\/5161","targetHints":{"allow":["GET"]}}],"collection":[{"href":"https:\/\/blog.corretoraideal.com.br\/index.php\/wp-json\/wp\/v2\/posts"}],"about":[{"href":"https:\/\/blog.corretoraideal.com.br\/index.php\/wp-json\/wp\/v2\/types\/post"}],"replies":[{"embeddable":true,"href":"https:\/\/blog.corretoraideal.com.br\/index.php\/wp-json\/wp\/v2\/comments?post=5161"}],"version-history":[{"count":1,"href":"https:\/\/blog.corretoraideal.com.br\/index.php\/wp-json\/wp\/v2\/posts\/5161\/revisions"}],"predecessor-version":[{"id":5165,"href":"https:\/\/blog.corretoraideal.com.br\/index.php\/wp-json\/wp\/v2\/posts\/5161\/revisions\/5165"}],"wp:attachment":[{"href":"https:\/\/blog.corretoraideal.com.br\/index.php\/wp-json\/wp\/v2\/media?parent=5161"}],"wp:term":[{"taxonomy":"category","embeddable":true,"href":"https:\/\/blog.corretoraideal.com.br\/index.php\/wp-json\/wp\/v2\/categories?post=5161"},{"taxonomy":"post_tag","embeddable":true,"href":"https:\/\/blog.corretoraideal.com.br\/index.php\/wp-json\/wp\/v2\/tags?post=5161"}],"curies":[{"name":"wp","href":"https:\/\/api.w.org\/{rel}","templated":true}]}}