{"id":51612,"date":"2023-08-24T19:46:51","date_gmt":"2023-08-24T19:46:51","guid":{"rendered":"https:\/\/blog.corretoraideal.com.br\/?p=51612"},"modified":"2023-08-24T19:46:51","modified_gmt":"2023-08-24T19:46:51","slug":"veja-o-que-muda-para-cada-faixa-salarial-apos-a-nova-isencao-do-ir-aprovada-pelo-congresso-imposto-de-renda-g1","status":"publish","type":"post","link":"https:\/\/blog.corretoraideal.com.br\/index.php\/2023\/08\/24\/veja-o-que-muda-para-cada-faixa-salarial-apos-a-nova-isencao-do-ir-aprovada-pelo-congresso-imposto-de-renda-g1\/","title":{"rendered":"Veja o que muda para cada faixa salarial ap\u00f3s a nova isen\u00e7\u00e3o do IR, aprovada pelo Congresso | Imposto de Renda | G1"},"content":{"rendered":"\n<p> O Congresso Nacional terminou de aprovar nesta quinta-feira (24) a medida provis\u00f3ria da nova faixa de isen\u00e7\u00e3o do Imposto de Renda. <\/p>\n<p> Segundo o texto, quem ganha at\u00e9 R$ 2.640 por m\u00eas n\u00e3o pagar\u00e1 Imposto de Renda, valor equivalente a dois sal\u00e1rios m\u00ednimos. Atualmente, esta isen\u00e7\u00e3o \u00e9 de R$ 1.903. <\/p>\n<p> A faixa de isen\u00e7\u00e3o subiu para R$ 2.112. Para completar os R$ 2.640 (dois sal\u00e1rios m\u00ednimos), o governo dar\u00e1 um desconto autom\u00e1tico de R$ 528. <\/p>\n<p> Com o aumento da isen\u00e7\u00e3o, mesmo quem ganha mais de dois sal\u00e1rios m\u00ednimos ser\u00e1 afetado. Isso porque o imposto n\u00e3o \u00e9 cobrado sobre todo o sal\u00e1rio \u2013 s\u00f3 incide nos valores que ultrapassam as faixas isentas ou de tributa\u00e7\u00e3o reduzida. <\/p>\n<p> Por exemplo: quem ganha R$ 4 mil por m\u00eas (e se encaixa na faixa 4 ), n\u00e3o paga 22,5% sobre toda a parte tribut\u00e1vel do sal\u00e1rio. S\u00f3 sobre a parte acima da isen\u00e7\u00e3o. <\/p>\n<p> Mas o valor que as faixas salariais v\u00e3o deduzir a mais mensalmente \u00e9 pequeno. Confira: <\/p>\n<p><h2>Valores<\/h2>\n<\/p>\n<p> Os novos valores j\u00e1 valiam desde maio, quando a medida provis\u00f3ria foi publicada. <\/p>\n<p> Veja como era antes e como fica agora: <\/p>\n<p> Se o contribuinte se enquadra na faixa 3 e recebe de R$ 2.826,66 a R$ 3.751,05, a parcela a deduzir passou de R$ 354,80 (na tabela anterior) para R$ 370,40 com a regra atual \u2013 uma diferen\u00e7a de R$ 15,60. <\/p>\n<p> Isso vale para todos aqueles que ganham acima de dois sal\u00e1rios m\u00ednimos \u2013 quem ganha at\u00e9 R$ 2.640 est\u00e1 isento do Imposto de Renda. <\/p>\n<p>                   <img loading=\"lazy\" decoding=\"async\" class=\"aligncenter size-full wp-image-51614\" src=\"https:\/\/blog.corretoraideal.com.br\/wp-content\/uploads\/2023\/08\/camara-aprova-mp-que-reajusta-salario-minimo-e-amplia-faixa-de-isencao-do-imposto-de-renda-veja-o-que-esta-valendo.jpeg\" alt=\"C\u00e2mara aprova MP que reajusta sal\u00e1rio m\u00ednimo e amplia faixa de isen\u00e7\u00e3o do imposto de renda; veja o que est\u00e1 valendo\" width=\"800\" height=\"400\" \/>      <\/p>\n<p> C\u00e2mara aprova MP que reajusta sal\u00e1rio m\u00ednimo e amplia faixa de isen\u00e7\u00e3o do imposto de renda; veja o que est\u00e1 valendo <\/p>\n<ul>\n<li> <a href=\"https:\/\/g1.globo.com\/politica\/politico\/jair-bolsonaro\/\" class=\"entities__list-itemLink\" data-track-click=\"Jair Bolsonaro\"> Jair Bolsonaro <\/a> <\/li>\n<li> <a href=\"https:\/\/g1.globo.com\/politica\/politico\/lula\/\" class=\"entities__list-itemLink\" data-track-click=\"Lula\"> Lula <\/a> <\/li>\n<li> <a href=\"https:\/\/g1.globo.com\/tudo-sobre\/ministerio-da-fazenda\/\" class=\"entities__list-itemLink\" data-track-click=\"Minist\u00e9rio da Fazenda\"> Minist\u00e9rio da Fazenda <\/a> <\/li>\n<li> <a href=\"https:\/\/g1.globo.com\/politica\/partido\/pl\/\" class=\"entities__list-itemLink\" data-track-click=\"PL\"> PL <\/a> <\/li>\n<li> <a href=\"https:\/\/g1.globo.com\/politica\/partido\/pt\/\" class=\"entities__list-itemLink\" data-track-click=\"PT\"> PT <\/a> <\/li>\n<li> <a href=\"https:\/\/g1.globo.com\/tudo-sobre\/receita-federal\/\" class=\"entities__list-itemLink\" data-track-click=\"Receita Federal\"> Receita Federal <\/a> <\/li>\n<\/ul>\n","protected":false},"excerpt":{"rendered":"<p>O Congresso Nacional terminou de aprovar nesta quinta-feira (24) a medida provis\u00f3ria da nova faixa de isen\u00e7\u00e3o do Imposto de Renda. Segundo o texto, quem ganha at\u00e9 R$ 2.640 por m\u00eas n\u00e3o pagar\u00e1 Imposto de Renda, valor equivalente a dois sal\u00e1rios m\u00ednimos. Atualmente, esta isen\u00e7\u00e3o \u00e9 de R$ 1.903. A faixa de isen\u00e7\u00e3o subiu para [&hellip;]<\/p>\n","protected":false},"author":1,"featured_media":0,"comment_status":"closed","ping_status":"closed","sticky":false,"template":"","format":"standard","meta":{"footnotes":""},"categories":[],"tags":[],"class_list":["post-51612","post","type-post","status-publish","format-standard","hentry"],"_links":{"self":[{"href":"https:\/\/blog.corretoraideal.com.br\/index.php\/wp-json\/wp\/v2\/posts\/51612","targetHints":{"allow":["GET"]}}],"collection":[{"href":"https:\/\/blog.corretoraideal.com.br\/index.php\/wp-json\/wp\/v2\/posts"}],"about":[{"href":"https:\/\/blog.corretoraideal.com.br\/index.php\/wp-json\/wp\/v2\/types\/post"}],"author":[{"embeddable":true,"href":"https:\/\/blog.corretoraideal.com.br\/index.php\/wp-json\/wp\/v2\/users\/1"}],"replies":[{"embeddable":true,"href":"https:\/\/blog.corretoraideal.com.br\/index.php\/wp-json\/wp\/v2\/comments?post=51612"}],"version-history":[{"count":1,"href":"https:\/\/blog.corretoraideal.com.br\/index.php\/wp-json\/wp\/v2\/posts\/51612\/revisions"}],"predecessor-version":[{"id":51615,"href":"https:\/\/blog.corretoraideal.com.br\/index.php\/wp-json\/wp\/v2\/posts\/51612\/revisions\/51615"}],"wp:attachment":[{"href":"https:\/\/blog.corretoraideal.com.br\/index.php\/wp-json\/wp\/v2\/media?parent=51612"}],"wp:term":[{"taxonomy":"category","embeddable":true,"href":"https:\/\/blog.corretoraideal.com.br\/index.php\/wp-json\/wp\/v2\/categories?post=51612"},{"taxonomy":"post_tag","embeddable":true,"href":"https:\/\/blog.corretoraideal.com.br\/index.php\/wp-json\/wp\/v2\/tags?post=51612"}],"curies":[{"name":"wp","href":"https:\/\/api.w.org\/{rel}","templated":true}]}}