{"id":51689,"date":"2023-08-25T20:29:33","date_gmt":"2023-08-25T20:29:33","guid":{"rendered":"https:\/\/blog.corretoraideal.com.br\/?p=51689"},"modified":"2023-08-25T20:29:33","modified_gmt":"2023-08-25T20:29:33","slug":"presidente-do-bc-diz-crer-que-diretores-indicados-por-lula-farao-trabalho-pragmatico-contra-a-inflacao-economia-g1","status":"publish","type":"post","link":"https:\/\/blog.corretoraideal.com.br\/index.php\/2023\/08\/25\/presidente-do-bc-diz-crer-que-diretores-indicados-por-lula-farao-trabalho-pragmatico-contra-a-inflacao-economia-g1\/","title":{"rendered":"Presidente do BC diz crer que diretores indicados por Lula far\u00e3o &#039;trabalho pragm\u00e1tico&#039; contra a infla\u00e7\u00e3o | Economia | G1"},"content":{"rendered":"\n<p> O presidente do Banco Central, Roberto Campos Neto, afirmou acreditar que os novos diretores indicados pelo governo do presidente Luiz In\u00e1cio Lula da Silva far\u00e3o um &quot;trabalho pragm\u00e1tico&quot; no controle da infla\u00e7\u00e3o depois de sua sa\u00edda. <\/p>\n<p> Lula j\u00e1 indicou <a class href=\"https:\/\/g1.globo.com\/economia\/noticia\/2023\/07\/04\/comissao-do-senado-aprova-indicados-do-governo-lula-para-a-diretoria-do-banco-central.ghtml\">Gabriel Gal\u00edpolo e Ailton Santos<\/a> para o BC e ter\u00e1 outras indica\u00e7\u00f5es a fazer at\u00e9 o fim do mandato, incluindo a presid\u00eancia do Banco Central. <a class href=\"https:\/\/g1.globo.com\/economia\/noticia\/2022\/08\/18\/presidente-do-bc-diz-que-nao-quer-ser-reconduzido-ao-cargo-apos-o-fim-do-seu-mandato-em-2024.ghtml\">Campos Neto tem mandato at\u00e9 o fim de 2024.<\/a> <\/p>\n<p>&quot;Acredito que o quadro do Banco Central \u00e9 muito t\u00e9cnico e, se tiver uma linha de pensamento muito diferente do sistema de metas, acho que o quadro vai indicar para os novos diretores que esse \u00e9 um caminho que o quadro t\u00e9cnico que n\u00e3o concorda. Mas eu acho que n\u00e3o, n\u00e3o acredito nisso n\u00e3o. Acredito que, no final das contas, independente de quem sentar na cadeira do corpo, que a gente vai ter um trabalho pragm\u00e1tico muito influenciado pelos quadros do BC que s\u00e3o de excelente categoria&quot;, declarou Campos Neto, em entrevista \u00e0 revista Veja. <\/p>\n<p> Com o Banco Central aut\u00f4nomo, <a class href=\"https:\/\/g1.globo.com\/politica\/noticia\/2021\/02\/24\/bolsonaro-sanciona-lei-que-estabelece-a-autonomia-do-banco-central-veja-detalhes.ghtml\">aprovado pelo Congresso Nacional no governo Jair Bolsonaro em 2021<\/a>, o presidente da institui\u00e7\u00e3o tem mandato de quatro anos, n\u00e3o coincidente com o do presidente da Rep\u00fablica. <\/p>\n<p> Os diretores do BC tamb\u00e9m possuem mandatos fixos. Ap\u00f3s o an\u00fancio de dois diretores em maio, est\u00e1 previsto que Lula fa\u00e7a duas novas indica\u00e7\u00f5es para a diretoria do BC at\u00e9 o fim desse ano. <\/p>\n<p><h2>Corte de juros<\/h2>\n<\/p>\n<p> No come\u00e7o de agosto, o Comit\u00ea de Pol\u00edtica Monet\u00e1ria (Copom) do Banco Central <a class href=\"https:\/\/g1.globo.com\/economia\/noticia\/2023\/08\/02\/copom-corta-taxa-basica-de-juros-selic-cai-de-1375percent-para-1325percent.ghtml\">decidiu reduzir a taxa Selic, de 13,75% para 13,25% ao ano.<\/a> <\/p>\n<p> Foi o <a class href=\"https:\/\/g1.globo.com\/economia\/noticia\/2023\/08\/02\/banco-central-deve-baixar-juros-nesta-quarta-pela-primeira-vez-em-tres-anos-veja-efeitos-na-pratica.ghtml\">primeiro corte da taxa b\u00e1sica de juros em tr\u00eas anos<\/a>, que ocorreu ap\u00f3s <a class href=\"https:\/\/g1.globo.com\/economia\/noticia\/2023\/07\/30\/apos-pressao-de-lula-e-queda-da-inflacao-bc-deve-promover-nesta-semana-1o-corte-de-juros-em-tres-anos.ghtml]\">melhora na infla\u00e7\u00e3o nos \u00faltimos meses e, tamb\u00e9m, em meio a fortes cr\u00edticas do presidente Luiz In\u00e1cio Lula da Silva.<\/a> <\/p>\n<ul>\n<li>A decis\u00e3o foi tomada pela maioria, com <a class href=\"https:\/\/g1.globo.com\/economia\/noticia\/2023\/08\/03\/copom-presidente-do-bc-nao-precisava-desempatar-uma-decisao-de-juros-ha-16-anos.ghtml\">Campos Neto desempatando o placar em favor de uma redu\u00e7\u00e3o maior \u2013 que foi implementada.<\/a><\/li>\n<li>Os dois novos diretores do BC, Gabriel Gal\u00edpolo e Ailton Santos, indicados pelo presidente Lula, participaram da \u00faltima reuni\u00e3o do Copom e votaram por uma redu\u00e7\u00e3o maior dos juros.<\/li>\n<\/ul>\n<p><h2>Como a decis\u00e3o \u00e9 tomada<\/h2>\n<\/p>\n<p> Para definir a taxa b\u00e1sica de juros e tentar conter a alta dos pre\u00e7os, o BC j\u00e1 est\u00e1 mirando, neste momento, na meta do ano que vem e no objetivo, em 12 meses, para o in\u00edcio de 2025. <\/p>\n<p> Isso ocorre porque as mudan\u00e7as na taxa Selic demoram de seis a 18 meses para ter impacto pleno na economia. <\/p>\n<p> No comunicado, o Copom disse ainda que, nas pr\u00f3ximas reuni\u00f5es, pode continuar fazendo na Selic &quot;redu\u00e7\u00e3o da mesma magnitude&quot;, ou seja, cortes de 0,5 ponto percentual. <\/p>\n<p> &quot;Em se confirmando o cen\u00e1rio esperado [de desinfla\u00e7\u00e3o e ancoragem das expectativas em torno da meta de infla\u00e7\u00e3o], os membros do Comit\u00ea, unanimemente, anteveem redu\u00e7\u00e3o de mesma magnitude nas pr\u00f3ximas reuni\u00f5es e avaliam que esse \u00e9 o ritmo apropriado para manter a pol\u00edtica monet\u00e1ria contracionista necess\u00e1ria para o processo desinflacion\u00e1rio&quot;, informou o BC. <\/p>\n<ul>\n<li> <a href=\"https:\/\/g1.globo.com\/tudo-sobre\/banco-central-do-brasil\/\" class=\"entities__list-itemLink\" data-track-click=\"Banco Central do Brasil\"> Banco Central do Brasil <\/a> <\/li>\n<\/ul>\n","protected":false},"excerpt":{"rendered":"<p>O presidente do Banco Central, Roberto Campos Neto, afirmou acreditar que os novos diretores indicados pelo governo do presidente Luiz In\u00e1cio Lula da Silva far\u00e3o um &quot;trabalho pragm\u00e1tico&quot; no controle da infla\u00e7\u00e3o depois de sua sa\u00edda. Lula j\u00e1 indicou Gabriel Gal\u00edpolo e Ailton Santos para o BC e ter\u00e1 outras indica\u00e7\u00f5es a fazer at\u00e9 o [&hellip;]<\/p>\n","protected":false},"author":1,"featured_media":0,"comment_status":"closed","ping_status":"closed","sticky":false,"template":"","format":"standard","meta":{"footnotes":""},"categories":[],"tags":[],"class_list":["post-51689","post","type-post","status-publish","format-standard","hentry"],"_links":{"self":[{"href":"https:\/\/blog.corretoraideal.com.br\/index.php\/wp-json\/wp\/v2\/posts\/51689","targetHints":{"allow":["GET"]}}],"collection":[{"href":"https:\/\/blog.corretoraideal.com.br\/index.php\/wp-json\/wp\/v2\/posts"}],"about":[{"href":"https:\/\/blog.corretoraideal.com.br\/index.php\/wp-json\/wp\/v2\/types\/post"}],"author":[{"embeddable":true,"href":"https:\/\/blog.corretoraideal.com.br\/index.php\/wp-json\/wp\/v2\/users\/1"}],"replies":[{"embeddable":true,"href":"https:\/\/blog.corretoraideal.com.br\/index.php\/wp-json\/wp\/v2\/comments?post=51689"}],"version-history":[{"count":1,"href":"https:\/\/blog.corretoraideal.com.br\/index.php\/wp-json\/wp\/v2\/posts\/51689\/revisions"}],"predecessor-version":[{"id":51691,"href":"https:\/\/blog.corretoraideal.com.br\/index.php\/wp-json\/wp\/v2\/posts\/51689\/revisions\/51691"}],"wp:attachment":[{"href":"https:\/\/blog.corretoraideal.com.br\/index.php\/wp-json\/wp\/v2\/media?parent=51689"}],"wp:term":[{"taxonomy":"category","embeddable":true,"href":"https:\/\/blog.corretoraideal.com.br\/index.php\/wp-json\/wp\/v2\/categories?post=51689"},{"taxonomy":"post_tag","embeddable":true,"href":"https:\/\/blog.corretoraideal.com.br\/index.php\/wp-json\/wp\/v2\/tags?post=51689"}],"curies":[{"name":"wp","href":"https:\/\/api.w.org\/{rel}","templated":true}]}}