{"id":51695,"date":"2023-08-25T23:42:53","date_gmt":"2023-08-25T23:42:53","guid":{"rendered":"https:\/\/blog.corretoraideal.com.br\/?p=51695"},"modified":"2023-08-25T23:42:53","modified_gmt":"2023-08-25T23:42:53","slug":"campos-tem-vacinacao-neste-fim-de-semana-em-tres-locais-norte-fluminense-g1","status":"publish","type":"post","link":"https:\/\/blog.corretoraideal.com.br\/index.php\/2023\/08\/25\/campos-tem-vacinacao-neste-fim-de-semana-em-tres-locais-norte-fluminense-g1\/","title":{"rendered":"Campos tem vacina\u00e7\u00e3o neste fim de semana em tr\u00eas locais | Norte Fluminense | G1"},"content":{"rendered":"<p>      1 de 1&#013;Come\u00e7a campanha de multivacina\u00e7\u00e3o em Campos, no RJ \u2014 Foto: Valqu\u00edria Azevedo\/Prefeitura de Campos    <\/p>\n<p> Come\u00e7a campanha de multivacina\u00e7\u00e3o em Campos, no RJ \u2014 Foto: Valqu\u00edria Azevedo\/Prefeitura de Campos <\/p>\n<p> Neste fim de semana, <a class href=\"https:\/\/g1.globo.com\/rj\/norte-fluminense\/cidade\/campos-dos-goytacazes\/\">Campos dos Goytacazes<\/a>, no Norte Fluminense, vai vacinar a popula\u00e7\u00e3o em tr\u00eas pontos diferente. No s\u00e1bado (26), o Jardim S\u00e3o Benedito vai receber a primeira a\u00e7\u00e3o extramuro da Campanha Nacional de Multivacina\u00e7\u00e3o, das 9h \u00e0s 14h. <\/p>\n<p> A a\u00e7\u00e3o tem como principal objetivo atualizar a caderneta de vacina\u00e7\u00e3o das crian\u00e7as e adolescentes que tenham entre 2 meses e 15 anos. O atendimento no local ser\u00e1 exclusivamente por senha. Ser\u00e3o distribu\u00eddas somente 600. Tamb\u00e9m haver\u00e1 distribui\u00e7\u00e3o gratuita de pipocas para os vacinados no local. <\/p>\n<p> E at\u00e9 domingo (27), tamb\u00e9m haver\u00e1 vacina\u00e7\u00e3o na sede da Secretaria Municipal de Sa\u00fade (SMS) e na Cl\u00ednica da Crian\u00e7a. Nesses dois polos o atendimento \u00e9 das 8h \u00e0s 17h, por livre demanda. A Prefeitura explica que a aplica\u00e7\u00e3o ocorre dentro dos crit\u00e9rios estabelecidos pelo Minist\u00e9rio da Sa\u00fade e a situa\u00e7\u00e3o vacinal de cada pessoa. <\/p>\n<p> Al\u00e9m das crian\u00e7as e adolescentes, as vacinas para adultos e idosos tamb\u00e9m estar\u00e3o dispon\u00edveis neste dois locais. <\/p>\n<p> Para vacinar, os pais ou respons\u00e1veis legais, que est\u00e3o dentro da faixa et\u00e1ria da campanha, precisam apenas levar os documentos pessoais do filho e a caderneta de vacina\u00e7\u00e3o. <\/p>\n<p> &quot;Todas as vacinas presentes nos calend\u00e1rios da crian\u00e7a e do adolescente s\u00e3o parte da Campanha de Multivacina\u00e7\u00e3o. No calend\u00e1rio da crian\u00e7a, que inclui a imuniza\u00e7\u00e3o de crian\u00e7as de at\u00e9 10 anos de idade, s\u00e3o elas: Hepatite B, Penta (difteria, t\u00e9tano, coqueluche, hepatite B e poliomielite), P\u00f3lio Inativada (VIP), P\u00f3lio Oral (VOP), Rotav\u00edrus, Pneumo 10, Meningo C, Febre Amarela, Tr\u00edplice Viral (sarampo, caxumba e rub\u00e9ola), DTP (tr\u00edplice bacteriana), Hepatite A e Varicela&quot;, explica o munic\u00edpio. <\/p>\n<p> No calend\u00e1rio do adolescente h\u00e1 mais vacinas, al\u00e9m de refor\u00e7os das imuniza\u00e7\u00f5es feitas na inf\u00e2ncia. S\u00e3o elas: Hepatite B, Febre Amarela, Tr\u00edplice Viral, Difteria e t\u00e9tano adulto, DTPa, Meningoc\u00f3cica ACWY, HPV quadrivalente e Varicela. Tamb\u00e9m est\u00e3o dispon\u00edveis as vacinas Influenza, que previne contra a gripe, e Covid-19 indicadas para o p\u00fablico acima de 6 meses de vida. <\/p>\n<p> \u201cA responsabilidade da vacina\u00e7\u00e3o das crian\u00e7as e adolescentes \u00e9 dos pais e respons\u00e1veis. Crian\u00e7as sozinhas nunca v\u00e3o se vacinar. \u00c9 preciso que essas crian\u00e7as sejam levadas para os postos de vacina\u00e7\u00e3o. Ent\u00e3o, imploro a todos os pais e respons\u00e1veis que levem as crian\u00e7as. A vacina\u00e7\u00e3o \u00e9 o melhor caminho para a prote\u00e7\u00e3o da sa\u00fade de nossas crian\u00e7as. Contamos com a colabora\u00e7\u00e3o de voc\u00eas\u201d, disse Paulo Hirano, secret\u00e1rio de Sa\u00fade. <\/p>\n<ul>\n<li> <a href=\"https:\/\/g1.globo.com\/rj\/norte-fluminense\/cidade\/campos-dos-goytacazes\/\" class=\"entities__list-itemLink\" data-track-click=\"Campos dos Goytacazes\"> Campos dos Goytacazes <\/a> <\/li>\n<\/ul>\n","protected":false},"excerpt":{"rendered":"<p>1 de 1&#013;Come\u00e7a campanha de multivacina\u00e7\u00e3o em Campos, no RJ \u2014 Foto: Valqu\u00edria Azevedo\/Prefeitura de Campos Come\u00e7a campanha de multivacina\u00e7\u00e3o em Campos, no RJ \u2014 Foto: Valqu\u00edria Azevedo\/Prefeitura de Campos Neste fim de semana, Campos dos Goytacazes, no Norte Fluminense, vai vacinar a popula\u00e7\u00e3o em tr\u00eas pontos diferente. No s\u00e1bado (26), o Jardim S\u00e3o Benedito [&hellip;]<\/p>\n","protected":false},"author":1,"featured_media":0,"comment_status":"closed","ping_status":"closed","sticky":false,"template":"","format":"standard","meta":{"footnotes":""},"categories":[],"tags":[],"class_list":["post-51695","post","type-post","status-publish","format-standard","hentry"],"_links":{"self":[{"href":"https:\/\/blog.corretoraideal.com.br\/index.php\/wp-json\/wp\/v2\/posts\/51695","targetHints":{"allow":["GET"]}}],"collection":[{"href":"https:\/\/blog.corretoraideal.com.br\/index.php\/wp-json\/wp\/v2\/posts"}],"about":[{"href":"https:\/\/blog.corretoraideal.com.br\/index.php\/wp-json\/wp\/v2\/types\/post"}],"author":[{"embeddable":true,"href":"https:\/\/blog.corretoraideal.com.br\/index.php\/wp-json\/wp\/v2\/users\/1"}],"replies":[{"embeddable":true,"href":"https:\/\/blog.corretoraideal.com.br\/index.php\/wp-json\/wp\/v2\/comments?post=51695"}],"version-history":[{"count":1,"href":"https:\/\/blog.corretoraideal.com.br\/index.php\/wp-json\/wp\/v2\/posts\/51695\/revisions"}],"predecessor-version":[{"id":51697,"href":"https:\/\/blog.corretoraideal.com.br\/index.php\/wp-json\/wp\/v2\/posts\/51695\/revisions\/51697"}],"wp:attachment":[{"href":"https:\/\/blog.corretoraideal.com.br\/index.php\/wp-json\/wp\/v2\/media?parent=51695"}],"wp:term":[{"taxonomy":"category","embeddable":true,"href":"https:\/\/blog.corretoraideal.com.br\/index.php\/wp-json\/wp\/v2\/categories?post=51695"},{"taxonomy":"post_tag","embeddable":true,"href":"https:\/\/blog.corretoraideal.com.br\/index.php\/wp-json\/wp\/v2\/tags?post=51695"}],"curies":[{"name":"wp","href":"https:\/\/api.w.org\/{rel}","templated":true}]}}