{"id":51702,"date":"2023-08-26T01:29:37","date_gmt":"2023-08-26T01:29:37","guid":{"rendered":"https:\/\/blog.corretoraideal.com.br\/?p=51702"},"modified":"2023-08-26T01:29:37","modified_gmt":"2023-08-26T01:29:37","slug":"ons-desempenho-abaixo-do-esperado-de-fontes-de-geracao-proximas-a-linha-que-desligou-pode-ter-levado-ao-apagao-economia-g1","status":"publish","type":"post","link":"https:\/\/blog.corretoraideal.com.br\/index.php\/2023\/08\/26\/ons-desempenho-abaixo-do-esperado-de-fontes-de-geracao-proximas-a-linha-que-desligou-pode-ter-levado-ao-apagao-economia-g1\/","title":{"rendered":"ONS: Desempenho &#039;abaixo do esperado&#039; de fontes de gera\u00e7\u00e3o pr\u00f3ximas \u00e0 linha que desligou pode ter levado ao apag\u00e3o | Economia | G1"},"content":{"rendered":"\n<p> O Operador Nacional do Sistema El\u00e9trico (<a class href=\"https:\/\/g1.globo.com\/tudo-sobre\/ons\/\">ONS<\/a>) informou na noite desta sexta-feira (16) que &#x27;baixo desempenho&#x27; de fontes de gera\u00e7\u00e3o pode ter levado ao efeito cascata do<a class href=\"https:\/\/g1.globo.com\/economia\/noticia\/2023\/08\/16\/apagao-nacional-o-que-se-sabe-ate-agora.ghtml\"> apag\u00e3o ocorrido em 25 estados<\/a> e no Distrito Federal na semana passada. <\/p>\n<p> No relat\u00f3rio preliminar, o ONS j\u00e1 tinha apontado que o primeiro evento que levou \u00e0 interrup\u00e7\u00e3o do fornecimento de energia foi a abertura (desligamento) da linha de transmiss\u00e3o Quixad\u00e1 \u2013 Fortaleza II, localizada no Cear\u00e1. <\/p>\n<p> De acordo com o \u00f3rg\u00e3o, por\u00e9m, somente a ocorr\u00eancia no Cear\u00e1 n\u00e3o &quot;causaria o impacto visto&quot; no sistema el\u00e9trico nacional. <\/p>\n<p> Agora, o operador informou que a &quot;linha de investiga\u00e7\u00e3o mais consistente&quot; aponta que o desempenho abaixo do esperado das fontes de gera\u00e7\u00e3o pr\u00f3ximas \u00e0 linha de transmiss\u00e3o no Cear\u00e1 pode ter desencadeado &quot;todo o processo de desligamentos que aconteceram em seguida&quot;. <\/p>\n<p> &quot;Ap\u00f3s aprofundar as avalia\u00e7\u00f5es sobre os fatos subsequentes ao desligamento da linha de transmiss\u00e3o Quixad\u00e1 \u2013 Fortaleza II, de propriedade da Chesf e considerada o evento zero da ocorr\u00eancia, foram encontrados sinais de que as fontes de gera\u00e7\u00e3o pr\u00f3ximas a esta linha de transmiss\u00e3o n\u00e3o apresentaram o desempenho esperado no que diz respeito ao controle de tens\u00e3o&quot;, explicou o ONS em nota. <\/p>\n<p> O \u00f3rg\u00e3o, por\u00e9m, n\u00e3o indicou quais seriam essas fontes de gera\u00e7\u00e3o. <\/p>\n<p> O ONS informou ainda que est\u00e1 testando v\u00e1rios cen\u00e1rios a partir das informa\u00e7\u00f5es enviadas pelos agentes do setor para tentar chegar \u00e0s causas do apag\u00e3o. O intuito do operador \u00e9 tentar reproduzir, em ambiente simulado, a perturba\u00e7\u00e3o do 15 de agosto. <\/p>\n<p>                   <img loading=\"lazy\" decoding=\"async\" class=\"aligncenter size-full wp-image-51704\" src=\"https:\/\/blog.corretoraideal.com.br\/wp-content\/uploads\/2023\/08\/apagao-nacional-sistema-de-transmissao-de-energia-e-diferencas-em-relacao-a-crise-de-2001.jpeg\" alt=\"Apag\u00e3o nacional: sistema de transmiss\u00e3o de energia e diferen\u00e7as em rela\u00e7\u00e3o \u00e0 crise de 2001\" width=\"800\" height=\"400\" \/>      <\/p>\n<p> Apag\u00e3o nacional: sistema de transmiss\u00e3o de energia e diferen\u00e7as em rela\u00e7\u00e3o \u00e0 crise de 2001 <\/p>\n<p><h2>Relat\u00f3rio com causas do apag\u00e3o<\/h2>\n<\/p>\n<p> O ONS realizou hoje a primeira reuni\u00e3o para a elabora\u00e7\u00e3o do Relat\u00f3rio de An\u00e1lise de Perturba\u00e7\u00e3o (RAP). <\/p>\n<ul>\n<li>O<strong> RAP <\/strong>\u00e9 um documento elaborado pelo ONS que consolida as an\u00e1lises do apag\u00e3o, aponta as suas causas e determina as medidas preventivas e corretivas.<\/li>\n<\/ul>\n<p> A pr\u00f3xima reuni\u00e3o est\u00e1 agendada para o dia 1\u00ba de setembro. <\/p>\n<p> O RAP deve ser conclu\u00eddo em at\u00e9 45 dias &#8211; prazo que, segundo assessoria do ONS, come\u00e7ou a contar em 16 de agosto. <\/p>\n<ul>\n<li> <a href=\"https:\/\/g1.globo.com\/tudo-sobre\/ons\/\" class=\"entities__list-itemLink\" data-track-click=\"ONS\"> ONS <\/a> <\/li>\n<\/ul>\n","protected":false},"excerpt":{"rendered":"<p>O Operador Nacional do Sistema El\u00e9trico (ONS) informou na noite desta sexta-feira (16) que &#x27;baixo desempenho&#x27; de fontes de gera\u00e7\u00e3o pode ter levado ao efeito cascata do apag\u00e3o ocorrido em 25 estados e no Distrito Federal na semana passada. No relat\u00f3rio preliminar, o ONS j\u00e1 tinha apontado que o primeiro evento que levou \u00e0 interrup\u00e7\u00e3o [&hellip;]<\/p>\n","protected":false},"author":1,"featured_media":0,"comment_status":"closed","ping_status":"closed","sticky":false,"template":"","format":"standard","meta":{"footnotes":""},"categories":[],"tags":[],"class_list":["post-51702","post","type-post","status-publish","format-standard","hentry"],"_links":{"self":[{"href":"https:\/\/blog.corretoraideal.com.br\/index.php\/wp-json\/wp\/v2\/posts\/51702","targetHints":{"allow":["GET"]}}],"collection":[{"href":"https:\/\/blog.corretoraideal.com.br\/index.php\/wp-json\/wp\/v2\/posts"}],"about":[{"href":"https:\/\/blog.corretoraideal.com.br\/index.php\/wp-json\/wp\/v2\/types\/post"}],"author":[{"embeddable":true,"href":"https:\/\/blog.corretoraideal.com.br\/index.php\/wp-json\/wp\/v2\/users\/1"}],"replies":[{"embeddable":true,"href":"https:\/\/blog.corretoraideal.com.br\/index.php\/wp-json\/wp\/v2\/comments?post=51702"}],"version-history":[{"count":1,"href":"https:\/\/blog.corretoraideal.com.br\/index.php\/wp-json\/wp\/v2\/posts\/51702\/revisions"}],"predecessor-version":[{"id":51705,"href":"https:\/\/blog.corretoraideal.com.br\/index.php\/wp-json\/wp\/v2\/posts\/51702\/revisions\/51705"}],"wp:attachment":[{"href":"https:\/\/blog.corretoraideal.com.br\/index.php\/wp-json\/wp\/v2\/media?parent=51702"}],"wp:term":[{"taxonomy":"category","embeddable":true,"href":"https:\/\/blog.corretoraideal.com.br\/index.php\/wp-json\/wp\/v2\/categories?post=51702"},{"taxonomy":"post_tag","embeddable":true,"href":"https:\/\/blog.corretoraideal.com.br\/index.php\/wp-json\/wp\/v2\/tags?post=51702"}],"curies":[{"name":"wp","href":"https:\/\/api.w.org\/{rel}","templated":true}]}}