{"id":51706,"date":"2023-08-26T02:35:21","date_gmt":"2023-08-26T02:35:21","guid":{"rendered":"https:\/\/blog.corretoraideal.com.br\/?p=51706"},"modified":"2023-08-26T02:35:21","modified_gmt":"2023-08-26T02:35:21","slug":"dia-internacional-da-fotografia-25-itens-para-comecar-a-clicar-guia-tecnologia-g1","status":"publish","type":"post","link":"https:\/\/blog.corretoraideal.com.br\/index.php\/2023\/08\/26\/dia-internacional-da-fotografia-25-itens-para-comecar-a-clicar-guia-tecnologia-g1\/","title":{"rendered":"Dia Internacional da Fotografia: 25 itens para come\u00e7ar a clicar | Guia-Tecnologia | G1"},"content":{"rendered":"<p>      1 de 1&#013;Guia de Compras: Dia Internacional da Fotografia \u2014 Foto: Ighor Jesus\/g1    <\/p>\n<p> Guia de Compras: Dia Internacional da Fotografia \u2014 Foto: Ighor Jesus\/g1 <\/p>\n<p> O <strong>Dia Internacional da Fotografia <\/strong>\u00e9 comemorado em 19 de agosto. <\/p>\n<p> \u00c9 uma homenagem \u00e0 data que a daguerreotipia \u2013 uma esp\u00e9cie de av\u00f3 da fotografia \u2013 foi apresentada ao mundo na Fran\u00e7a por Louis Dagu\u00e8rre. <\/p>\n<p> Esse foi um dos primeiros m\u00e9todos para obter imagens permanentes por meio da exposi\u00e7\u00e3o \u00e0 luz. <\/p>\n<p> Para celebrar a data, o <a class href=\"https:\/\/g1.globo.com\/guia\/guia-de-compras\/\"><strong>Guia de Compras<\/strong><\/a> separou 25 produtos ligados \u00e0 fotografia moderna, que incluem: <\/p>\n<ul>\n<li><a class href=\"https:\/\/g1.globo.com\/guia\/guia-de-compras\/tecnologia\/dia-internacional-da-fotografia-25-itens-para-comecar-a-clicar.ghtml#analogico\">C\u00e2meras anal\u00f3gicas e instant\u00e2neas<\/a><\/li>\n<li><a class href=\"https:\/\/g1.globo.com\/guia\/guia-de-compras\/tecnologia\/dia-internacional-da-fotografia-25-itens-para-comecar-a-clicar.ghtml#digital\">C\u00e2meras digitais<\/a><\/li>\n<li><a class href=\"https:\/\/g1.globo.com\/guia\/guia-de-compras\/tecnologia\/dia-internacional-da-fotografia-25-itens-para-comecar-a-clicar.ghtml#cartoes\">Cart\u00f5es de mem\u00f3ria\/SSD para armazenar imagens <\/a><\/li>\n<li><a class href=\"https:\/\/g1.globo.com\/guia\/guia-de-compras\/tecnologia\/dia-internacional-da-fotografia-25-itens-para-comecar-a-clicar.ghtml#celulares\">Celulares bons de foto<\/a><\/li>\n<li><a class href=\"https:\/\/g1.globo.com\/guia\/guia-de-compras\/tecnologia\/dia-internacional-da-fotografia-25-itens-para-comecar-a-clicar.ghtml#impressao\">Servi\u00e7os de impress\u00e3o\/amplia\u00e7\u00e3o de fotos<\/a><\/li>\n<\/ul>\n<p> Os pre\u00e7os dos produtos come\u00e7avam em R$ 60 e iam at\u00e9 R$ 8.000, dependendo da categoria do item pesquisado nas lojas on-line na metade de agosto. <\/p>\n<p> Veja a lista a seguir. <\/p>\n<p><h2>C\u00e2meras anal\u00f3gicas e instant\u00e2neas<\/h2>\n<\/p>\n<ul>\n<li><a class href=\"https:\/\/g1.globo.com\/especiais\/guia-de-compras\/noticia\/2022\/10\/31\/foto-instantanea-veja-lista-com-cameras-impressoras-e-filmes.ghtml\"><strong>Foto instant\u00e2nea: veja lista com c\u00e2meras, impressoras e filmes<\/strong><\/a><\/li>\n<\/ul>\n<p>       <img loading=\"lazy\" decoding=\"async\" class=\"aligncenter size-full wp-image-51708\" src=\"https:\/\/blog.corretoraideal.com.br\/wp-content\/uploads\/2023\/08\/fujifilm-instax-mini-11-acessorios.jpeg\" alt=\"FujiFilm Instax Mini 11 + acess\u00f3rios\" width=\"800\" height=\"400\" \/>    <\/p>\n<h5> FujiFilm Instax Mini 11 com acess\u00f3rios <\/h5>\n<p>   <a class=\"show-card-de-oferta__button\" href=\"http:\/\/glo.bo\/45cYRKM\" rel=\"nofollow noopener noreferrer\" title=\"Veja no site do Extra\" target=\"_blank\"> Veja no site do Extra <\/a>   <a class=\"show-card-de-oferta__button\" href=\"http:\/\/glo.bo\/44dnmX7\" rel=\"nofollow noopener noreferrer\" title=\"Veja no site do Ponto\" target=\"_blank\"> Veja no site do Ponto <\/a>   <a class=\"show-card-de-oferta__button\" href=\"http:\/\/glo.bo\/3OGqPI0\" rel=\"nofollow noopener noreferrer\" title=\"Veja no site do Kabum\" target=\"_blank\"> Veja no site do Kabum <\/a>           <img loading=\"lazy\" decoding=\"async\" class=\"aligncenter size-full wp-image-51709\" src=\"https:\/\/blog.corretoraideal.com.br\/wp-content\/uploads\/2023\/08\/camera-holga-120n.jpeg\" alt=\"C\u00e2mera Holga 120n\" width=\"800\" height=\"400\" \/>    <\/p>\n<h5> C\u00e2mera Holga 120n <\/h5>\n<p>   <a class=\"show-card-de-oferta__button\" href=\"http:\/\/glo.bo\/3sjoBqe\" rel=\"nofollow noopener noreferrer\" title=\"Veja no site do Carrefour\" target=\"_blank\"> Veja no site do Carrefour <\/a>           <img loading=\"lazy\" decoding=\"async\" class=\"aligncenter size-full wp-image-51710\" src=\"https:\/\/blog.corretoraideal.com.br\/wp-content\/uploads\/2023\/08\/camera-kodak-funsaver.jpeg\" alt=\"C\u00e2mera Kodak Funsaver\" width=\"800\" height=\"400\" \/>    <\/p>\n<h5> C\u00e2mera Kodak Funsaver <\/h5>\n<p>   <a class=\"show-card-de-oferta__button\" href=\"http:\/\/glo.bo\/3P0CgvB\" rel=\"nofollow noopener noreferrer\" title=\"Veja no site do Ponto\" target=\"_blank\"> Veja no site do Ponto <\/a>   <a class=\"show-card-de-oferta__button\" href=\"http:\/\/glo.bo\/3qxIObp\" rel=\"nofollow noopener noreferrer\" title=\"Veja no site do Kabum\" target=\"_blank\"> Veja no site do Kabum <\/a>   <a class=\"show-card-de-oferta__button\" href=\"http:\/\/glo.bo\/45ApsBv\" rel=\"nofollow noopener noreferrer\" title=\"Veja no site do Extra\" target=\"_blank\"> Veja no site do Extra <\/a>           <img loading=\"lazy\" decoding=\"async\" class=\"aligncenter size-full wp-image-51711\" src=\"https:\/\/blog.corretoraideal.com.br\/wp-content\/uploads\/2023\/08\/camera-kodak-tri-x-400.jpeg\" alt=\"C\u00e2mera Kodak Tri X 400\" width=\"800\" height=\"400\" \/>    <\/p>\n<h5> C\u00e2mera Kodak Tri X 400 <\/h5>\n<p>   <a class=\"show-card-de-oferta__button\" href=\"http:\/\/glo.bo\/3sjp0sK\" rel=\"nofollow noopener noreferrer\" title=\"Veja no site do Kabum\" target=\"_blank\"> Veja no site do Kabum <\/a>   <a class=\"show-card-de-oferta__button\" href=\"http:\/\/glo.bo\/3YGUKUT\" rel=\"nofollow noopener noreferrer\" title=\"Veja no site do Extra\" target=\"_blank\"> Veja no site do Extra <\/a>   <a class=\"show-card-de-oferta__button\" href=\"http:\/\/glo.bo\/45ApjOt\" rel=\"nofollow noopener noreferrer\" title=\"Veja no site do Carrefour\" target=\"_blank\"> Veja no site do Carrefour <\/a>           <img loading=\"lazy\" decoding=\"async\" class=\"aligncenter size-full wp-image-51712\" src=\"https:\/\/blog.corretoraideal.com.br\/wp-content\/uploads\/2023\/08\/camera-polaroid-now.jpeg\" alt=\"C\u00e2mera Polaroid Now\" width=\"800\" height=\"400\" \/>    <\/p>\n<h5> C\u00e2mera Polaroid Now <\/h5>\n<p>   <a class=\"show-card-de-oferta__button\" href=\"http:\/\/glo.bo\/47xYxId\" rel=\"nofollow noopener noreferrer\" title=\"Veja no site do Ponto\" target=\"_blank\"> Veja no site do Ponto <\/a>   <a class=\"show-card-de-oferta__button\" href=\"http:\/\/glo.bo\/3qzbAZj\" rel=\"nofollow noopener noreferrer\" title=\"Veja no site do Kabum\" target=\"_blank\"> Veja no site do Kabum <\/a>   <a class=\"show-card-de-oferta__button\" href=\"http:\/\/glo.bo\/44caArK\" rel=\"nofollow noopener noreferrer\" title=\"Veja no site das Casas Bahia\" target=\"_blank\"> Veja no site das Casas Bahia <\/a>       <\/p>\n<p><h2>C\u00e2meras digitais<\/h2>\n<\/p>\n<ul>\n<li><a class href=\"https:\/\/g1.globo.com\/especiais\/guia-de-compras\/camera-digital-voltou-a-moda-saiba-como-escolher.ghtml\"><strong>C\u00e2mera digital voltou \u00e0 moda, saiba como escolher<\/strong><\/a><\/li>\n<\/ul>\n<p>       <img loading=\"lazy\" decoding=\"async\" class=\"aligncenter size-full wp-image-51713\" src=\"https:\/\/blog.corretoraideal.com.br\/wp-content\/uploads\/2023\/08\/canon-eos-m200.jpeg\" alt=\"Canon EOS M200\" width=\"800\" height=\"400\" \/>    <\/p>\n<h5> Canon EOS M200 <\/h5>\n<p>   <a class=\"show-card-de-oferta__button\" href=\"http:\/\/glo.bo\/47CuCys\" rel=\"nofollow noopener noreferrer\" title=\"Veja no site das Casas Bahia\" target=\"_blank\"> Veja no site das Casas Bahia <\/a>   <a class=\"show-card-de-oferta__button\" href=\"http:\/\/glo.bo\/3DWvZum\" rel=\"nofollow noopener noreferrer\" title=\"Veja no site do Kabum\" target=\"_blank\"> Veja no site do Kabum <\/a>           <img loading=\"lazy\" decoding=\"async\" class=\"aligncenter size-full wp-image-51714\" src=\"https:\/\/blog.corretoraideal.com.br\/wp-content\/uploads\/2023\/08\/canon-eos-rebel-t100.jpeg\" alt=\"Canon EOS Rebel T100\" width=\"800\" height=\"400\" \/>    <\/p>\n<h5> Canon EOS Rebel T100 <\/h5>\n<p>   <a class=\"show-card-de-oferta__button\" href=\"http:\/\/glo.bo\/3YAtGXx\" rel=\"nofollow noopener noreferrer\" title=\"Veja no site do Ponto\" target=\"_blank\"> Veja no site do Ponto <\/a>   <a class=\"show-card-de-oferta__button\" href=\"http:\/\/glo.bo\/3P1DaYJ\" rel=\"nofollow noopener noreferrer\" title=\"Veja no site do Kabum\" target=\"_blank\"> Veja no site do Kabum <\/a>           <img loading=\"lazy\" decoding=\"async\" class=\"aligncenter size-full wp-image-51715\" src=\"https:\/\/blog.corretoraideal.com.br\/wp-content\/uploads\/2023\/08\/fujifilm-instax-mini-liplay.jpeg\" alt=\"FujiFilm Instax Mini Liplay\" width=\"800\" height=\"400\" \/>    <\/p>\n<h5> FujiFilm Instax Mini Liplay <\/h5>\n<p>   <a class=\"show-card-de-oferta__button\" href=\"http:\/\/glo.bo\/45icCrJ\" rel=\"nofollow noopener noreferrer\" title=\"Veja no site do Extra\" target=\"_blank\"> Veja no site do Extra <\/a>   <a class=\"show-card-de-oferta__button\" href=\"http:\/\/glo.bo\/3OG4avc\" rel=\"nofollow noopener noreferrer\" title=\"Veja no site do Ponto\" target=\"_blank\"> Veja no site do Ponto <\/a>   <a class=\"show-card-de-oferta__button\" href=\"http:\/\/glo.bo\/3YEIhB7\" rel=\"nofollow noopener noreferrer\" title=\"Veja no site do Kabum\" target=\"_blank\"> Veja no site do Kabum <\/a>           <img loading=\"lazy\" decoding=\"async\" class=\"aligncenter size-full wp-image-51716\" src=\"https:\/\/blog.corretoraideal.com.br\/wp-content\/uploads\/2023\/08\/nikon-coolpix-p1000.jpeg\" alt=\"Nikon Coolpix P1000\" width=\"800\" height=\"400\" \/>    <\/p>\n<h5> Nikon Coolpix P1000 <\/h5>\n<p>   <a class=\"show-card-de-oferta__button\" href=\"http:\/\/glo.bo\/45qLxTv\" rel=\"nofollow noopener noreferrer\" title=\"Veja no site das Casas Bahia\" target=\"_blank\"> Veja no site das Casas Bahia <\/a>   <a class=\"show-card-de-oferta__button\" href=\"http:\/\/glo.bo\/3DYR3QX\" rel=\"nofollow noopener noreferrer\" title=\"Veja no site do Extra\" target=\"_blank\"> Veja no site do Extra <\/a>   <a class=\"show-card-de-oferta__button\" href=\"http:\/\/glo.bo\/3YGwkeq\" rel=\"nofollow noopener noreferrer\" title=\"Veja no site do Kabum\" target=\"_blank\"> Veja no site do Kabum <\/a>           <img loading=\"lazy\" decoding=\"async\" class=\"aligncenter size-full wp-image-51717\" src=\"https:\/\/blog.corretoraideal.com.br\/wp-content\/uploads\/2023\/08\/sony-w800.jpeg\" alt=\"Sony W800\" width=\"800\" height=\"400\" \/>    <\/p>\n<h5> Sony W800 <\/h5>\n<p>   <a class=\"show-card-de-oferta__button\" href=\"http:\/\/glo.bo\/3OxKARU\" rel=\"nofollow noopener noreferrer\" title=\"Veja no site do Ponto\" target=\"_blank\"> Veja no site do Ponto <\/a>   <a class=\"show-card-de-oferta__button\" href=\"http:\/\/glo.bo\/3E2mPN3\" rel=\"nofollow noopener noreferrer\" title=\"Veja no site do Extra\" target=\"_blank\"> Veja no site do Extra <\/a>   <a class=\"show-card-de-oferta__button\" href=\"http:\/\/glo.bo\/47C6eNG\" rel=\"nofollow noopener noreferrer\" title=\"Veja no site das Casas Bahia\" target=\"_blank\"> Veja no site das Casas Bahia <\/a>           <img loading=\"lazy\" decoding=\"async\" class=\"aligncenter size-full wp-image-51718\" src=\"https:\/\/blog.corretoraideal.com.br\/wp-content\/uploads\/2023\/08\/sony-h300.jpeg\" alt=\"Sony H300\" width=\"800\" height=\"400\" \/>    <\/p>\n<h5> Sony H300 <\/h5>\n<p>   <a class=\"show-card-de-oferta__button\" href=\"http:\/\/glo.bo\/44fei3M\" rel=\"nofollow noopener noreferrer\" title=\"Veja no site do Extra\" target=\"_blank\"> Veja no site do Extra <\/a>   <a class=\"show-card-de-oferta__button\" href=\"http:\/\/glo.bo\/47CzpQs\" rel=\"nofollow noopener noreferrer\" title=\"Veja no site do Ponto\" target=\"_blank\"> Veja no site do Ponto <\/a>   <a class=\"show-card-de-oferta__button\" href=\"http:\/\/glo.bo\/3YGxfeS\" rel=\"nofollow noopener noreferrer\" title=\"Veja no site das Casas Bahia\" target=\"_blank\"> Veja no site das Casas Bahia <\/a>           <img loading=\"lazy\" decoding=\"async\" class=\"aligncenter size-full wp-image-51719\" src=\"https:\/\/blog.corretoraideal.com.br\/wp-content\/uploads\/2023\/08\/sony-zv-1.jpeg\" alt=\"Sony ZV 1\" width=\"800\" height=\"400\" \/>    <\/p>\n<h5> Sony ZV-1 <\/h5>\n<p>   <a class=\"show-card-de-oferta__button\" href=\"http:\/\/glo.bo\/3sfIHSs\" rel=\"nofollow noopener noreferrer\" title=\"Veja no site do Carrefour\" target=\"_blank\"> Veja no site do Carrefour <\/a>       <\/p>\n<p><h2>Celulares bons de foto<\/h2>\n<\/p>\n<p>       <img loading=\"lazy\" decoding=\"async\" class=\"aligncenter size-full wp-image-51720\" src=\"https:\/\/blog.corretoraideal.com.br\/wp-content\/uploads\/2023\/08\/apple-iphone-14-pro.jpeg\" alt=\"Apple iPhone 14 Pro\" width=\"800\" height=\"400\" \/>    <\/p>\n<h5> Apple iPhone 14 Pro <\/h5>\n<p>   <a class=\"show-card-de-oferta__button\" href=\"http:\/\/glo.bo\/3qsnpk7\" rel=\"nofollow noopener noreferrer\" title=\"Veja no site do Carrefour\" target=\"_blank\"> Veja no site do Carrefour <\/a>   <a class=\"show-card-de-oferta__button\" href=\"http:\/\/glo.bo\/3E05MeA\" rel=\"nofollow noopener noreferrer\" title=\"Veja no site das Casas Bahia\" target=\"_blank\"> Veja no site das Casas Bahia <\/a>   <a class=\"show-card-de-oferta__button\" href=\"http:\/\/glo.bo\/3QHPJcJ\" rel=\"nofollow noopener noreferrer\" title=\"Veja no site do Extra\" target=\"_blank\"> Veja no site do Extra <\/a>           <img loading=\"lazy\" decoding=\"async\" class=\"aligncenter size-full wp-image-51721\" src=\"https:\/\/blog.corretoraideal.com.br\/wp-content\/uploads\/2023\/08\/moto-edge-30-fusion.jpeg\" alt=\"Moto Edge 30 Fusion\" width=\"800\" height=\"400\" \/>    <\/p>\n<h5> Motorola Edge 30 Fusion <\/h5>\n<p>   <a class=\"show-card-de-oferta__button\" href=\"http:\/\/glo.bo\/3ODXDBt\" rel=\"nofollow noopener noreferrer\" title=\"Veja no site da Motorola\" target=\"_blank\"> Veja no site da Motorola <\/a>   <a class=\"show-card-de-oferta__button\" href=\"http:\/\/glo.bo\/3QG1i46\" rel=\"nofollow noopener noreferrer\" title=\"Veja no site da Fast Shop\" target=\"_blank\"> Veja no site da Fast Shop <\/a>   <a class=\"show-card-de-oferta__button\" href=\"http:\/\/glo.bo\/3KNCfZd\" rel=\"nofollow noopener noreferrer\" title=\"Veja no site das Casas Bahia\" target=\"_blank\"> Veja no site das Casas Bahia <\/a>           <img loading=\"lazy\" decoding=\"async\" class=\"aligncenter size-full wp-image-51722\" src=\"https:\/\/blog.corretoraideal.com.br\/wp-content\/uploads\/2023\/08\/samsung-galaxy-s23-ultra.jpeg\" alt=\"Samsung Galaxy S23 Ultra\" width=\"800\" height=\"400\" \/>    <\/p>\n<h5> Samsung Galaxy S23 Ultra <\/h5>\n<p>   <a class=\"show-card-de-oferta__button\" href=\"http:\/\/glo.bo\/3OGwLkg\" rel=\"nofollow noopener noreferrer\" title=\"Veja no site da Fast Shop\" target=\"_blank\"> Veja no site da Fast Shop <\/a>   <a class=\"show-card-de-oferta__button\" href=\"http:\/\/glo.bo\/3EiNQfr\" rel=\"nofollow noopener noreferrer\" title=\"Veja no site do Ponto\" target=\"_blank\"> Veja no site do Ponto <\/a>   <a class=\"show-card-de-oferta__button\" href=\"http:\/\/glo.bo\/3E1nE8E\" rel=\"nofollow noopener noreferrer\" title=\"Veja no site das Casas Bahia\" target=\"_blank\"> Veja no site das Casas Bahia <\/a>       <\/p>\n<ul>\n<li><a class href=\"https:\/\/g1.globo.com\/especiais\/guia-de-compras\/hora-da-selfie-g1-testa-a-camera-frontal-de-5-celulares.ghtml\"><strong>Hora da selfie: g1 testa a c\u00e2mera frontal de 5 celulares<\/strong><\/a><\/li>\n<\/ul>\n<p><h2>Impress\u00e3o\/amplia\u00e7\u00e3o de fotos<\/h2>\n<\/p>\n<p>       <img loading=\"lazy\" decoding=\"async\" class=\"aligncenter size-full wp-image-51723\" src=\"https:\/\/blog.corretoraideal.com.br\/wp-content\/uploads\/2023\/08\/vale-quadro-com-moldura-preta-20-x-30-cm.jpeg\" alt=\"Vale quadro com moldura preta 20 x 30 cm\" width=\"800\" height=\"400\" \/>    <\/p>\n<h5> Vale quadro com moldura preta 20 x 30 cm <\/h5>\n<p>   <a class=\"show-card-de-oferta__button\" href=\"http:\/\/glo.bo\/3skrNBX\" rel=\"nofollow noopener noreferrer\" title=\"Veja no site da Phooto\" target=\"_blank\"> Veja no site da Phooto <\/a>           <img loading=\"lazy\" decoding=\"async\" class=\"aligncenter size-full wp-image-51724\" src=\"https:\/\/blog.corretoraideal.com.br\/wp-content\/uploads\/2023\/08\/phooto-pacote-com-100-fotos-10x15-cm.jpeg\" alt=\"Phooto pacote com 100 fotos 10x15 cm\" width=\"800\" height=\"400\" \/>    <\/p>\n<h5> Phooto pacote com 100 fotos 10&#215;15 cm <\/h5>\n<p>   <a class=\"show-card-de-oferta__button\" href=\"http:\/\/glo.bo\/47BP96A\" rel=\"nofollow noopener noreferrer\" title=\"Veja no site da Phooto\" target=\"_blank\"> Veja no site da Phooto <\/a>       <\/p>\n<p><h2>Cart\u00f5es de mem\u00f3ria\/SSD<\/h2>\n<\/p>\n<p>       <img loading=\"lazy\" decoding=\"async\" class=\"aligncenter size-full wp-image-51725\" src=\"https:\/\/blog.corretoraideal.com.br\/wp-content\/uploads\/2023\/08\/cartao-sd-kingston-64-gb.jpeg\" alt=\"Cart\u00e3o SD Kingston 64 GB\" width=\"800\" height=\"400\" \/>    <\/p>\n<h5> Cart\u00e3o SD Kingston 64 GB <\/h5>\n<p>   <a class=\"show-card-de-oferta__button\" href=\"http:\/\/glo.bo\/45pCUI4\" rel=\"nofollow noopener noreferrer\" title=\"Veja no site do Kabum\" target=\"_blank\"> Veja no site do Kabum <\/a>   <a class=\"show-card-de-oferta__button\" href=\"http:\/\/glo.bo\/3qwFj52\" rel=\"nofollow noopener noreferrer\" title=\"Veja no site das Casas Bahia\" target=\"_blank\"> Veja no site das Casas Bahia <\/a>   <a class=\"show-card-de-oferta__button\" href=\"http:\/\/glo.bo\/3KF98Hu\" rel=\"nofollow noopener noreferrer\" title=\"Veja no site do Extra\" target=\"_blank\"> Veja no site do Extra <\/a>           <img loading=\"lazy\" decoding=\"async\" class=\"aligncenter size-full wp-image-51726\" src=\"https:\/\/blog.corretoraideal.com.br\/wp-content\/uploads\/2023\/08\/cartao-sd-sandisk-extreme-pro-128-gb.jpeg\" alt=\"Cart\u00e3o SD Sandisk Extreme Pro 128 GB\" width=\"800\" height=\"400\" \/>    <\/p>\n<h5> Cart\u00e3o SD Sandisk Extreme Pro 128 GB <\/h5>\n<p>   <a class=\"show-card-de-oferta__button\" href=\"http:\/\/glo.bo\/3DWu751\" rel=\"nofollow noopener noreferrer\" title=\"Veja no site do Extra\" target=\"_blank\"> Veja no site do Extra <\/a>   <a class=\"show-card-de-oferta__button\" href=\"http:\/\/glo.bo\/3qH5Axz\" rel=\"nofollow noopener noreferrer\" title=\"Veja no site das Casas Bahia\" target=\"_blank\"> Veja no site das Casas Bahia <\/a>   <a class=\"show-card-de-oferta__button\" href=\"http:\/\/glo.bo\/3E0IZPy\" rel=\"nofollow noopener noreferrer\" title=\"Veja no site do Kabum\" target=\"_blank\"> Veja no site do Kabum <\/a>           <img loading=\"lazy\" decoding=\"async\" class=\"aligncenter size-full wp-image-51727\" src=\"https:\/\/blog.corretoraideal.com.br\/wp-content\/uploads\/2023\/08\/ssd-portatil-kingston-1-tb.jpeg\" alt=\"SSD port\u00e1til Kingston 1 TB\" width=\"800\" height=\"400\" \/>    <\/p>\n<h5> SSD port\u00e1til Kingston 1 TB <\/h5>\n<p>   <a class=\"show-card-de-oferta__button\" href=\"http:\/\/glo.bo\/3P0YOMJ\" rel=\"nofollow noopener noreferrer\" title=\"Veja no site do Ponto\" target=\"_blank\"> Veja no site do Ponto <\/a>   <a class=\"show-card-de-oferta__button\" href=\"http:\/\/glo.bo\/3DZkt1p\" rel=\"nofollow noopener noreferrer\" title=\"Veja no site do Extra\" target=\"_blank\"> Veja no site do Extra <\/a>   <a class=\"show-card-de-oferta__button\" href=\"http:\/\/glo.bo\/45rZe3Z\" rel=\"nofollow noopener noreferrer\" title=\"Veja no site do Kabum\" target=\"_blank\"> Veja no site do Kabum <\/a>       <\/p>\n<p> Esta reportagem foi produzida com total independ\u00eancia editorial por nosso time de jornalistas e colaboradores especializados. Caso o leitor opte por adquirir algum produto a partir de links disponibilizados, a Globo poder\u00e1 auferir receita por meio de parcerias comerciais. Esclarecemos que a Globo n\u00e3o possui qualquer controle ou responsabilidade acerca da eventual experi\u00eancia de compra, mesmo que a partir dos links disponibilizados. Questionamentos ou reclama\u00e7\u00f5es em rela\u00e7\u00e3o ao produto adquirido e\/ou processo de compra, pagamento e entrega dever\u00e3o ser direcionados diretamente ao lojista respons\u00e1vel. <\/p>\n<ul> <\/ul>\n","protected":false},"excerpt":{"rendered":"<p>1 de 1&#013;Guia de Compras: Dia Internacional da Fotografia \u2014 Foto: Ighor Jesus\/g1 Guia de Compras: Dia Internacional da Fotografia \u2014 Foto: Ighor Jesus\/g1 O Dia Internacional da Fotografia \u00e9 comemorado em 19 de agosto. \u00c9 uma homenagem \u00e0 data que a daguerreotipia \u2013 uma esp\u00e9cie de av\u00f3 da fotografia \u2013 foi apresentada ao mundo [&hellip;]<\/p>\n","protected":false},"author":1,"featured_media":0,"comment_status":"closed","ping_status":"closed","sticky":false,"template":"","format":"standard","meta":{"footnotes":""},"categories":[],"tags":[],"class_list":["post-51706","post","type-post","status-publish","format-standard","hentry"],"_links":{"self":[{"href":"https:\/\/blog.corretoraideal.com.br\/index.php\/wp-json\/wp\/v2\/posts\/51706","targetHints":{"allow":["GET"]}}],"collection":[{"href":"https:\/\/blog.corretoraideal.com.br\/index.php\/wp-json\/wp\/v2\/posts"}],"about":[{"href":"https:\/\/blog.corretoraideal.com.br\/index.php\/wp-json\/wp\/v2\/types\/post"}],"author":[{"embeddable":true,"href":"https:\/\/blog.corretoraideal.com.br\/index.php\/wp-json\/wp\/v2\/users\/1"}],"replies":[{"embeddable":true,"href":"https:\/\/blog.corretoraideal.com.br\/index.php\/wp-json\/wp\/v2\/comments?post=51706"}],"version-history":[{"count":1,"href":"https:\/\/blog.corretoraideal.com.br\/index.php\/wp-json\/wp\/v2\/posts\/51706\/revisions"}],"predecessor-version":[{"id":51728,"href":"https:\/\/blog.corretoraideal.com.br\/index.php\/wp-json\/wp\/v2\/posts\/51706\/revisions\/51728"}],"wp:attachment":[{"href":"https:\/\/blog.corretoraideal.com.br\/index.php\/wp-json\/wp\/v2\/media?parent=51706"}],"wp:term":[{"taxonomy":"category","embeddable":true,"href":"https:\/\/blog.corretoraideal.com.br\/index.php\/wp-json\/wp\/v2\/categories?post=51706"},{"taxonomy":"post_tag","embeddable":true,"href":"https:\/\/blog.corretoraideal.com.br\/index.php\/wp-json\/wp\/v2\/tags?post=51706"}],"curies":[{"name":"wp","href":"https:\/\/api.w.org\/{rel}","templated":true}]}}