{"id":51729,"date":"2023-08-26T04:40:24","date_gmt":"2023-08-26T04:40:24","guid":{"rendered":"https:\/\/blog.corretoraideal.com.br\/?p=51729"},"modified":"2023-08-26T04:40:24","modified_gmt":"2023-08-26T04:40:24","slug":"agosto-lilas-superintendencia-dos-direitos-da-mulher-de-cabo-frio-promove-acoes-na-cidade-e-curso-em-campos-regiao-dos-lagos-g1","status":"publish","type":"post","link":"https:\/\/blog.corretoraideal.com.br\/index.php\/2023\/08\/26\/agosto-lilas-superintendencia-dos-direitos-da-mulher-de-cabo-frio-promove-acoes-na-cidade-e-curso-em-campos-regiao-dos-lagos-g1\/","title":{"rendered":"Agosto Lil\u00e1s: Superintend\u00eancia dos Direitos da Mulher de Cabo Frio promove a\u00e7\u00f5es na cidade e curso em Campos | Regi\u00e3o dos Lagos | G1"},"content":{"rendered":"\n<p> As atividades pelo &quot;Agosto Lil\u00e1s&quot; em Cabo Frio, na Regi\u00e3o dos Lagos do Rio, seguem at\u00e9 o 31 de agosto. E dentro da programa\u00e7\u00e3o est\u00e1 um curso de Enfrentamento \u00e0 Viol\u00eancia Dom\u00e9stica e Familiar contra a Mulher que ser\u00e1 ministrado na cidade de Campos dos Goytacazes, no Norte Fluminense, pela Superintend\u00eancia dos Direitos da Mulher de Cabo Frio. <\/p>\n<p> O curso ser\u00e1 ministrado nesta ter\u00e7a-feira (22) por Ludmila Roque, coordenadora do Centro Especializado de Atendimento \u00e0 Mulher de Cabo Frio (Ceam Polo), a partir de convite feito pela Subsecretaria Municipal de Pol\u00edticas para Mulheres e do Ceam de Campos. <\/p>\n<p> Al\u00e9m do curso, as equipes da Superintend\u00eancia, que \u00e9 vinculada \u00e0 Secretaria de Assist\u00eancia Social da Prefeitura de Cabo Frio, v\u00e3o promover um encontro com a rede de atendimento do distrito de Tamoios. A programa\u00e7\u00e3o tamb\u00e9m conta com a\u00e7\u00f5es no Centro da cidade, como no Pal\u00e1cio das \u00c1guias, na Pra\u00e7a Porto Rocha e na Prefeitura, al\u00e9m de atividades na Universidade Veiga de Almeida. <\/p>\n<p><h2>Confira a programa\u00e7\u00e3o<\/h2>\n<\/p>\n<p> <strong>22\/08 &#8211; <\/strong> Curso de Enfrentamento \u00e0 Viol\u00eancia Dom\u00e9stica e Familiar contra a Mulher na cidade de Campos dos Goytacazes. Curso \u00e9 oferecido pela Ceam Cabo Frio dentro do m\u00f3dulo da Rede de Aten\u00e7\u00e3o e Prote\u00e7\u00e3o Social nas Pol\u00edticas P\u00fablicas de Assist\u00eancia Social e Sa\u00fade. <\/p>\n<p> <strong>23\/08 &#8211; <\/strong>&quot;Ch\u00e1 com a Rede Tamoios&quot;, a partir das 14h, no Ceam Rosa da Farinha, inaugurado em mar\u00e7o deste ano. A media\u00e7\u00e3o ser\u00e1 feita pelas equipes das unidades do Ceam e do Conselho Municipal dos Direitos da Mulher (Comdim). O objetivo do encontro \u00e9 reunir a rede local de Tamoios para promover o interc\u00e2mbio de experi\u00eancias, abordar o fluxo de atendimento, al\u00e9m da apresenta\u00e7\u00e3o dos dados estat\u00edsticos e das atividades do Comdim. <\/p>\n<p> <strong>29\/08 &#8211;<\/strong> Semin\u00e1rio \u201cExperi\u00eancias Interdisciplinares e a Lei Maria da Penha no Campo de Est\u00e1gio\u201d, para apresenta\u00e7\u00e3o individual das estagi\u00e1rias do curso de Servi\u00e7o Social: reflex\u00f5es sobre o campo de est\u00e1gio, perfil das assistidas e avalia\u00e7\u00e3o. A atividade ser\u00e1 no Pal\u00e1cio das \u00c1guias, no Centro da cidade. <\/p>\n<p> <strong>30\/08 &#8211; <\/strong>Encontro com a rede de enfrentamento \u00e0 viol\u00eancia contra a mulher em alus\u00e3o aos 17 anos da Lei Maria da Penha. Haver\u00e1 ainda apresenta\u00e7\u00f5es culturais e art\u00edsticas, al\u00e9m de orienta\u00e7\u00e3o jur\u00eddica, sa\u00fade da mulher, e roda de conversa. O evento ser\u00e1 das 13h \u00e0s 17h, na Pra\u00e7a Porto Rocha. <\/p>\n<p> <strong>31\/08 &#8211; <\/strong>No audit\u00f3rio da Prefeitura, \u00e0s 9h, ser\u00e1 realizada a reuni\u00e3o \u201cTrabalhamos para que as Mulheres tenham uma vida sem viol\u00eancia\u201d, com a rede de enfrentamento \u00e0 viol\u00eancia contra a Mulher; e a aplicabilidade da lei Maria da Penha, que vai apresentar as pol\u00edticas p\u00fablicas da Superintend\u00eancia dos Direitos da Mulher, como o Grupo Reflexivo do Homem; os Centros Especializados de Atendimento \u00e0 Mulher (Ceams) Polo, no Braga, e Rosa da Farinha, em Tamoios; o Conselho Municipal dos Direitos da Mulher (Comdim); bem como os parceiros Patrulha Maria da Penha da Guarda Municipal e a Delegacia de Atendimento \u00e0 Mulher (Deam). <\/p>\n<p> <strong>31\/08 &#8211; <\/strong>Encerrando a programa\u00e7\u00e3o do m\u00eas, haver\u00e1 aula magna sobre a Lei Maria da Penha, em dois hor\u00e1rios: \u00e0s 9h e \u00e0s 18h, na Universidade Veiga de Almeida, ministrada pelas t\u00e9cnicas do Ceam, a coordenadora Ludmila Roque, e a psic\u00f3loga Ana Paula Santos. <\/p>\n<ul> <\/ul>\n","protected":false},"excerpt":{"rendered":"<p>As atividades pelo &quot;Agosto Lil\u00e1s&quot; em Cabo Frio, na Regi\u00e3o dos Lagos do Rio, seguem at\u00e9 o 31 de agosto. E dentro da programa\u00e7\u00e3o est\u00e1 um curso de Enfrentamento \u00e0 Viol\u00eancia Dom\u00e9stica e Familiar contra a Mulher que ser\u00e1 ministrado na cidade de Campos dos Goytacazes, no Norte Fluminense, pela Superintend\u00eancia dos Direitos da Mulher [&hellip;]<\/p>\n","protected":false},"author":1,"featured_media":0,"comment_status":"closed","ping_status":"closed","sticky":false,"template":"","format":"standard","meta":{"footnotes":""},"categories":[],"tags":[],"class_list":["post-51729","post","type-post","status-publish","format-standard","hentry"],"_links":{"self":[{"href":"https:\/\/blog.corretoraideal.com.br\/index.php\/wp-json\/wp\/v2\/posts\/51729","targetHints":{"allow":["GET"]}}],"collection":[{"href":"https:\/\/blog.corretoraideal.com.br\/index.php\/wp-json\/wp\/v2\/posts"}],"about":[{"href":"https:\/\/blog.corretoraideal.com.br\/index.php\/wp-json\/wp\/v2\/types\/post"}],"author":[{"embeddable":true,"href":"https:\/\/blog.corretoraideal.com.br\/index.php\/wp-json\/wp\/v2\/users\/1"}],"replies":[{"embeddable":true,"href":"https:\/\/blog.corretoraideal.com.br\/index.php\/wp-json\/wp\/v2\/comments?post=51729"}],"version-history":[{"count":1,"href":"https:\/\/blog.corretoraideal.com.br\/index.php\/wp-json\/wp\/v2\/posts\/51729\/revisions"}],"predecessor-version":[{"id":51731,"href":"https:\/\/blog.corretoraideal.com.br\/index.php\/wp-json\/wp\/v2\/posts\/51729\/revisions\/51731"}],"wp:attachment":[{"href":"https:\/\/blog.corretoraideal.com.br\/index.php\/wp-json\/wp\/v2\/media?parent=51729"}],"wp:term":[{"taxonomy":"category","embeddable":true,"href":"https:\/\/blog.corretoraideal.com.br\/index.php\/wp-json\/wp\/v2\/categories?post=51729"},{"taxonomy":"post_tag","embeddable":true,"href":"https:\/\/blog.corretoraideal.com.br\/index.php\/wp-json\/wp\/v2\/tags?post=51729"}],"curies":[{"name":"wp","href":"https:\/\/api.w.org\/{rel}","templated":true}]}}