{"id":51747,"date":"2023-08-26T09:49:22","date_gmt":"2023-08-26T09:49:22","guid":{"rendered":"https:\/\/blog.corretoraideal.com.br\/?p=51747"},"modified":"2023-08-26T09:49:22","modified_gmt":"2023-08-26T09:49:22","slug":"curso-de-eletricista-de-sistemas-de-energias-renovaveis-abre-inscricoes-em-sao-joao-da-barra-norte-fluminense-g1","status":"publish","type":"post","link":"https:\/\/blog.corretoraideal.com.br\/index.php\/2023\/08\/26\/curso-de-eletricista-de-sistemas-de-energias-renovaveis-abre-inscricoes-em-sao-joao-da-barra-norte-fluminense-g1\/","title":{"rendered":"Curso de eletricista de sistemas de energias renov\u00e1veis abre inscri\u00e7\u00f5es em S\u00e3o Jo\u00e3o da Barra | Norte Fluminense | G1"},"content":{"rendered":"\n<p> O Instituto Federal Fluminense (IFF) abre, nesta segunda-feira (21), as inscri\u00e7\u00f5es para o curso de eletricista de sistemas de energias renov\u00e1veis no campus avan\u00e7ado <a class href=\"https:\/\/g1.globo.com\/rj\/norte-fluminense\/cidade\/sao-joao-da-barra\/\">S\u00e3o Jo\u00e3o da Barra<\/a>. <\/p>\n<p> O cadastro deve ser feito at\u00e9 o dia 3 de setembro, no <a class href=\"http:\/\/inscricoes.iff.edu.br\" target=\"_blank\" rel=\"noopener noreferrer\">link<\/a>. <\/p>\n<p> S\u00e3o 25 vagas, com reserva de no m\u00ednimo 20% para mulheres. <\/p>\n<p> As aulas ser\u00e3o ministradas no campus avan\u00e7ado do IFF S\u00e3o Jo\u00e3o da Barra, a partir do dia 18 de setembro, com parte te\u00f3rica no per\u00edodo noturno e a pr\u00e1tica, aos s\u00e1bados. <\/p>\n<p> O curso tem carga hor\u00e1ria de 200 horas. <\/p>\n<p> No conte\u00fado program\u00e1tico, est\u00e3o os temas \u201celetricidade b\u00e1sica aplicada a sistemas fotovoltaicos\u201d, \u201cfundamentos de energia solar fotovoltaica\u201d, \u201ctecnologia fotovoltaica: m\u00f3dulos, arranjos, c\u00e9lula\u201d, \u201csistemas fotovoltaicos: isolados, conectados \u00e0 rede, h\u00edbridos, bombeamento de \u00e1gua\u201d, \u201cmedidas de seguran\u00e7a do trabalho aplicadas ao setor fotovoltaico montagem de sistemas fotovoltaicos\u201d e \u201cestudo de viabilidade de neg\u00f3cio em energia solar\u201d. <\/p>\n<ul>\n<li> <a href=\"https:\/\/g1.globo.com\/rj\/norte-fluminense\/cidade\/sao-joao-da-barra\/\" class=\"entities__list-itemLink\" data-track-click=\"S\u00e3o Jo\u00e3o da Barra\"> S\u00e3o Jo\u00e3o da Barra <\/a> <\/li>\n<\/ul>\n","protected":false},"excerpt":{"rendered":"<p>O Instituto Federal Fluminense (IFF) abre, nesta segunda-feira (21), as inscri\u00e7\u00f5es para o curso de eletricista de sistemas de energias renov\u00e1veis no campus avan\u00e7ado S\u00e3o Jo\u00e3o da Barra. O cadastro deve ser feito at\u00e9 o dia 3 de setembro, no link. S\u00e3o 25 vagas, com reserva de no m\u00ednimo 20% para mulheres. As aulas ser\u00e3o [&hellip;]<\/p>\n","protected":false},"author":1,"featured_media":0,"comment_status":"closed","ping_status":"closed","sticky":false,"template":"","format":"standard","meta":{"footnotes":""},"categories":[],"tags":[],"class_list":["post-51747","post","type-post","status-publish","format-standard","hentry"],"_links":{"self":[{"href":"https:\/\/blog.corretoraideal.com.br\/index.php\/wp-json\/wp\/v2\/posts\/51747","targetHints":{"allow":["GET"]}}],"collection":[{"href":"https:\/\/blog.corretoraideal.com.br\/index.php\/wp-json\/wp\/v2\/posts"}],"about":[{"href":"https:\/\/blog.corretoraideal.com.br\/index.php\/wp-json\/wp\/v2\/types\/post"}],"author":[{"embeddable":true,"href":"https:\/\/blog.corretoraideal.com.br\/index.php\/wp-json\/wp\/v2\/users\/1"}],"replies":[{"embeddable":true,"href":"https:\/\/blog.corretoraideal.com.br\/index.php\/wp-json\/wp\/v2\/comments?post=51747"}],"version-history":[{"count":1,"href":"https:\/\/blog.corretoraideal.com.br\/index.php\/wp-json\/wp\/v2\/posts\/51747\/revisions"}],"predecessor-version":[{"id":51749,"href":"https:\/\/blog.corretoraideal.com.br\/index.php\/wp-json\/wp\/v2\/posts\/51747\/revisions\/51749"}],"wp:attachment":[{"href":"https:\/\/blog.corretoraideal.com.br\/index.php\/wp-json\/wp\/v2\/media?parent=51747"}],"wp:term":[{"taxonomy":"category","embeddable":true,"href":"https:\/\/blog.corretoraideal.com.br\/index.php\/wp-json\/wp\/v2\/categories?post=51747"},{"taxonomy":"post_tag","embeddable":true,"href":"https:\/\/blog.corretoraideal.com.br\/index.php\/wp-json\/wp\/v2\/tags?post=51747"}],"curies":[{"name":"wp","href":"https:\/\/api.w.org\/{rel}","templated":true}]}}