{"id":51750,"date":"2023-08-26T10:32:42","date_gmt":"2023-08-26T10:32:42","guid":{"rendered":"https:\/\/blog.corretoraideal.com.br\/?p=51750"},"modified":"2023-08-26T10:32:42","modified_gmt":"2023-08-26T10:32:42","slug":"suspensao-de-pacotes-pela-123-milhas-gera-revolta-e-memes-nas-redes-sociais-economia-g1","status":"publish","type":"post","link":"https:\/\/blog.corretoraideal.com.br\/index.php\/2023\/08\/26\/suspensao-de-pacotes-pela-123-milhas-gera-revolta-e-memes-nas-redes-sociais-economia-g1\/","title":{"rendered":"Suspens\u00e3o de pacotes pela 123 Milhas gera revolta e memes nas redes sociais | Economia | G1"},"content":{"rendered":"<p>      1 de 1&#013;Ag\u00eancia de viagens 123 Milhas suspende pacotes e emiss\u00e3o de passagens promocionais. \u2014 Foto: Reprodu\u00e7\u00e3o    <\/p>\n<p> Ag\u00eancia de viagens 123 Milhas suspende pacotes e emiss\u00e3o de passagens promocionais. \u2014 Foto: Reprodu\u00e7\u00e3o <\/p>\n<p> A ag\u00eancia de viagens <a class href=\"https:\/\/g1.globo.com\/economia\/noticia\/2023\/08\/18\/agencia-de-viagens-123-milhas-suspende-pacotes-e-emissao-de-passagens-promocionais.ghtml\">123 Milhas anunciou nesta sexta-feira (18) que ir\u00e1 suspender os pacotes e a emiss\u00e3o de passagens de sua linha promocional<\/a>. A medida \u2014 que afetar\u00e1 viagens j\u00e1 contratadas da linha &quot;Promo&quot; previstas <strong>de setembro a dezembro de 2023<\/strong> \u2014 gerou revolta e memes nas redes sociais. <\/p>\n<p> A companhia informou que est\u00e1 devolvendo integralmente os valores pagos pelos clientes. A devolu\u00e7\u00e3o ser\u00e1 feita em &quot;<strong>vouchers<\/strong> acrescidos de corre\u00e7\u00e3o monet\u00e1ria de 150% do CDI, acima da infla\u00e7\u00e3o e dos juros de mercado, para compra de quaisquer passagens, hot\u00e9is e pacotes&quot;. <\/p>\n<p> Segundo a ag\u00eancia, esses vouchers poder\u00e3o ser usados em produtos da 123 Milhas. No comunicado, entretanto, <strong>a empresa n\u00e3o deixou claro se haver\u00e1 ressarcimento em dinheiro, para uso al\u00e9m de seus servi\u00e7os.<\/strong> <\/p>\n<ul>\n<li><a class href=\"https:\/\/g1.globo.com\/economia\/noticia\/2023\/08\/18\/agencia-de-viagens-123-milhas-suspende-pacotes-e-emissao-de-passagens-promocionais.ghtml\"><strong>Veja perguntas e respostas sobre a suspens\u00e3o de pacotes<\/strong><\/a><\/li>\n<\/ul>\n<p>&quot;Isso aqui \u00e9 inacredit\u00e1vel. Estamos h\u00e1 mais de um ano vendo v\u00eddeos, organizando nossa viagem, sonhando. Para eles simplesmente chegarem e: &#x27;p\u00f4, n\u00e3o vai dar, n\u00e3o vamos emitir a passagem mais&#x27;&quot;, relatou um cliente.<\/p>\n<p> Outros compararam a 123 Milhas \u00e0 ag\u00eancia Hurb (antigo Hotel Urbano), que passou a enfrentar uma forte crise este ano, em meio a <a class href=\"https:\/\/g1.globo.com\/economia\/noticia\/2023\/04\/24\/entenda-a-crise-na-hurb.ghtml\">pol\u00eamicas, cancelamentos de reservas e ren\u00fancia do CEO da companhia<\/a>. <\/p>\n<p> <strong>Veja a repercuss\u00e3o:<\/strong> <\/p>\n<ul> <\/ul>\n","protected":false},"excerpt":{"rendered":"<p>1 de 1&#013;Ag\u00eancia de viagens 123 Milhas suspende pacotes e emiss\u00e3o de passagens promocionais. \u2014 Foto: Reprodu\u00e7\u00e3o Ag\u00eancia de viagens 123 Milhas suspende pacotes e emiss\u00e3o de passagens promocionais. \u2014 Foto: Reprodu\u00e7\u00e3o A ag\u00eancia de viagens 123 Milhas anunciou nesta sexta-feira (18) que ir\u00e1 suspender os pacotes e a emiss\u00e3o de passagens de sua linha [&hellip;]<\/p>\n","protected":false},"author":1,"featured_media":0,"comment_status":"closed","ping_status":"closed","sticky":false,"template":"","format":"standard","meta":{"footnotes":""},"categories":[],"tags":[],"class_list":["post-51750","post","type-post","status-publish","format-standard","hentry"],"_links":{"self":[{"href":"https:\/\/blog.corretoraideal.com.br\/index.php\/wp-json\/wp\/v2\/posts\/51750","targetHints":{"allow":["GET"]}}],"collection":[{"href":"https:\/\/blog.corretoraideal.com.br\/index.php\/wp-json\/wp\/v2\/posts"}],"about":[{"href":"https:\/\/blog.corretoraideal.com.br\/index.php\/wp-json\/wp\/v2\/types\/post"}],"author":[{"embeddable":true,"href":"https:\/\/blog.corretoraideal.com.br\/index.php\/wp-json\/wp\/v2\/users\/1"}],"replies":[{"embeddable":true,"href":"https:\/\/blog.corretoraideal.com.br\/index.php\/wp-json\/wp\/v2\/comments?post=51750"}],"version-history":[{"count":1,"href":"https:\/\/blog.corretoraideal.com.br\/index.php\/wp-json\/wp\/v2\/posts\/51750\/revisions"}],"predecessor-version":[{"id":51752,"href":"https:\/\/blog.corretoraideal.com.br\/index.php\/wp-json\/wp\/v2\/posts\/51750\/revisions\/51752"}],"wp:attachment":[{"href":"https:\/\/blog.corretoraideal.com.br\/index.php\/wp-json\/wp\/v2\/media?parent=51750"}],"wp:term":[{"taxonomy":"category","embeddable":true,"href":"https:\/\/blog.corretoraideal.com.br\/index.php\/wp-json\/wp\/v2\/categories?post=51750"},{"taxonomy":"post_tag","embeddable":true,"href":"https:\/\/blog.corretoraideal.com.br\/index.php\/wp-json\/wp\/v2\/tags?post=51750"}],"curies":[{"name":"wp","href":"https:\/\/api.w.org\/{rel}","templated":true}]}}