{"id":51762,"date":"2023-08-26T14:58:25","date_gmt":"2023-08-26T14:58:25","guid":{"rendered":"https:\/\/blog.corretoraideal.com.br\/?p=51762"},"modified":"2023-08-26T14:58:25","modified_gmt":"2023-08-26T14:58:25","slug":"vitima-de-estupro-e-sequestro-em-campos-e-acompanhada-pelo-conselho-tutelar-foi-mantida-a-prisao-do-suspeito-norte-fluminense-g1","status":"publish","type":"post","link":"https:\/\/blog.corretoraideal.com.br\/index.php\/2023\/08\/26\/vitima-de-estupro-e-sequestro-em-campos-e-acompanhada-pelo-conselho-tutelar-foi-mantida-a-prisao-do-suspeito-norte-fluminense-g1\/","title":{"rendered":"V\u00edtima de estupro e sequestro em Campos \u00e9 acompanhada pelo Conselho Tutelar; foi mantida a pris\u00e3o do suspeito | Norte Fluminense | G1"},"content":{"rendered":"<p>      1 de 1&#013;Sequestro em Campos \u2014 Foto: Divulga\u00e7\u00e3o    <\/p>\n<p> Sequestro em Campos \u2014 Foto: Divulga\u00e7\u00e3o <\/p>\n<p> Foi mantida a pris\u00e3o do homem que foi detido em flagrante sob suspeita de sequestro e estupro de uma v\u00edtima de 16 anos, residente em <a class href=\"https:\/\/g1.globo.com\/rj\/norte-fluminense\/cidade\/campos-dos-goytacazes\/\">Campos dos Goytacazes<\/a>, no Norte Fluminense. O crime ocorreu no \u00faltimo dia 15, tr\u00eas dias ap\u00f3s policiais civis da 144\u00aa DP de Bom Jesus do Itabapoana terem detido o suspeito. <\/p>\n<p> A jovem, que est\u00e1 atualmente com a fam\u00edlia, est\u00e1 sendo acompanhada pelo Conselho Tutelar. De acordo com as investiga\u00e7\u00f5es conduzidas pelo delegado titular Dr. M\u00e1rcio Caldas, o homem se passou por um vereador de Bom Jesus do Itabapoana e prometeu emprego como promotora para a v\u00edtima. <\/p>\n<p> Segundo a Pol\u00edcia Civil, o suspeito foi detido em flagrante pelo sequestro, considerado um crime permanente, ou seja, o ato teve in\u00edcio em Campos, passou pela cidade de Celina, no Esp\u00edrito Santo, e foi conclu\u00eddo em Bom Jesus do Itabapoana. Ele tamb\u00e9m foi detido em flagrante pelo estupro que ocorreu em Cal\u00e7ado, ES. <\/p>\n<p> A Pol\u00edcia Civil est\u00e1 investigando ainda o crime de tr\u00e1fico de pessoas para explora\u00e7\u00e3o sexual, conforme definido na s\u00famula 149-A do C\u00f3digo Penal, que abrange &quot;quem alicia, captura ou promove o transporte de pessoas&quot;. Conforme as investiga\u00e7\u00f5es, o suspeito buscou a v\u00edtima em Campos e tamb\u00e9m tinha envolvimento de outra jovem de Vit\u00f3ria no caso. <\/p>\n<p> De acordo com as autoridades policiais, o suspeito seduziu a adolescente e tamb\u00e9m a induziu \u00e0 prostitui\u00e7\u00e3o, afirmando que tinha clientes para ela. <\/p>\n<p> Essa hist\u00f3ria absurda teve in\u00edcio em 15 de agosto. Durante o depoimento, a adolescente relatou que conheceu o suspeito atrav\u00e9s das redes sociais em mar\u00e7o, quando ele se apresentou como parlamentar. Na semana passada, segundo a jovem, ele a procurou novamente, alegando que havia uma vaga de promotora de propaganda em Bom Jesus, pelo valor de R$ 1.000. Devido \u00e0 dif\u00edcil situa\u00e7\u00e3o enfrentada pela fam\u00edlia, a ida da jovem para o suposto trabalho foi autorizada. <\/p>\n<p> O encontro para o suposto trabalho ocorreu nas proximidades do Hospital Ferreira Machado, em Campos. De l\u00e1, eles partiram para um local distante. <\/p>\n<p> De acordo com a Pol\u00edcia, o suspeito afirmou gerenciar uma casa de prostitui\u00e7\u00e3o em Celina, ES. <\/p>\n<ul>\n<li> <a href=\"https:\/\/g1.globo.com\/rj\/norte-fluminense\/cidade\/campos-dos-goytacazes\/\" class=\"entities__list-itemLink\" data-track-click=\"Campos dos Goytacazes\"> Campos dos Goytacazes <\/a> <\/li>\n<\/ul>\n","protected":false},"excerpt":{"rendered":"<p>1 de 1&#013;Sequestro em Campos \u2014 Foto: Divulga\u00e7\u00e3o Sequestro em Campos \u2014 Foto: Divulga\u00e7\u00e3o Foi mantida a pris\u00e3o do homem que foi detido em flagrante sob suspeita de sequestro e estupro de uma v\u00edtima de 16 anos, residente em Campos dos Goytacazes, no Norte Fluminense. O crime ocorreu no \u00faltimo dia 15, tr\u00eas dias ap\u00f3s [&hellip;]<\/p>\n","protected":false},"author":1,"featured_media":0,"comment_status":"closed","ping_status":"closed","sticky":false,"template":"","format":"standard","meta":{"footnotes":""},"categories":[],"tags":[],"class_list":["post-51762","post","type-post","status-publish","format-standard","hentry"],"_links":{"self":[{"href":"https:\/\/blog.corretoraideal.com.br\/index.php\/wp-json\/wp\/v2\/posts\/51762","targetHints":{"allow":["GET"]}}],"collection":[{"href":"https:\/\/blog.corretoraideal.com.br\/index.php\/wp-json\/wp\/v2\/posts"}],"about":[{"href":"https:\/\/blog.corretoraideal.com.br\/index.php\/wp-json\/wp\/v2\/types\/post"}],"author":[{"embeddable":true,"href":"https:\/\/blog.corretoraideal.com.br\/index.php\/wp-json\/wp\/v2\/users\/1"}],"replies":[{"embeddable":true,"href":"https:\/\/blog.corretoraideal.com.br\/index.php\/wp-json\/wp\/v2\/comments?post=51762"}],"version-history":[{"count":1,"href":"https:\/\/blog.corretoraideal.com.br\/index.php\/wp-json\/wp\/v2\/posts\/51762\/revisions"}],"predecessor-version":[{"id":51764,"href":"https:\/\/blog.corretoraideal.com.br\/index.php\/wp-json\/wp\/v2\/posts\/51762\/revisions\/51764"}],"wp:attachment":[{"href":"https:\/\/blog.corretoraideal.com.br\/index.php\/wp-json\/wp\/v2\/media?parent=51762"}],"wp:term":[{"taxonomy":"category","embeddable":true,"href":"https:\/\/blog.corretoraideal.com.br\/index.php\/wp-json\/wp\/v2\/categories?post=51762"},{"taxonomy":"post_tag","embeddable":true,"href":"https:\/\/blog.corretoraideal.com.br\/index.php\/wp-json\/wp\/v2\/tags?post=51762"}],"curies":[{"name":"wp","href":"https:\/\/api.w.org\/{rel}","templated":true}]}}