{"id":51773,"date":"2023-08-26T17:41:25","date_gmt":"2023-08-26T17:41:25","guid":{"rendered":"https:\/\/blog.corretoraideal.com.br\/?p=51773"},"modified":"2023-08-26T17:41:25","modified_gmt":"2023-08-26T17:41:25","slug":"meta-gera-indignacao-no-canada-por-bloquear-noticias-em-meio-a-crise-de-incendios-florestais-tecnologia-g1","status":"publish","type":"post","link":"https:\/\/blog.corretoraideal.com.br\/index.php\/2023\/08\/26\/meta-gera-indignacao-no-canada-por-bloquear-noticias-em-meio-a-crise-de-incendios-florestais-tecnologia-g1\/","title":{"rendered":"Meta gera indigna\u00e7\u00e3o no Canad\u00e1 por bloquear not\u00edcias em meio \u00e0 crise de inc\u00eandios florestais | Tecnologia | G1"},"content":{"rendered":"<p>      1 de 1&#013;Inc\u00eandios florestais t\u00eam atingido o Canad\u00e1 nas \u00faltimas semanas \u2014 Foto: Getty Images via BBC    <\/p>\n<p> Inc\u00eandios florestais t\u00eam atingido o Canad\u00e1 nas \u00faltimas semanas \u2014 Foto: Getty Images via BBC <\/p>\n<p> A gigante da tecnologia <a class href=\"https:\/\/g1.globo.com\/tudo-sobre\/meta\/\">Meta<\/a> foi acusada de colocar vidas humanas em risco no Canad\u00e1 ao bloquear links de not\u00edcias em sua rede social Facebook, enquanto milhares de pessoas fogem de suas casas e est\u00e3o desesperadas por atualiza\u00e7\u00f5es sobre os inc\u00eandios florestais. <\/p>\n<p> A situa\u00e7\u00e3o &quot;\u00e9 perigosa&quot;, disse Kelsey Worth, de 35 anos, uma dos quase 20 mil habitantes de Yellowkife e milhares de outras pequenas cidades que receberam ordens das autoridades para evacuar os Territ\u00f3rios do Noroeste. Worth descreveu \u00e0 AFP como tem sido &quot;muito dif\u00edcil&quot; para ela e outros evacuados encontrar informa\u00e7\u00f5es verificadas sobre os inc\u00eandios, que assolam o territ\u00f3rio semi-\u00e1rtico e outras partes do Canad\u00e1. <\/p>\n<p> Em 1\u00ba de agosto, a <a class href=\"https:\/\/g1.globo.com\/tudo-sobre\/meta\/\">Meta<\/a> come\u00e7ou a bloquear a distribui\u00e7\u00e3o de links de not\u00edcias em suas plataformas Facebook e Instagram em resposta a uma recente lei canadense que exige que os gigantes da tecnologia paguem aos ve\u00edculos de comunica\u00e7\u00e3o pelo conte\u00fado noticioso. Com base em uma legisla\u00e7\u00e3o semelhante da Austr\u00e1lia, a lei aprovada em junho, mas que dever\u00e1 entrar em vigor no pr\u00f3ximo ano, destina-se a apoiar uma imprensa em dificuldades no Canad\u00e1. <\/p>\n<p> A <a class href=\"https:\/\/g1.globo.com\/tudo-sobre\/meta\/\">Meta<\/a>, por sua vez, afirma que a norma est\u00e1 errada e insiste que os ve\u00edculos compartilhem conte\u00fados em suas plataformas para atrair leitores, o que beneficia apenas a empresa. <\/p>\n<p> O primeiro-ministro canadense, Justin Trudeau, criticou a <a class href=\"https:\/\/g1.globo.com\/tudo-sobre\/meta\/\">Meta<\/a> esta semana. Ele disse que \u00e9 &quot;inconceb\u00edvel que uma empresa como o Facebook escolha colocar os lucros corporativos&quot; \u00e0 frente da seguran\u00e7a. <\/p>\n<p> Quase 80% de todas as receitas publicit\u00e1rias na Internet no Canad\u00e1 v\u00e3o para a <a class href=\"https:\/\/g1.globo.com\/tudo-sobre\/meta\/\">Meta<\/a> e para o Google, que expressou as suas pr\u00f3prias reservas sobre a lei. <\/p>\n<p><h2>Presidente de emissora fala em &quot;vida ou morte&quot;<\/h2>\n<\/p>\n<p> V\u00e1rios dos grandes jornais do Canad\u00e1, como o Globe and Mail e o Toronto Star, lan\u00e7aram campanhas para tentar levar os leitores diretamente aos seus sites &#8211; uma op\u00e7\u00e3o menos acess\u00edvel para ve\u00edculos menores. <\/p>\n<p> &quot;Pe\u00e7o que considerem tomar as a\u00e7\u00f5es humanit\u00e1rias necess\u00e1rias e que levantem imediatamente a proibi\u00e7\u00e3o de not\u00edcias e informa\u00e7\u00f5es canadenses vitais para as comunidades que enfrentam esta emerg\u00eancia de inc\u00eandio florestal&quot;, escreveu em uma carta esta semana a presidente da emissora p\u00fablica CBC, Catherine Tait. <\/p>\n<p> Com mais de 1.000 focos de inc\u00eandio em todo o Canad\u00e1, &quot;a necessidade de informa\u00e7\u00f5es confi\u00e1veis e atualizadas pode literalmente fazer a diferen\u00e7a entre a vida e a morte&quot;, afirmou. <\/p>\n<p> A <a class href=\"https:\/\/g1.globo.com\/tudo-sobre\/meta\/\">Meta<\/a> rejeitou a sugest\u00e3o da CBC. Em vez disso, incentivou os canadenses a usar o recurso &quot;verifica\u00e7\u00e3o de seguran\u00e7a&quot; do Facebook para que seus contatos saibam se est\u00e3o seguros ou n\u00e3o. <\/p>\n<p> <strong>LEIA MAIS:<\/strong> <\/p>\n<ul>\n<li><a class href=\"https:\/\/g1.globo.com\/mundo\/noticia\/2023\/08\/19\/incendios-no-canada-as-impressionantes-imagens-que-mostram-avanco-do-fogo-em-area-em-estado-de-emergencia.ghtml\">Inc\u00eandios no Canad\u00e1: as impressionantes imagens que mostram avan\u00e7o do fogo em \u00e1rea em estado de emerg\u00eancia<\/a><\/li>\n<li><a class href=\"https:\/\/g1.globo.com\/mundo\/noticia\/2023\/07\/26\/canada-vive-a-pior-estacao-de-incendios-da-historia-e-brasil-envia-combatentes-para-enfrentar-o-fogo.ghtml\">Canad\u00e1 vive a pior esta\u00e7\u00e3o de inc\u00eandios da hist\u00f3ria, e Brasil envia combatentes para enfrentar o fogo<\/a><\/li>\n<li><a class href=\"https:\/\/g1.globo.com\/jornal-hoje\/noticia\/2023\/06\/28\/fumaca-dos-incendios-no-canada-volta-a-atingir-cidades-americanas-e-dessa-vez-chega-ate-a-europa.ghtml\">Em junho, fuma\u00e7a dos inc\u00eandios saiu do Canad\u00e1 e chegou \u00e0 Europa<\/a><\/li>\n<\/ul>\n<ul>\n<li> <a href=\"https:\/\/g1.globo.com\/tudo-sobre\/meta\/\" class=\"entities__list-itemLink\" data-track-click=\"Meta\"> Meta <\/a> <\/li>\n<\/ul>\n","protected":false},"excerpt":{"rendered":"<p>1 de 1&#013;Inc\u00eandios florestais t\u00eam atingido o Canad\u00e1 nas \u00faltimas semanas \u2014 Foto: Getty Images via BBC Inc\u00eandios florestais t\u00eam atingido o Canad\u00e1 nas \u00faltimas semanas \u2014 Foto: Getty Images via BBC A gigante da tecnologia Meta foi acusada de colocar vidas humanas em risco no Canad\u00e1 ao bloquear links de not\u00edcias em sua rede [&hellip;]<\/p>\n","protected":false},"author":1,"featured_media":0,"comment_status":"closed","ping_status":"closed","sticky":false,"template":"","format":"standard","meta":{"footnotes":""},"categories":[],"tags":[],"class_list":["post-51773","post","type-post","status-publish","format-standard","hentry"],"_links":{"self":[{"href":"https:\/\/blog.corretoraideal.com.br\/index.php\/wp-json\/wp\/v2\/posts\/51773","targetHints":{"allow":["GET"]}}],"collection":[{"href":"https:\/\/blog.corretoraideal.com.br\/index.php\/wp-json\/wp\/v2\/posts"}],"about":[{"href":"https:\/\/blog.corretoraideal.com.br\/index.php\/wp-json\/wp\/v2\/types\/post"}],"author":[{"embeddable":true,"href":"https:\/\/blog.corretoraideal.com.br\/index.php\/wp-json\/wp\/v2\/users\/1"}],"replies":[{"embeddable":true,"href":"https:\/\/blog.corretoraideal.com.br\/index.php\/wp-json\/wp\/v2\/comments?post=51773"}],"version-history":[{"count":1,"href":"https:\/\/blog.corretoraideal.com.br\/index.php\/wp-json\/wp\/v2\/posts\/51773\/revisions"}],"predecessor-version":[{"id":51775,"href":"https:\/\/blog.corretoraideal.com.br\/index.php\/wp-json\/wp\/v2\/posts\/51773\/revisions\/51775"}],"wp:attachment":[{"href":"https:\/\/blog.corretoraideal.com.br\/index.php\/wp-json\/wp\/v2\/media?parent=51773"}],"wp:term":[{"taxonomy":"category","embeddable":true,"href":"https:\/\/blog.corretoraideal.com.br\/index.php\/wp-json\/wp\/v2\/categories?post=51773"},{"taxonomy":"post_tag","embeddable":true,"href":"https:\/\/blog.corretoraideal.com.br\/index.php\/wp-json\/wp\/v2\/tags?post=51773"}],"curies":[{"name":"wp","href":"https:\/\/api.w.org\/{rel}","templated":true}]}}