{"id":51784,"date":"2023-08-26T21:32:33","date_gmt":"2023-08-26T21:32:33","guid":{"rendered":"https:\/\/blog.corretoraideal.com.br\/?p=51784"},"modified":"2023-08-26T21:32:33","modified_gmt":"2023-08-26T21:32:33","slug":"em-resposta-a-guerra-na-ucrania-heineken-vende-toda-operacao-na-russia-por-1-euro-economia-g1","status":"publish","type":"post","link":"https:\/\/blog.corretoraideal.com.br\/index.php\/2023\/08\/26\/em-resposta-a-guerra-na-ucrania-heineken-vende-toda-operacao-na-russia-por-1-euro-economia-g1\/","title":{"rendered":"Em resposta \u00e0 guerra na Ucr\u00e2nia, Heineken vende toda opera\u00e7\u00e3o na R\u00fassia por 1 euro | Economia | G1"},"content":{"rendered":"<p>      1 de 1&#013;Garrafas de cerveja da marca Heineken \u2014 Foto: REUTERS\/Daniel Becerril    <\/p>\n<p> Garrafas de cerveja da marca Heineken \u2014 Foto: REUTERS\/Daniel Becerril <\/p>\n<p> O grupo holand\u00eas de cerveja Heineken anunciou nesta sexta-feira (25) a conclus\u00e3o da venda de suas opera\u00e7\u00f5es na R\u00fassia ao Grupo Arnest. A empresa vendeu toda sua opera\u00e7\u00e3o por apenas 1 euro (R$ 5,26). <\/p>\n<p> O an\u00fancio da sa\u00edda ocorreu em 28 de mar\u00e7o de 2022. \u00c0 \u00e9poca, a empresa disse que estava muito chocada e triste ao &quot;observar que a guerra na Ucr\u00e2nia continua e est\u00e1 se intensificando&quot;. O conflito na Ucr\u00e2nia acontece h\u00e1 aproximadamente 1 ano e meio. <\/p>\n<p> A cervejaria espera ter em uma perda total de \u20ac 300 milh\u00f5es (R$ 1,58 bilh\u00e3o) com o neg\u00f3cio. Vale destacar que segundo a ag\u00eancia de not\u00edcias holandesa ANP, o mercado russo respondia por menos de 2% das vendas mundiais da Heineken, quando decidiram sair do pa\u00eds. <\/p>\n<p>&quot;Em resposta \u00e0 cont\u00ednua escalada da guerra, a Heineken vai interromper a produ\u00e7\u00e3o, a promo\u00e7\u00e3o e a venda de sua marca na R\u00fassia&quot;, disse o CEO do grupo, Dolf van den Brink, em comunicado divulgado um m\u00eas ap\u00f3s come\u00e7ar a guerra na Ucr\u00e2nia. <\/p>\n<p> O Grupo Arnest assumiu a responsabilidade pelos 1.800 funcion\u00e1rios da Heineken na R\u00fassia, e garantiu que manter\u00e1 os empregados nos pr\u00f3ximos tr\u00eas anos. Al\u00e9m disso, a produ\u00e7\u00e3o da Amstel ser\u00e1 descontinuada dentro de 6 meses na R\u00fassia. <\/p>\n<ul>\n<li><a class href=\"https:\/\/api.whatsapp.com\/send?text=https:\/\/g1.globo.com\/economia\/noticia\/2023\/08\/25\/heineken-vende-operacao-na-russia.ghtml?utm_source%3Dwhatsapp%26utm_medium%3Dshare-engagement%26utm_campaign%3Dte-materias\" target=\"_blank\" rel=\"noopener noreferrer\">Compartilhe no WhatsApp<\/a><\/li>\n<li><a class href=\"https:\/\/telegram.me\/share\/url?url=https:\/\/g1.globo.com\/economia\/noticia\/2023\/08\/25\/heineken-vende-operacao-na-russia.ghtml?utm_source%3Dtelegram%26utm_medium%3Dshare-engagement%26utm_campaign%3Dte-materias\" target=\"_blank\" rel=\"noopener noreferrer\">Compartilhe no Telegram<\/a><\/li>\n<\/ul>\n<p> Centenas de empresas ocidentais fecharam suas lojas e escrit\u00f3rios na R\u00fassia desde o in\u00edcio da guerra. <\/p>\n<p> Em nota, a Heineken disse que: o Grupo Arnest possui um importante neg\u00f3cio de embalagens de latas e \u00e9 o maior fabricante russo de cosm\u00e9ticos, utens\u00edlios dom\u00e9sticos e embalagens met\u00e1licas para o setor de bens de consumo r\u00e1pidos <\/p>\n<p>\u201cConclu\u00edmos agora a nossa sa\u00edda da R\u00fassia. Os desenvolvimentos recentes demonstram os desafios significativos enfrentados pelas grandes empresas industriais ao sa\u00edrem da R\u00fassia. Embora tenha demorado muito mais tempo do que esper\u00e1vamos&quot;, afirmou o Dolf van den Brink, em nota. <\/p>\n<p>                   <img loading=\"lazy\" decoding=\"async\" class=\"aligncenter size-full wp-image-51786\" src=\"https:\/\/blog.corretoraideal.com.br\/wp-content\/uploads\/2023\/08\/grandes-empresas-abandonaram-os-negocios-na-russia.jpeg\" alt=\"Grandes empresas abandonaram os neg\u00f3cios na R\u00fassia\" width=\"800\" height=\"400\" \/>      <\/p>\n<p> Grandes empresas abandonaram os neg\u00f3cios na R\u00fassia <\/p>\n<ul> <\/ul>\n","protected":false},"excerpt":{"rendered":"<p>1 de 1&#013;Garrafas de cerveja da marca Heineken \u2014 Foto: REUTERS\/Daniel Becerril Garrafas de cerveja da marca Heineken \u2014 Foto: REUTERS\/Daniel Becerril O grupo holand\u00eas de cerveja Heineken anunciou nesta sexta-feira (25) a conclus\u00e3o da venda de suas opera\u00e7\u00f5es na R\u00fassia ao Grupo Arnest. A empresa vendeu toda sua opera\u00e7\u00e3o por apenas 1 euro (R$ [&hellip;]<\/p>\n","protected":false},"author":1,"featured_media":0,"comment_status":"closed","ping_status":"closed","sticky":false,"template":"","format":"standard","meta":{"footnotes":""},"categories":[],"tags":[],"class_list":["post-51784","post","type-post","status-publish","format-standard","hentry"],"_links":{"self":[{"href":"https:\/\/blog.corretoraideal.com.br\/index.php\/wp-json\/wp\/v2\/posts\/51784","targetHints":{"allow":["GET"]}}],"collection":[{"href":"https:\/\/blog.corretoraideal.com.br\/index.php\/wp-json\/wp\/v2\/posts"}],"about":[{"href":"https:\/\/blog.corretoraideal.com.br\/index.php\/wp-json\/wp\/v2\/types\/post"}],"author":[{"embeddable":true,"href":"https:\/\/blog.corretoraideal.com.br\/index.php\/wp-json\/wp\/v2\/users\/1"}],"replies":[{"embeddable":true,"href":"https:\/\/blog.corretoraideal.com.br\/index.php\/wp-json\/wp\/v2\/comments?post=51784"}],"version-history":[{"count":1,"href":"https:\/\/blog.corretoraideal.com.br\/index.php\/wp-json\/wp\/v2\/posts\/51784\/revisions"}],"predecessor-version":[{"id":51787,"href":"https:\/\/blog.corretoraideal.com.br\/index.php\/wp-json\/wp\/v2\/posts\/51784\/revisions\/51787"}],"wp:attachment":[{"href":"https:\/\/blog.corretoraideal.com.br\/index.php\/wp-json\/wp\/v2\/media?parent=51784"}],"wp:term":[{"taxonomy":"category","embeddable":true,"href":"https:\/\/blog.corretoraideal.com.br\/index.php\/wp-json\/wp\/v2\/categories?post=51784"},{"taxonomy":"post_tag","embeddable":true,"href":"https:\/\/blog.corretoraideal.com.br\/index.php\/wp-json\/wp\/v2\/tags?post=51784"}],"curies":[{"name":"wp","href":"https:\/\/api.w.org\/{rel}","templated":true}]}}