{"id":51792,"date":"2023-08-27T00:33:13","date_gmt":"2023-08-27T00:33:13","guid":{"rendered":"https:\/\/blog.corretoraideal.com.br\/?p=51792"},"modified":"2023-08-27T00:33:13","modified_gmt":"2023-08-27T00:33:13","slug":"homem-e-encontrado-morto-a-tiros-em-estrada-de-sao-joao-da-barra-norte-fluminense-g1","status":"publish","type":"post","link":"https:\/\/blog.corretoraideal.com.br\/index.php\/2023\/08\/27\/homem-e-encontrado-morto-a-tiros-em-estrada-de-sao-joao-da-barra-norte-fluminense-g1\/","title":{"rendered":"Homem \u00e9 encontrado morto a tiros em estrada de S\u00e3o Jo\u00e3o da Barra | Norte Fluminense | G1"},"content":{"rendered":"<p>      1 de 1&#013;Homic\u00eddio \u2014 Foto: Divulga\u00e7\u00e3o    <\/p>\n<p> Homic\u00eddio \u2014 Foto: Divulga\u00e7\u00e3o <\/p>\n<p> Um caso de viol\u00eancia foi registrado na manh\u00e3 deste s\u00e1bado (16) em <a class href=\"https:\/\/g1.globo.com\/rj\/norte-fluminense\/cidade\/sao-joao-da-barra\/\">S\u00e3o Jo\u00e3o da Barra<\/a>, no Norte Fluminense. Um homem, ainda n\u00e3o identificado, foi morto com v\u00e1rios tiros na estrada da Concha, que liga \u00c1gua Preta e Piperias. <\/p>\n<p> Segundo informa\u00e7\u00f5es da Pol\u00edcia Militar, no local onde o corpo foi encontrado n\u00e3o h\u00e1 resid\u00eancias nem c\u00e2meras nas proximidades, o que dificulta a identifica\u00e7\u00e3o dos criminosos, conforme relatado pela PM. <\/p>\n<p> At\u00e9 o momento, n\u00e3o h\u00e1 informa\u00e7\u00f5es sobre a autoria ou a motiva\u00e7\u00e3o do crime. <\/p>\n<p> O corpo da v\u00edtima foi removido para o Instituto M\u00e9dico Legal (IML) de Campos dos Goytacazes, e o caso foi registrado na 145\u00aa Delegacia de Pol\u00edcia de S\u00e3o Jo\u00e3o da Barra. <\/p>\n<ul>\n<li> <a href=\"https:\/\/g1.globo.com\/rj\/norte-fluminense\/cidade\/sao-joao-da-barra\/\" class=\"entities__list-itemLink\" data-track-click=\"S\u00e3o Jo\u00e3o da Barra\"> S\u00e3o Jo\u00e3o da Barra <\/a> <\/li>\n<\/ul>\n","protected":false},"excerpt":{"rendered":"<p>1 de 1&#013;Homic\u00eddio \u2014 Foto: Divulga\u00e7\u00e3o Homic\u00eddio \u2014 Foto: Divulga\u00e7\u00e3o Um caso de viol\u00eancia foi registrado na manh\u00e3 deste s\u00e1bado (16) em S\u00e3o Jo\u00e3o da Barra, no Norte Fluminense. Um homem, ainda n\u00e3o identificado, foi morto com v\u00e1rios tiros na estrada da Concha, que liga \u00c1gua Preta e Piperias. Segundo informa\u00e7\u00f5es da Pol\u00edcia Militar, no [&hellip;]<\/p>\n","protected":false},"author":1,"featured_media":0,"comment_status":"closed","ping_status":"closed","sticky":false,"template":"","format":"standard","meta":{"footnotes":""},"categories":[],"tags":[],"class_list":["post-51792","post","type-post","status-publish","format-standard","hentry"],"_links":{"self":[{"href":"https:\/\/blog.corretoraideal.com.br\/index.php\/wp-json\/wp\/v2\/posts\/51792","targetHints":{"allow":["GET"]}}],"collection":[{"href":"https:\/\/blog.corretoraideal.com.br\/index.php\/wp-json\/wp\/v2\/posts"}],"about":[{"href":"https:\/\/blog.corretoraideal.com.br\/index.php\/wp-json\/wp\/v2\/types\/post"}],"author":[{"embeddable":true,"href":"https:\/\/blog.corretoraideal.com.br\/index.php\/wp-json\/wp\/v2\/users\/1"}],"replies":[{"embeddable":true,"href":"https:\/\/blog.corretoraideal.com.br\/index.php\/wp-json\/wp\/v2\/comments?post=51792"}],"version-history":[{"count":1,"href":"https:\/\/blog.corretoraideal.com.br\/index.php\/wp-json\/wp\/v2\/posts\/51792\/revisions"}],"predecessor-version":[{"id":51794,"href":"https:\/\/blog.corretoraideal.com.br\/index.php\/wp-json\/wp\/v2\/posts\/51792\/revisions\/51794"}],"wp:attachment":[{"href":"https:\/\/blog.corretoraideal.com.br\/index.php\/wp-json\/wp\/v2\/media?parent=51792"}],"wp:term":[{"taxonomy":"category","embeddable":true,"href":"https:\/\/blog.corretoraideal.com.br\/index.php\/wp-json\/wp\/v2\/categories?post=51792"},{"taxonomy":"post_tag","embeddable":true,"href":"https:\/\/blog.corretoraideal.com.br\/index.php\/wp-json\/wp\/v2\/tags?post=51792"}],"curies":[{"name":"wp","href":"https:\/\/api.w.org\/{rel}","templated":true}]}}