{"id":51799,"date":"2023-08-27T02:30:27","date_gmt":"2023-08-27T02:30:27","guid":{"rendered":"https:\/\/blog.corretoraideal.com.br\/?p=51799"},"modified":"2023-08-27T02:30:27","modified_gmt":"2023-08-27T02:30:27","slug":"dolar-fecha-em-queda-apos-dados-de-inflacao-e-falas-de-powell-economia-g1","status":"publish","type":"post","link":"https:\/\/blog.corretoraideal.com.br\/index.php\/2023\/08\/27\/dolar-fecha-em-queda-apos-dados-de-inflacao-e-falas-de-powell-economia-g1\/","title":{"rendered":"D\u00f3lar fecha em queda, ap\u00f3s dados de infla\u00e7\u00e3o e falas de Powell | Economia | G1"},"content":{"rendered":"<p>      1 de 1&#013;C\u00e9dulas de d\u00f3lar \u2014 Foto: bearfotos\/Freepik    <\/p>\n<p> C\u00e9dulas de d\u00f3lar \u2014 Foto: bearfotos\/Freepik <\/p>\n<p> O d\u00f3lar fechou em queda nesta sexta-feira (25), ap\u00f3s passar boa parte da sess\u00e3o oscilando entre altas e baixas. <\/p>\n<p> Investidores repercutiram a divulga\u00e7\u00e3o do \u00cdndice de Pre\u00e7os ao Consumidor Amplo 15 (IPCA-15), que \u00e9 a pr\u00e9via da infla\u00e7\u00e3o oficial do m\u00eas e avaliaram falas recentes do presidente do Federal Reserve (<a class href=\"https:\/\/g1.globo.com\/tudo-sobre\/fed\/\">Fed<\/a>, o banco central norte-americano), Jerome Powell, sobre o rumo da pol\u00edtica monet\u00e1ria nos EUA. <\/p>\n<p> Ao final da sess\u00e3o, a moeda norte-americana recuou 0,10%, cotada a R$ 4,8750. <a class href=\"https:\/\/valor.globo.com\/valor-data\/\">Veja mais cota\u00e7\u00f5es.<\/a> <\/p>\n<p> No dia anterior, o d\u00f3lar encerrou o preg\u00e3o com alta de 0,51%, vendido a R$ 4,8798. Com o resultado de hoje, a moeda passou a acumular: <\/p>\n<ul>\n<li><strong>alta de 3,09% no m\u00eas;<\/strong><\/li>\n<li><strong>quedas de 1,85% na semana e de 7,64% no ano.<\/strong><\/li>\n<\/ul>\n<p> No mercado acion\u00e1rio, <a class href=\"https:\/\/g1.globo.com\/economia\/noticia\/2023\/08\/25\/ibovespa.ghtml\">o Ibovespa fechou em queda de 1,02%, aos 115.837 pontos.<\/a> <\/p>\n<ul>\n<li><strong>DINHEIRO OU CART\u00c3O? <\/strong><a class href=\"https:\/\/g1.globo.com\/economia\/noticia\/2022\/03\/26\/dinheiro-ou-cartao-qual-a-melhor-forma-de-levar-dolares-em-viagens.ghtml\">Qual a melhor forma de levar d\u00f3lares em viagens?<\/a><\/li>\n<li><strong>D\u00d3LAR: <\/strong><a class href=\"https:\/\/g1.globo.com\/economia\/noticia\/2022\/04\/05\/dolar-qual-o-melhor-momento-para-comprar.ghtml\">Qual o melhor momento para comprar a moeda? <\/a><\/li>\n<\/ul>\n<p><h2>O que est\u00e1 mexendo com os mercados?<\/h2>\n<\/p>\n<p> Na agenda dom\u00e9stica, o destaque ficou com divulga\u00e7\u00e3o do IPCA-15, que <a class href=\"https:\/\/g1.globo.com\/economia\/noticia\/2023\/08\/25\/ipca-15-previa-da-inflacao-tem-alta-de-028percent-em-agosto.ghtml\">registrou uma alta de 0,28%<\/a>, bem acima das proje\u00e7\u00f5es do mercado, de at\u00e9 0,15%. O avan\u00e7o veio puxado pela alta na conta de luz, segundo o Instituto Brasileiro de Geografia e Estat\u00edstica (IBGE). <\/p>\n<p> Com a alta maior que o esperado, os juros futuros (que s\u00e3o contratos negociados com base nas expectativas dos investidores para a taxa Selic) abriram o dia em alta. O mercado acredita que o Comit\u00ea de Pol\u00edtica Monet\u00e1ria (<a class href=\"https:\/\/g1.globo.com\/tudo-sobre\/copom\/\">Copom<\/a>) do <a class href=\"https:\/\/g1.globo.com\/tudo-sobre\/banco-central-do-brasil\/\">Banco Central do Brasil<\/a> (BC) deve ser um pouco mais firma no ciclo de corte de juros. <\/p>\n<p> Em sua \u00faltima reuni\u00e3o, no come\u00e7o de agosto, o <a class href=\"https:\/\/g1.globo.com\/tudo-sobre\/copom\/\">Copom<\/a> cortou a taxa Selic em 0,50 ponto percentual, passando de 13,75% para 13,25% ao ano. Depois, na ata do evento, o comit\u00ea sinalizou que previa novos cortes de mesma magnitude nos pr\u00f3ximos meses. <\/p>\n<p> Embora a sinaliza\u00e7\u00e3o tenha sido de mais baixas de 0,50 ponto percentual, Luan Aral, especialista em c\u00e2mbio da Genial Investimentos, destaca que boa parte do mercado acreditava que ainda era poss\u00edvel um corte mais amplo, de 0,75. <\/p>\n<p> No entanto, com a pr\u00e9via da infla\u00e7\u00e3o j\u00e1 acima do esperado, essas expectativas se frustraram e levaram mais gente para os juros brasileiros, inclusive os estrangeiros, o que ajuda a explicar o d\u00f3lar mais fraco neste preg\u00e3o. <\/p>\n<p> No exterior, as aten\u00e7\u00f5es ficaram voltadas para o discurso de Powell no Simp\u00f3sio de Jackson Hole, evento que re\u00fane autoridades pol\u00edticas e econ\u00f4micas do mundo todo para falar sobre o futuro da maior economia do mundo. <\/p>\n<p> Em sua fala, Powell indicou que o <a class href=\"https:\/\/g1.globo.com\/tudo-sobre\/fed\/\">Fed<\/a> pode precisar aumentar ainda mais os juros para garantir que a infla\u00e7\u00e3o seja contida nos EUA. O banqueiro central afirmou que as autoridades de pol\u00edtica monet\u00e1ria do BC norte-americano &quot;proceder\u00e3o com cuidado&quot; e indicou que a taxa b\u00e1sica do pa\u00eds ainda n\u00e3o est\u00e1 alta suficiente para garantir a converg\u00eancia dos pre\u00e7os para a meta de 2%. <\/p>\n<p> &quot;A fun\u00e7\u00e3o do <a class href=\"https:\/\/g1.globo.com\/tudo-sobre\/fed\/\">Fed<\/a> \u00e9 reduzir a infla\u00e7\u00e3o para nossa meta de 2%, e \u00e9 o que faremos&quot;, disse Powell. <\/p>\n<p> &quot;Embora a infla\u00e7\u00e3o tenha diminu\u00eddo em rela\u00e7\u00e3o ao seu pico &#8212; um desenvolvimento bem-vindo &#8212; ela continua muito alta. Estamos preparados para aumentar ainda mais os juros, se for o caso, e pretendemos manter a pol\u00edtica monet\u00e1ria em um n\u00edvel restritivo at\u00e9 estarmos confiantes de que a infla\u00e7\u00e3o est\u00e1 se movendo de forma sustent\u00e1vel em dire\u00e7\u00e3o ao nosso objetivo&quot;, acrescentou. <\/p>\n<p> Na China, os mercados fecharam no vermelho por conta da piora da percep\u00e7\u00e3o sobre o setor imobili\u00e1rio do pa\u00eds, que \u00e9 o mais importante para a atividade da segunda maior economia do mundo. <\/p>\n<p>                   <img loading=\"lazy\" decoding=\"async\" class=\"aligncenter size-full wp-image-51801\" src=\"https:\/\/blog.corretoraideal.com.br\/wp-content\/uploads\/2023\/08\/entenda-o-que-faz-o-dolar-subir-ou-descer.jpeg\" alt=\"Entenda o que faz o d\u00f3lar subir ou descer\" width=\"800\" height=\"400\" \/>      <\/p>\n<p> Entenda o que faz o d\u00f3lar subir ou descer <\/p>\n<ul>\n<li> <a href=\"https:\/\/g1.globo.com\/tudo-sobre\/banco-central-do-brasil\/\" class=\"entities__list-itemLink\" data-track-click=\"Banco Central do Brasil\"> Banco Central do Brasil <\/a> <\/li>\n<li> <a href=\"https:\/\/g1.globo.com\/tudo-sobre\/brics\/\" class=\"entities__list-itemLink\" data-track-click=\"Brics\"> Brics <\/a> <\/li>\n<li> <a href=\"https:\/\/g1.globo.com\/tudo-sobre\/copom\/\" class=\"entities__list-itemLink\" data-track-click=\"Copom\"> Copom <\/a> <\/li>\n<li> <a href=\"https:\/\/g1.globo.com\/tudo-sobre\/estados-unidos\/\" class=\"entities__list-itemLink\" data-track-click=\"Estados Unidos\"> Estados Unidos <\/a> <\/li>\n<li> <a href=\"https:\/\/g1.globo.com\/tudo-sobre\/fed\/\" class=\"entities__list-itemLink\" data-track-click=\"FED\"> FED <\/a> <\/li>\n<li> <a href=\"https:\/\/g1.globo.com\/tudo-sobre\/luiz-inacio-lula-da-silva\/\" class=\"entities__list-itemLink\" data-track-click=\"Luiz In\u00e1cio Lula da Silva\"> Luiz In\u00e1cio Lula da Silva <\/a> <\/li>\n<\/ul>\n","protected":false},"excerpt":{"rendered":"<p>1 de 1&#013;C\u00e9dulas de d\u00f3lar \u2014 Foto: bearfotos\/Freepik C\u00e9dulas de d\u00f3lar \u2014 Foto: bearfotos\/Freepik O d\u00f3lar fechou em queda nesta sexta-feira (25), ap\u00f3s passar boa parte da sess\u00e3o oscilando entre altas e baixas. Investidores repercutiram a divulga\u00e7\u00e3o do \u00cdndice de Pre\u00e7os ao Consumidor Amplo 15 (IPCA-15), que \u00e9 a pr\u00e9via da infla\u00e7\u00e3o oficial do m\u00eas [&hellip;]<\/p>\n","protected":false},"author":1,"featured_media":0,"comment_status":"closed","ping_status":"closed","sticky":false,"template":"","format":"standard","meta":{"footnotes":""},"categories":[],"tags":[],"class_list":["post-51799","post","type-post","status-publish","format-standard","hentry"],"_links":{"self":[{"href":"https:\/\/blog.corretoraideal.com.br\/index.php\/wp-json\/wp\/v2\/posts\/51799","targetHints":{"allow":["GET"]}}],"collection":[{"href":"https:\/\/blog.corretoraideal.com.br\/index.php\/wp-json\/wp\/v2\/posts"}],"about":[{"href":"https:\/\/blog.corretoraideal.com.br\/index.php\/wp-json\/wp\/v2\/types\/post"}],"author":[{"embeddable":true,"href":"https:\/\/blog.corretoraideal.com.br\/index.php\/wp-json\/wp\/v2\/users\/1"}],"replies":[{"embeddable":true,"href":"https:\/\/blog.corretoraideal.com.br\/index.php\/wp-json\/wp\/v2\/comments?post=51799"}],"version-history":[{"count":1,"href":"https:\/\/blog.corretoraideal.com.br\/index.php\/wp-json\/wp\/v2\/posts\/51799\/revisions"}],"predecessor-version":[{"id":51802,"href":"https:\/\/blog.corretoraideal.com.br\/index.php\/wp-json\/wp\/v2\/posts\/51799\/revisions\/51802"}],"wp:attachment":[{"href":"https:\/\/blog.corretoraideal.com.br\/index.php\/wp-json\/wp\/v2\/media?parent=51799"}],"wp:term":[{"taxonomy":"category","embeddable":true,"href":"https:\/\/blog.corretoraideal.com.br\/index.php\/wp-json\/wp\/v2\/categories?post=51799"},{"taxonomy":"post_tag","embeddable":true,"href":"https:\/\/blog.corretoraideal.com.br\/index.php\/wp-json\/wp\/v2\/tags?post=51799"}],"curies":[{"name":"wp","href":"https:\/\/api.w.org\/{rel}","templated":true}]}}