{"id":51808,"date":"2023-08-27T05:33:18","date_gmt":"2023-08-27T05:33:18","guid":{"rendered":"https:\/\/blog.corretoraideal.com.br\/?p=51808"},"modified":"2023-08-27T05:33:18","modified_gmt":"2023-08-27T05:33:18","slug":"lei-maria-da-penha-e-abordagem-policial-e-tema-de-capacitacao-de-guardas-civis-municipais-em-cardoso-moreira-no-rj-norte-fluminense-g1","status":"publish","type":"post","link":"https:\/\/blog.corretoraideal.com.br\/index.php\/2023\/08\/27\/lei-maria-da-penha-e-abordagem-policial-e-tema-de-capacitacao-de-guardas-civis-municipais-em-cardoso-moreira-no-rj-norte-fluminense-g1\/","title":{"rendered":"Lei Maria da Penha e abordagem policial \u00e9 tema de capacita\u00e7\u00e3o de Guardas Civis Municipais em Cardoso Moreira, no RJ | Norte Fluminense | G1"},"content":{"rendered":"<p>      1 de 1&#013;Secretaria de Seguran\u00e7a P\u00fablica promove capacita\u00e7\u00e3o para funcion\u00e1rios e Guardas Civis Municipais \u2014 Foto: Prefeitura Cardoso Moreira    <\/p>\n<p> Secretaria de Seguran\u00e7a P\u00fablica promove capacita\u00e7\u00e3o para funcion\u00e1rios e Guardas Civis Municipais \u2014 Foto: Prefeitura Cardoso Moreira <\/p>\n<p> Palestras de &quot;No\u00e7\u00f5es Gerais da Lei Maria da Penha&quot; , &quot;Abordagem Policial e &quot;Condu\u00e7\u00e3o para a Delegacia de Pol\u00edcia&quot; est\u00e3o sendo ministradas desde julho no curso de capacita\u00e7\u00e3o de Guardas Civis Municipais e servidores da Secretaria de Seguran\u00e7a P\u00fablica de <a class href=\"https:\/\/g1.globo.com\/rj\/norte-fluminense\/cidade\/cardoso-moreira\/\">Cardoso Moreira<\/a>, no Noroeste Fluminense. <\/p>\n<p> O aperfei\u00e7oamento \u00e9 fruto de uma parceria entre a Prefeitura e a Pol\u00edcia Civil que busca aprimorar as pr\u00e1ticas de seguran\u00e7a no munic\u00edpio. <\/p>\n<p> Os participantes tiveram a oportunidade de aprofundar os conhecimentos sobre a Lei Maria da Penha, um marco importante na prote\u00e7\u00e3o dos direitos das mulheres. Os palestrantes Jefferson Louvain de Oliveira e Luciana Manh\u00e3es de Souza Almeida, inspetores da Pol\u00edcia Civil, destacaram a relev\u00e2ncia dessa legisla\u00e7\u00e3o e o impacto na sociedade. Eles tamb\u00e9m compartilharam as experi\u00eancias na \u00e1rea. <\/p>\n<p> A abordagem policial e a condu\u00e7\u00e3o para a delegacia tamb\u00e9m foram temas de extrema import\u00e2ncia abordados durante as palestras. O oficial de cart\u00f3rio, Cristiano Souza Dykeman, levou insights valiosos sobre os procedimentos adequados para garantir a seguran\u00e7a tanto dos agentes quanto dos cidad\u00e3os durante essas situa\u00e7\u00f5es. <\/p>\n<p> Os participantes tamb\u00e9m tiveram a oportunidade de aprimorar as habilidades por meio de uma palestra sobre percep\u00e7\u00e3o defensiva, ministrada pelo instrutor e jornalista Nino Bellieny. <\/p>\n<ul> <\/ul>\n","protected":false},"excerpt":{"rendered":"<p>1 de 1&#013;Secretaria de Seguran\u00e7a P\u00fablica promove capacita\u00e7\u00e3o para funcion\u00e1rios e Guardas Civis Municipais \u2014 Foto: Prefeitura Cardoso Moreira Secretaria de Seguran\u00e7a P\u00fablica promove capacita\u00e7\u00e3o para funcion\u00e1rios e Guardas Civis Municipais \u2014 Foto: Prefeitura Cardoso Moreira Palestras de &quot;No\u00e7\u00f5es Gerais da Lei Maria da Penha&quot; , &quot;Abordagem Policial e &quot;Condu\u00e7\u00e3o para a Delegacia de Pol\u00edcia&quot; [&hellip;]<\/p>\n","protected":false},"author":1,"featured_media":0,"comment_status":"closed","ping_status":"closed","sticky":false,"template":"","format":"standard","meta":{"footnotes":""},"categories":[],"tags":[],"class_list":["post-51808","post","type-post","status-publish","format-standard","hentry"],"_links":{"self":[{"href":"https:\/\/blog.corretoraideal.com.br\/index.php\/wp-json\/wp\/v2\/posts\/51808","targetHints":{"allow":["GET"]}}],"collection":[{"href":"https:\/\/blog.corretoraideal.com.br\/index.php\/wp-json\/wp\/v2\/posts"}],"about":[{"href":"https:\/\/blog.corretoraideal.com.br\/index.php\/wp-json\/wp\/v2\/types\/post"}],"author":[{"embeddable":true,"href":"https:\/\/blog.corretoraideal.com.br\/index.php\/wp-json\/wp\/v2\/users\/1"}],"replies":[{"embeddable":true,"href":"https:\/\/blog.corretoraideal.com.br\/index.php\/wp-json\/wp\/v2\/comments?post=51808"}],"version-history":[{"count":1,"href":"https:\/\/blog.corretoraideal.com.br\/index.php\/wp-json\/wp\/v2\/posts\/51808\/revisions"}],"predecessor-version":[{"id":51810,"href":"https:\/\/blog.corretoraideal.com.br\/index.php\/wp-json\/wp\/v2\/posts\/51808\/revisions\/51810"}],"wp:attachment":[{"href":"https:\/\/blog.corretoraideal.com.br\/index.php\/wp-json\/wp\/v2\/media?parent=51808"}],"wp:term":[{"taxonomy":"category","embeddable":true,"href":"https:\/\/blog.corretoraideal.com.br\/index.php\/wp-json\/wp\/v2\/categories?post=51808"},{"taxonomy":"post_tag","embeddable":true,"href":"https:\/\/blog.corretoraideal.com.br\/index.php\/wp-json\/wp\/v2\/tags?post=51808"}],"curies":[{"name":"wp","href":"https:\/\/api.w.org\/{rel}","templated":true}]}}