{"id":51811,"date":"2023-08-27T06:30:31","date_gmt":"2023-08-27T06:30:31","guid":{"rendered":"https:\/\/blog.corretoraideal.com.br\/?p=51811"},"modified":"2023-08-27T06:30:31","modified_gmt":"2023-08-27T06:30:31","slug":"latam-vai-verificar-tamanho-de-todas-as-bagagens-de-mao-entenda-o-que-diz-a-regra-turismo-e-viagem-g1","status":"publish","type":"post","link":"https:\/\/blog.corretoraideal.com.br\/index.php\/2023\/08\/27\/latam-vai-verificar-tamanho-de-todas-as-bagagens-de-mao-entenda-o-que-diz-a-regra-turismo-e-viagem-g1\/","title":{"rendered":"Latam vai verificar tamanho de todas as bagagens de m\u00e3o; entenda o que diz a regra | Turismo e Viagem | G1"},"content":{"rendered":"<p>      1 de 2&#013;Bagagem de m\u00e3o \u2014 Foto: Foto de Mikhail Nilov    <\/p>\n<p> Bagagem de m\u00e3o \u2014 Foto: Foto de Mikhail Nilov <\/p>\n<p> A <a class href=\"https:\/\/g1.globo.com\/tudo-sobre\/latam\/\">Latam<\/a> disse nesta ter\u00e7a-feira (15) que vai <a class href=\"https:\/\/g1.globo.com\/turismo-e-viagem\/noticia\/2023\/08\/15\/latam-vai-conferir-bagagens-de-mao-e-cobrar-despacho-de-malas-que-nao-cumprirem-normas-da-empresa.ghtml\">conferir se todos os clientes est\u00e3o cumprindo as regras de bagagens de m\u00e3o<\/a>. A companhia promete cobrar taxa para despachar malas que ultrapassem a quantidade ou as medidas permitidas na tarifa. <\/p>\n<p> A <a class href=\"https:\/\/g1.globo.com\/tudo-sobre\/gol\/\">Gol<\/a> e a <a class href=\"https:\/\/g1.globo.com\/tudo-sobre\/azul\/\">Azul<\/a> tamb\u00e9m preveem a cobran\u00e7a de tarifa adicional para levar na parte de cargas do avi\u00e3o as malas que n\u00e3o respeitam as dimens\u00f5es informadas. Por isso, os passageiros devem se atentar ao peso e ao tamanho da mala. <\/p>\n<p> A <a class href=\"https:\/\/g1.globo.com\/tudo-sobre\/anac\/\">Ag\u00eancia Nacional de Avia\u00e7\u00e3o Civil<\/a> (Anac) explica que bagagens de m\u00e3o podem ser acomodadas na cabine do avi\u00e3o. Mas, por motivos de seguran\u00e7a, a companhia &quot;poder\u00e1 restringir o peso e o conte\u00fado da bagagem de m\u00e3o. Nesses casos, poder\u00e1 ser necess\u00e1rio despach\u00e1-la no por\u00e3o da aeronave&quot;. <\/p>\n<p> <strong>Confira abaixo as regras para bagagens de m\u00e3o:<\/strong> <\/p>\n<ul>\n<li>Cada passageiro pode levar <strong>at\u00e9 10 kg de bagagem de m\u00e3o sem custo extra<\/strong>, conforme estabelecido pela Ag\u00eancia Nacional de Avia\u00e7\u00e3o Civil (Anac); <\/li>\n<li>Na Latam, <strong>cabines Premium Economy e Premium Business permitem at\u00e9 16 kg de bagagem de m\u00e3o<\/strong>; <\/li>\n<li>Mas companhias podem definir dimens\u00f5es da mala e estabeleceram <strong>limite de 55 cm x 35 cm x 25 cm<\/strong> (altura x comprimento x largura), incluindo al\u00e7as, rodinhas e bolsos externos; <\/li>\n<li>Tamb\u00e9m \u00e9 poss\u00edvel levar gratuitamente um item pessoal, como uma bolsa pequena, uma pasta de trabalho ou uma mochila para notebook; <\/li>\n<li>No caso da Latam, a empresa informa que o passageiro pode transportar bolsa ou mochila pequena com medidas m\u00e1ximas de 45 cm de altura x 35 cm de comprimento x 20 cm de largura. Segundo a empresa, ela deve ficar debaixo do assento; <\/li>\n<li>Na Gol, as medidas m\u00e1ximas fornecidas pela empresa em seu site s\u00e3o 35 cm de largura x 55 cm de altura x 25 cm de profundidade. J\u00e1 na Azul, a companhia informa aceitar malas, bolsas e mochilas de at\u00e9 55 cm de altura x 35 cm de comprimento x 55 cm de largura;<\/li>\n<li>Segundo a Anac, n\u00e3o podem ser levados na bagagem de m\u00e3o: armas de fogo, de press\u00e3o, de choque el\u00e9trico ou qu\u00edmicas (inclusive r\u00e9plicas ou de brinquedo), estilingue, sprays de pimenta, \u00e1cidos ou neutralizantes, machados, picadores de gelo, estiletes, equipamentos de artes marciais, navalhas, facas, tesouras, canivetes ou instrumentos multifuncionais com l\u00e2minas superiores a 6 cm; <\/li>\n<li>Nos voos internacionais, a ag\u00eancia explica que frasco com l\u00edquidos superior a 100 ml tamb\u00e9m n\u00e3o pode ser transportado;<\/li>\n<li>A Anac tamb\u00e9m afirma que as companhias devem informar essas regras no contrato de transporte do cliente. <\/li>\n<\/ul>\n<p>         2 de 2&#013;Tamanho da bagagem de m\u00e3o permitida \u2014 Foto: Reprodu\u00e7\u00e3o\/Abear    <\/p>\n<p> Tamanho da bagagem de m\u00e3o permitida \u2014 Foto: Reprodu\u00e7\u00e3o\/Abear <\/p>\n<p><h2>Aprenda a fazer uma mala de m\u00e3o de 10 kg<\/h2>\n<\/p>\n<p>                   <img loading=\"lazy\" decoding=\"async\" class=\"aligncenter size-full wp-image-51813\" src=\"https:\/\/blog.corretoraideal.com.br\/wp-content\/uploads\/2023\/08\/aprenda-a-fazer-uma-mala-de-mao-de-10-kg-para-nao-pagar-excesso-de-peso.jpeg\" alt=\"Aprenda a fazer uma mala de m\u00e3o de 10 kg para n\u00e3o pagar excesso de peso\" width=\"800\" height=\"400\" \/>      <\/p>\n<p> Aprenda a fazer uma mala de m\u00e3o de 10 kg para n\u00e3o pagar excesso de peso <\/p>\n<p><h2>Como tirar o visto de turismo para os EUA<\/h2>\n<\/p>\n<p>                   <img loading=\"lazy\" decoding=\"async\" class=\"aligncenter size-full wp-image-51814\" src=\"https:\/\/blog.corretoraideal.com.br\/wp-content\/uploads\/2023\/08\/veja-como-tirar-o-passaporte-5.jpeg\" alt=\"Veja como tirar o passaporte\" width=\"800\" height=\"400\" \/>      <\/p>\n<p> Veja como tirar o passaporte <\/p>\n<p><h2>Veja como tirar o passaporte<\/h2>\n<\/p>\n<p>                   <img loading=\"lazy\" decoding=\"async\" class=\"aligncenter size-full wp-image-51815\" src=\"https:\/\/blog.corretoraideal.com.br\/wp-content\/uploads\/2023\/08\/como-tirar-o-visto-de-turismo-para-os-eua-4.jpeg\" alt=\"Como tirar o visto de turismo para os EUA\" width=\"800\" height=\"400\" \/>      <\/p>\n<p> Como tirar o visto de turismo para os EUA <\/p>\n<ul>\n<li> <a href=\"https:\/\/g1.globo.com\/tudo-sobre\/anac\/\" class=\"entities__list-itemLink\" data-track-click=\"Anac\"> Anac <\/a> <\/li>\n<li> <a href=\"https:\/\/g1.globo.com\/tudo-sobre\/azul\/\" class=\"entities__list-itemLink\" data-track-click=\"Azul\"> Azul <\/a> <\/li>\n<li> <a href=\"https:\/\/g1.globo.com\/tudo-sobre\/gol\/\" class=\"entities__list-itemLink\" data-track-click=\"Gol\"> Gol <\/a> <\/li>\n<li> <a href=\"https:\/\/g1.globo.com\/tudo-sobre\/latam\/\" class=\"entities__list-itemLink\" data-track-click=\"Latam\"> Latam <\/a> <\/li>\n<\/ul>\n","protected":false},"excerpt":{"rendered":"<p>1 de 2&#013;Bagagem de m\u00e3o \u2014 Foto: Foto de Mikhail Nilov Bagagem de m\u00e3o \u2014 Foto: Foto de Mikhail Nilov A Latam disse nesta ter\u00e7a-feira (15) que vai conferir se todos os clientes est\u00e3o cumprindo as regras de bagagens de m\u00e3o. A companhia promete cobrar taxa para despachar malas que ultrapassem a quantidade ou as [&hellip;]<\/p>\n","protected":false},"author":1,"featured_media":0,"comment_status":"closed","ping_status":"closed","sticky":false,"template":"","format":"standard","meta":{"footnotes":""},"categories":[],"tags":[],"class_list":["post-51811","post","type-post","status-publish","format-standard","hentry"],"_links":{"self":[{"href":"https:\/\/blog.corretoraideal.com.br\/index.php\/wp-json\/wp\/v2\/posts\/51811","targetHints":{"allow":["GET"]}}],"collection":[{"href":"https:\/\/blog.corretoraideal.com.br\/index.php\/wp-json\/wp\/v2\/posts"}],"about":[{"href":"https:\/\/blog.corretoraideal.com.br\/index.php\/wp-json\/wp\/v2\/types\/post"}],"author":[{"embeddable":true,"href":"https:\/\/blog.corretoraideal.com.br\/index.php\/wp-json\/wp\/v2\/users\/1"}],"replies":[{"embeddable":true,"href":"https:\/\/blog.corretoraideal.com.br\/index.php\/wp-json\/wp\/v2\/comments?post=51811"}],"version-history":[{"count":1,"href":"https:\/\/blog.corretoraideal.com.br\/index.php\/wp-json\/wp\/v2\/posts\/51811\/revisions"}],"predecessor-version":[{"id":51816,"href":"https:\/\/blog.corretoraideal.com.br\/index.php\/wp-json\/wp\/v2\/posts\/51811\/revisions\/51816"}],"wp:attachment":[{"href":"https:\/\/blog.corretoraideal.com.br\/index.php\/wp-json\/wp\/v2\/media?parent=51811"}],"wp:term":[{"taxonomy":"category","embeddable":true,"href":"https:\/\/blog.corretoraideal.com.br\/index.php\/wp-json\/wp\/v2\/categories?post=51811"},{"taxonomy":"post_tag","embeddable":true,"href":"https:\/\/blog.corretoraideal.com.br\/index.php\/wp-json\/wp\/v2\/tags?post=51811"}],"curies":[{"name":"wp","href":"https:\/\/api.w.org\/{rel}","templated":true}]}}