{"id":51817,"date":"2023-08-27T07:29:35","date_gmt":"2023-08-27T07:29:35","guid":{"rendered":"https:\/\/blog.corretoraideal.com.br\/?p=51817"},"modified":"2023-08-27T07:29:35","modified_gmt":"2023-08-27T07:29:35","slug":"ipca-15-previa-da-inflacao-tem-alta-de-028-em-agosto-puxada-pela-conta-de-luz-economia-g1","status":"publish","type":"post","link":"https:\/\/blog.corretoraideal.com.br\/index.php\/2023\/08\/27\/ipca-15-previa-da-inflacao-tem-alta-de-028-em-agosto-puxada-pela-conta-de-luz-economia-g1\/","title":{"rendered":"IPCA-15: pr\u00e9via da infla\u00e7\u00e3o tem alta de 0,28% em agosto, puxada pela conta de luz | Economia | G1"},"content":{"rendered":"\n<p> O \u00cdndice Nacional de Pre\u00e7os ao Consumidor Amplo 15 (IPCA-15) \u2014 considerado a pr\u00e9via da infla\u00e7\u00e3o oficial do pa\u00eds \u2014 teve alta de 0,28%<strong> para o m\u00eas de agosto<\/strong>, informou nesta sexta-feira (25) o Instituto Brasileiro de Geografia e Estat\u00edstica (<a class href=\"https:\/\/g1.globo.com\/tudo-sobre\/ibge\/\">IBGE<\/a>). <\/p>\n<p> O \u00edndice teve acelera\u00e7\u00e3o de 0,35 ponto percentual (p.p.) na compara\u00e7\u00e3o com o m\u00eas anterior, quando <a class href=\"https:\/\/g1.globo.com\/economia\/noticia\/2023\/07\/25\/ipca-15-previa-da-inflacao-cai-007percent-em-julho.ghtml\">teve queda de 0,07% para julho.<\/a> Em agosto de 2022, <a class href=\"https:\/\/g1.globo.com\/economia\/noticia\/2022\/08\/24\/ipca-15-indicador-registra-deflacao-de-073percent.ghtml\">o IPCA-15 foi de -0,73%.<\/a> <\/p>\n<p> <strong>Com os resultados, o IPCA-15 acumulou 4,24% na janela de 12 meses. O valor interrompe uma sequ\u00eancia de desacelera\u00e7\u00e3o da infla\u00e7\u00e3o que vinha desde maio de 2022, quando acumulava 12,2%.<\/strong> <\/p>\n<p> O principal impacto de alta vem do aumento da conta de energia el\u00e9trica residencial, <strong>que subiu 4,59% no m\u00eas e teve peso de 0,18 p.p. no IPCA-15 cheio.<\/strong> <\/p>\n<p> O salto se deu pelo fim da incorpora\u00e7\u00e3o do B\u00f4nus de Itaipu, que foi creditado nas faturas do m\u00eas anterior. O IBGE havia constatado, em julho, o principal impacto negativo para IPCA-15 justamente na redu\u00e7\u00e3o de pre\u00e7os de energia el\u00e9trica residencial (-3,45%), por conta do cr\u00e9dito. <\/p>\n<p> Al\u00e9m do final do b\u00f4nus, neste m\u00eas tamb\u00e9m houve reajustes de energia em tr\u00eas capitais pesquisadas pelo IBGE: Curitiba (9,68%), Porto Alegre (5,44%) e S\u00e3o Paulo (4,21%). <\/p>\n<p> Dos nove grupos pesquisados pelo IBGE, sete tiveram alta neste m\u00eas, com maior varia\u00e7\u00e3o vinda do grupo de Habita\u00e7\u00e3o (1,08%), que engloba as contas de luz residenciais. O IBGE destaca tamb\u00e9m um reajuste de taxas de \u00e1gua e esgoto (0,20%), com destaque para Porto Alegre e Bras\u00edlia. <\/p>\n<p><h2>Veja abaixo a varia\u00e7\u00e3o dos grupos em agosto<\/h2>\n<\/p>\n<ul>\n<li>Alimenta\u00e7\u00e3o e bebidas: -0,65%<\/li>\n<li>Habita\u00e7\u00e3o: 1,08%<\/li>\n<li>Artigos de resid\u00eancia: 0,01%<\/li>\n<li>Vestu\u00e1rio: -0,03%<\/li>\n<li>Transportes: 0,23%<\/li>\n<li>Sa\u00fade e cuidados pessoais: 0,81%<\/li>\n<li>Despesas pessoais: 0,60%<\/li>\n<li>Educa\u00e7\u00e3o: 0,71%<\/li>\n<li>Comunica\u00e7\u00e3o: 0,04%<\/li>\n<\/ul>\n<p><h2>Alimenta\u00e7\u00e3o e bebidas em queda<\/h2>\n<\/p>\n<p> A maior queda do m\u00eas vem do grupo Alimenta\u00e7\u00e3o e bebidas, que teve queda de 0,65% no m\u00eas. Novamente, o destaque \u00e9 mais uma defla\u00e7\u00e3o da alimenta\u00e7\u00e3o no domic\u00edlio (-0,99%), com baixa nos pre\u00e7os de alimentos in natura, como batata-inglesa (-12,68%), tomate (-5,60%), frango em peda\u00e7os (-3,66%), leite longa vida (-2,40%) e carnes (-1,44%). <\/p>\n<p> A alimenta\u00e7\u00e3o fora do domic\u00edlio teve alta de 0,22% em agosto, mas mostra desacelera\u00e7\u00e3o em rela\u00e7\u00e3o ao m\u00eas anterior (0,46%). O grande destaque foi a desacelera\u00e7\u00e3o de lanche, que subiu 0,14% no m\u00eas contra 1,02% em julho. <\/p>\n<p><h2>Altas em Sa\u00fade e Educa\u00e7\u00e3o<\/h2>\n<\/p>\n<p> Press\u00f5es menores no IPCA-15 vieram dos grupos de Sa\u00fade e cuidados pessoais (0,81%) e Educa\u00e7\u00e3o (0,71%). <\/p>\n<p> O primeiro grupo teve alta puxada por itens de higiene pessoal, que subiram 1,59% em agosto depois de registrarem defla\u00e7\u00e3o de 0,71% em julho. &quot;Os pre\u00e7os dos produtos para pele (8,57%) e dos perfumes (2,94%) subiram, ap\u00f3s queda de 4,32% e 1,90% em julho, respectivamente&quot;, destaca o IBGE. <\/p>\n<p> Em educa\u00e7\u00e3o, o fluxo de subida vem de cursos regulares (0,74%), com reajustes em subitens como creche (1,91%) e ensino superior (1,12%). &quot;A alta dos cursos diversos (0,06%) foi influenciada pelos cursos preparat\u00f3rios (1,22%) e cursos de idiomas (0,14%)&quot;, diz o instituto. <\/p>\n<p><h2>Transportes sobe pouco<\/h2>\n<\/p>\n<p> Um dos destaques das \u00faltimas divulga\u00e7\u00f5es de infla\u00e7\u00e3o, o grupo de Transportes teve aumento modesto, de 0,23% no m\u00eas. O resultado foi bastante puxado por uma alta nos pre\u00e7os do autom\u00f3vel novo (2,94%), uma devolu\u00e7\u00e3o pontual dos descontos constatados pelo <a class href=\"https:\/\/g1.globo.com\/economia\/noticia\/2023\/07\/07\/governo-anuncia-fim-do-programa-de-carro-zero-com-desconto-com-125-mil-veiculos-vendidos.ghtml\">programa de desconto no carro zero.<\/a> <\/p>\n<p> Os combust\u00edveis tamb\u00e9m tiveram alta, de 0,46% em agosto. Mas a alta nos pre\u00e7os da gasolina, que haviam puxado bastante o IPCA nos \u00faltimos meses, avan\u00e7ou 0,90% nesta medi\u00e7\u00e3o. O g\u00e1s veicular subiu 1,88%, mas \u00f3leo diesel (-0,81%) e do etanol (-2,55%) tiveram quedas. <\/p>\n<ul>\n<li> <a href=\"https:\/\/g1.globo.com\/tudo-sobre\/ibge\/\" class=\"entities__list-itemLink\" data-track-click=\"IBGE\"> IBGE <\/a> <\/li>\n<\/ul>\n","protected":false},"excerpt":{"rendered":"<p>O \u00cdndice Nacional de Pre\u00e7os ao Consumidor Amplo 15 (IPCA-15) \u2014 considerado a pr\u00e9via da infla\u00e7\u00e3o oficial do pa\u00eds \u2014 teve alta de 0,28% para o m\u00eas de agosto, informou nesta sexta-feira (25) o Instituto Brasileiro de Geografia e Estat\u00edstica (IBGE). O \u00edndice teve acelera\u00e7\u00e3o de 0,35 ponto percentual (p.p.) na compara\u00e7\u00e3o com o m\u00eas [&hellip;]<\/p>\n","protected":false},"author":1,"featured_media":0,"comment_status":"closed","ping_status":"closed","sticky":false,"template":"","format":"standard","meta":{"footnotes":""},"categories":[],"tags":[],"class_list":["post-51817","post","type-post","status-publish","format-standard","hentry"],"_links":{"self":[{"href":"https:\/\/blog.corretoraideal.com.br\/index.php\/wp-json\/wp\/v2\/posts\/51817","targetHints":{"allow":["GET"]}}],"collection":[{"href":"https:\/\/blog.corretoraideal.com.br\/index.php\/wp-json\/wp\/v2\/posts"}],"about":[{"href":"https:\/\/blog.corretoraideal.com.br\/index.php\/wp-json\/wp\/v2\/types\/post"}],"author":[{"embeddable":true,"href":"https:\/\/blog.corretoraideal.com.br\/index.php\/wp-json\/wp\/v2\/users\/1"}],"replies":[{"embeddable":true,"href":"https:\/\/blog.corretoraideal.com.br\/index.php\/wp-json\/wp\/v2\/comments?post=51817"}],"version-history":[{"count":1,"href":"https:\/\/blog.corretoraideal.com.br\/index.php\/wp-json\/wp\/v2\/posts\/51817\/revisions"}],"predecessor-version":[{"id":51819,"href":"https:\/\/blog.corretoraideal.com.br\/index.php\/wp-json\/wp\/v2\/posts\/51817\/revisions\/51819"}],"wp:attachment":[{"href":"https:\/\/blog.corretoraideal.com.br\/index.php\/wp-json\/wp\/v2\/media?parent=51817"}],"wp:term":[{"taxonomy":"category","embeddable":true,"href":"https:\/\/blog.corretoraideal.com.br\/index.php\/wp-json\/wp\/v2\/categories?post=51817"},{"taxonomy":"post_tag","embeddable":true,"href":"https:\/\/blog.corretoraideal.com.br\/index.php\/wp-json\/wp\/v2\/tags?post=51817"}],"curies":[{"name":"wp","href":"https:\/\/api.w.org\/{rel}","templated":true}]}}