{"id":51829,"date":"2023-08-27T11:42:09","date_gmt":"2023-08-27T11:42:09","guid":{"rendered":"https:\/\/blog.corretoraideal.com.br\/?p=51829"},"modified":"2023-08-27T11:42:09","modified_gmt":"2023-08-27T11:42:09","slug":"latam-vai-conferir-bagagens-de-mao-e-cobrar-despacho-de-malas-que-nao-cumprirem-normas-da-empresa-turismo-e-viagem-g1","status":"publish","type":"post","link":"https:\/\/blog.corretoraideal.com.br\/index.php\/2023\/08\/27\/latam-vai-conferir-bagagens-de-mao-e-cobrar-despacho-de-malas-que-nao-cumprirem-normas-da-empresa-turismo-e-viagem-g1\/","title":{"rendered":"Latam vai conferir bagagens de m\u00e3o e cobrar despacho de malas que n\u00e3o cumprirem normas da empresa | Turismo e Viagem | G1"},"content":{"rendered":"<p>      1 de 1&#013;Bagagem de m\u00e3o \u2014 Foto: Foto de Mikhail Nilov    <\/p>\n<p> Bagagem de m\u00e3o \u2014 Foto: Foto de Mikhail Nilov <\/p>\n<p> A <a class href=\"https:\/\/g1.globo.com\/tudo-sobre\/latam\/\">Latam<\/a> anunciou que ir\u00e1 verificar se os clientes est\u00e3o cumprindo as normas de quantidade e medidas de bagagens de m\u00e3o. Quando as malas n\u00e3o estiverem de acordo com as regras, a empresa cobrar\u00e1 taxa para realizar o despacho. <\/p>\n<ul>\n<li><a class href=\"https:\/\/g1.globo.com\/turismo-e-viagem\/noticia\/2023\/08\/16\/latam-vai-verificar-tamanho-de-todas-as-bagagens-de-mao-entenda-o-que-diz-a-regra.ghtml\">Latam vai verificar tamanho de todas as bagagens de m\u00e3o; entenda o que diz a regra<\/a><\/li>\n<\/ul>\n<p> Pelas regras da companhia a\u00e9rea, com a compra da passagem, o passageiro pode levar no avi\u00e3o uma mochila pequena e uma bagagem de m\u00e3o, que ficar\u00e1 guardada no compartimento superior. <\/p>\n<p> Na Latam, o peso m\u00e1ximo desta mala \u00e9 de 10 kg, no caso da passagem para cabine Economy, e de 16 kg, para Premium Economy ou Premium Business, que s\u00e3o assentos que custam mais caro. <\/p>\n<p> Em tamanho, as medidas m\u00e1ximas s\u00e3o de 55 cm de altura, 35 cm de comprimento e 25 cm de largura, incluindo al\u00e7as, rodinhas e bolsos externos. S\u00e3o as mesmas dimens\u00f5es recomendadas pela Associa\u00e7\u00e3o Brasileira das Empresas A\u00e9reas (Abear). <\/p>\n<p> O custo do despacho em viagens nacionais da Latam \u00e9 entre R$ 95 e R$ 160. Para enviar uma segunda mala no por\u00e3o do avi\u00e3o, a cobran\u00e7a \u00e9 entre R$ 130 e R$ 185. Nos voos internacionais, o pre\u00e7o varia conforme o pa\u00eds de destino. <\/p>\n<p> <strong>Leia tamb\u00e9m:<\/strong> <\/p>\n<ul>\n<li><strong>Passageiros podem ser obrigados a despachar bagagem de m\u00e3o? <\/strong><a class href=\"https:\/\/g1.globo.com\/turismo-e-viagem\/noticia\/2023\/04\/29\/passageiros-bagagem-de-mao-entenda-as-regras-dentro-dos-avioes.ghtml\">Entenda as regras dentro dos avi\u00f5es<\/a><\/li>\n<li><strong>Empresas a\u00e9reas podem cobrar para passageiro n\u00e3o ter que despachar bagagem de m\u00e3o? <\/strong><a class href=\"https:\/\/g1.globo.com\/turismo-e-viagem\/noticia\/2023\/05\/23\/empresas-aereas-podem-cobrar-para-passageiro-nao-ter-que-despachar-bagagem-de-mao-entenda-regras.ghtml\">Saiba regras<\/a><\/li>\n<\/ul>\n<p><h2>A companhia a\u00e9rea pode obrigar o despacho?<\/h2>\n<\/p>\n<p> A Ag\u00eancia Nacional de Avia\u00e7\u00e3o Civil (Anac) estabelece que <strong>o passageiro tem direito de levar com ele, na cabine da aeronave, at\u00e9 10 kg sem qualquer custo extra<\/strong>. <\/p>\n<p> A ag\u00eancia pondera, no entanto, que as dimens\u00f5es dessas malas e a quantidade de volumes s\u00e3o determinadas pelas companhias a\u00e9reas. <\/p>\n<p> Segundo a Abear, companhias permitem tamb\u00e9m que o viajante leve gratuitamente um item pessoal, que pode ser uma bolsa pequena, uma pasta de trabalho ou uma mochila para notebook, por exemplo. <\/p>\n<p> As medidas m\u00e1ximas desse item \u2013 v\u00e1lidas para a Latam e Voepass \u2013 devem ser de 45 cm x 35 cm x 20 cm. A Gol considera 43 cm x 32 cm x 22 cm como dimens\u00f5es-limite, enquanto a Rima Avia\u00e7\u00e3o n\u00e3o permite o transporte de mais um item a bordo. <\/p>\n<p> Al\u00e9m dos casos em que as normas da empresa n\u00e3o s\u00e3o atendidas, a bagagem tem que ser despachada caso o avi\u00e3o esteja lotado ou por quest\u00f5es de seguran\u00e7a, nessas ocasi\u00f5es, sem cobran\u00e7as. <\/p>\n<p> Essa <a class href=\"https:\/\/g1.globo.com\/turismo-e-viagem\/noticia\/2023\/04\/29\/passageiros-bagagem-de-mao-entenda-as-regras-dentro-dos-avioes.ghtml\">avalia\u00e7\u00e3o \u00e9 feita pelo comandante e pela tripula\u00e7\u00e3o<\/a> do voo, explica o especialista em Direito Aeron\u00e1utico Felipe Bonsenso. <\/p>\n<p> <strong>Aprenda a fazer uma mala de m\u00e3o de 10 kg para n\u00e3o pagar excesso de peso:<\/strong> <\/p>\n<p>                   <img loading=\"lazy\" decoding=\"async\" class=\"aligncenter size-full wp-image-51831\" src=\"https:\/\/blog.corretoraideal.com.br\/wp-content\/uploads\/2023\/08\/aprenda-a-fazer-uma-mala-de-mao-de-10-kg-para-nao-pagar-excesso-de-peso-1.jpeg\" alt=\"Aprenda a fazer uma mala de m\u00e3o de 10 kg para n\u00e3o pagar excesso de peso\" width=\"800\" height=\"400\" \/>      <\/p>\n<p> Aprenda a fazer uma mala de m\u00e3o de 10 kg para n\u00e3o pagar excesso de peso <\/p>\n<p><h2><strong>Saiba tamb\u00e9m:<\/strong><\/h2>\n<\/p>\n<p>                   <img loading=\"lazy\" decoding=\"async\" class=\"aligncenter size-full wp-image-51832\" src=\"https:\/\/blog.corretoraideal.com.br\/wp-content\/uploads\/2023\/08\/como-renovar-o-visto-para-os-eua.jpeg\" alt=\"Como renovar o visto para os EUA\" width=\"800\" height=\"400\" \/>      <\/p>\n<p> Como renovar o visto para os EUA <\/p>\n<p>                    <img loading=\"lazy\" decoding=\"async\" class=\"aligncenter size-full wp-image-51833\" src=\"https:\/\/blog.corretoraideal.com.br\/wp-content\/uploads\/2023\/08\/veja-como-tirar-o-passaporte-6.jpeg\" alt=\"Veja como tirar o passaporte\" width=\"800\" height=\"400\" \/>      <\/p>\n<p> Veja como tirar o passaporte <\/p>\n<ul>\n<li> <a href=\"https:\/\/g1.globo.com\/tudo-sobre\/latam\/\" class=\"entities__list-itemLink\" data-track-click=\"Latam\"> Latam <\/a> <\/li>\n<\/ul>\n","protected":false},"excerpt":{"rendered":"<p>1 de 1&#013;Bagagem de m\u00e3o \u2014 Foto: Foto de Mikhail Nilov Bagagem de m\u00e3o \u2014 Foto: Foto de Mikhail Nilov A Latam anunciou que ir\u00e1 verificar se os clientes est\u00e3o cumprindo as normas de quantidade e medidas de bagagens de m\u00e3o. Quando as malas n\u00e3o estiverem de acordo com as regras, a empresa cobrar\u00e1 taxa [&hellip;]<\/p>\n","protected":false},"author":1,"featured_media":0,"comment_status":"closed","ping_status":"closed","sticky":false,"template":"","format":"standard","meta":{"footnotes":""},"categories":[],"tags":[],"class_list":["post-51829","post","type-post","status-publish","format-standard","hentry"],"_links":{"self":[{"href":"https:\/\/blog.corretoraideal.com.br\/index.php\/wp-json\/wp\/v2\/posts\/51829","targetHints":{"allow":["GET"]}}],"collection":[{"href":"https:\/\/blog.corretoraideal.com.br\/index.php\/wp-json\/wp\/v2\/posts"}],"about":[{"href":"https:\/\/blog.corretoraideal.com.br\/index.php\/wp-json\/wp\/v2\/types\/post"}],"author":[{"embeddable":true,"href":"https:\/\/blog.corretoraideal.com.br\/index.php\/wp-json\/wp\/v2\/users\/1"}],"replies":[{"embeddable":true,"href":"https:\/\/blog.corretoraideal.com.br\/index.php\/wp-json\/wp\/v2\/comments?post=51829"}],"version-history":[{"count":1,"href":"https:\/\/blog.corretoraideal.com.br\/index.php\/wp-json\/wp\/v2\/posts\/51829\/revisions"}],"predecessor-version":[{"id":51834,"href":"https:\/\/blog.corretoraideal.com.br\/index.php\/wp-json\/wp\/v2\/posts\/51829\/revisions\/51834"}],"wp:attachment":[{"href":"https:\/\/blog.corretoraideal.com.br\/index.php\/wp-json\/wp\/v2\/media?parent=51829"}],"wp:term":[{"taxonomy":"category","embeddable":true,"href":"https:\/\/blog.corretoraideal.com.br\/index.php\/wp-json\/wp\/v2\/categories?post=51829"},{"taxonomy":"post_tag","embeddable":true,"href":"https:\/\/blog.corretoraideal.com.br\/index.php\/wp-json\/wp\/v2\/tags?post=51829"}],"curies":[{"name":"wp","href":"https:\/\/api.w.org\/{rel}","templated":true}]}}