{"id":51835,"date":"2023-08-27T12:33:41","date_gmt":"2023-08-27T12:33:41","guid":{"rendered":"https:\/\/blog.corretoraideal.com.br\/?p=51835"},"modified":"2023-08-27T12:33:41","modified_gmt":"2023-08-27T12:33:41","slug":"goiaba-serrana-tipica-do-sul-do-brasil-ganha-pomares-comerciais-no-pais-apos-anos-de-cultivo-no-exterior-globo-rural-g1","status":"publish","type":"post","link":"https:\/\/blog.corretoraideal.com.br\/index.php\/2023\/08\/27\/goiaba-serrana-tipica-do-sul-do-brasil-ganha-pomares-comerciais-no-pais-apos-anos-de-cultivo-no-exterior-globo-rural-g1\/","title":{"rendered":"Goiaba serrana, t\u00edpica do Sul do Brasil, ganha pomares comerciais no pa\u00eds ap\u00f3s anos de cultivo no exterior | Globo Rural | G1"},"content":{"rendered":"\n<p> Nativa do planalto sul do Brasil, a goiaba serrana foi, por muito tempo, uma fruta de quintal e das matas. Mas, agora, come\u00e7a a ganhar pomares comerciais no pa\u00eds ap\u00f3s anos de cultivo no exterior. <\/p>\n<p> Na\u00e7\u00f5es como Nova Zel\u00e2ndia, Col\u00f4mbia, It\u00e1lia, Estados Unidos t\u00eam a goiaba serrana h\u00e1 mais de 50 anos. <\/p>\n<p> Mas a inten\u00e7\u00e3o de pesquisadores e produtores do sul do pa\u00eds \u00e9 valorizar cada vez mais esse fruto. Novas variedades, mais doces e mais resistentes, por exemplo, v\u00eam sendo estudadas. <\/p>\n<p> Al\u00e9m disso, n\u00e3o falta criatividade na hora do beneficiamento. Com a fruta, a ind\u00fastria j\u00e1 vem produzindo sorvete, suco, cerveja e at\u00e9 cosm\u00e9ticos, como xampu, sabonete l\u00edquido e creme de m\u00e3o. <\/p>\n<p><h2>Como \u00e9 a goiaba serrana<\/h2>\n<\/p>\n<p> Tamb\u00e9m conhecida como feijoa, a goiaba serraba \u00e9 diferente da fruta que os brasileiros est\u00e3o mais acostumados. <\/p>\n<p>Ela tem casca verde, mesmo quando est\u00e1 madura, al\u00e9m de poucas sementes e polpa branca. Gosta de clima frio e se desenvolve em altitudes superiores a 800 metros. <\/p>\n<p> Enquanto a goiaba comum \u00e9 origin\u00e1ria de pa\u00edses de clima tropical da Am\u00e9rica do Sul, a serrana \u00e9 nativa da regi\u00e3o sul do pa\u00eds. <\/p>\n<p> <strong>Confira a reportagem completa no V\u00cdDEO ACIMA.<\/strong> <\/p>\n<p><h2>V\u00eddeos Globo Rural<\/h2>\n<\/p>\n<p>   <a href=\"https:\/\/g1.globo.com\/economia\/agronegocios\/globo-rural\/playlist\/videos-globo-rural.ghtml\">    50 v\u00eddeos      <\/a>       <\/p>\n<ul>\n<li> <a href=\"https:\/\/g1.globo.com\/sc\/santa-catarina\/cidade\/sao-joaquim\/\" class=\"entities__list-itemLink\" data-track-click=\"S\u00e3o Joaquim\"> S\u00e3o Joaquim <\/a> <\/li>\n<\/ul>\n","protected":false},"excerpt":{"rendered":"<p>Nativa do planalto sul do Brasil, a goiaba serrana foi, por muito tempo, uma fruta de quintal e das matas. Mas, agora, come\u00e7a a ganhar pomares comerciais no pa\u00eds ap\u00f3s anos de cultivo no exterior. Na\u00e7\u00f5es como Nova Zel\u00e2ndia, Col\u00f4mbia, It\u00e1lia, Estados Unidos t\u00eam a goiaba serrana h\u00e1 mais de 50 anos. Mas a inten\u00e7\u00e3o [&hellip;]<\/p>\n","protected":false},"author":1,"featured_media":0,"comment_status":"closed","ping_status":"closed","sticky":false,"template":"","format":"standard","meta":{"footnotes":""},"categories":[],"tags":[],"class_list":["post-51835","post","type-post","status-publish","format-standard","hentry"],"_links":{"self":[{"href":"https:\/\/blog.corretoraideal.com.br\/index.php\/wp-json\/wp\/v2\/posts\/51835","targetHints":{"allow":["GET"]}}],"collection":[{"href":"https:\/\/blog.corretoraideal.com.br\/index.php\/wp-json\/wp\/v2\/posts"}],"about":[{"href":"https:\/\/blog.corretoraideal.com.br\/index.php\/wp-json\/wp\/v2\/types\/post"}],"author":[{"embeddable":true,"href":"https:\/\/blog.corretoraideal.com.br\/index.php\/wp-json\/wp\/v2\/users\/1"}],"replies":[{"embeddable":true,"href":"https:\/\/blog.corretoraideal.com.br\/index.php\/wp-json\/wp\/v2\/comments?post=51835"}],"version-history":[{"count":1,"href":"https:\/\/blog.corretoraideal.com.br\/index.php\/wp-json\/wp\/v2\/posts\/51835\/revisions"}],"predecessor-version":[{"id":51837,"href":"https:\/\/blog.corretoraideal.com.br\/index.php\/wp-json\/wp\/v2\/posts\/51835\/revisions\/51837"}],"wp:attachment":[{"href":"https:\/\/blog.corretoraideal.com.br\/index.php\/wp-json\/wp\/v2\/media?parent=51835"}],"wp:term":[{"taxonomy":"category","embeddable":true,"href":"https:\/\/blog.corretoraideal.com.br\/index.php\/wp-json\/wp\/v2\/categories?post=51835"},{"taxonomy":"post_tag","embeddable":true,"href":"https:\/\/blog.corretoraideal.com.br\/index.php\/wp-json\/wp\/v2\/tags?post=51835"}],"curies":[{"name":"wp","href":"https:\/\/api.w.org\/{rel}","templated":true}]}}