{"id":51844,"date":"2023-08-27T15:32:46","date_gmt":"2023-08-27T15:32:46","guid":{"rendered":"https:\/\/blog.corretoraideal.com.br\/?p=51844"},"modified":"2023-08-27T15:32:46","modified_gmt":"2023-08-27T15:32:46","slug":"caravana-da-educacao-chega-a-tocos-em-campos-neste-sabado-norte-fluminense-g1","status":"publish","type":"post","link":"https:\/\/blog.corretoraideal.com.br\/index.php\/2023\/08\/27\/caravana-da-educacao-chega-a-tocos-em-campos-neste-sabado-norte-fluminense-g1\/","title":{"rendered":"&#039;Caravana da Educa\u00e7\u00e3o&#039; chega a Tocos, em Campos, neste s\u00e1bado | Norte Fluminense | G1"},"content":{"rendered":"<p>      1 de 1&#013;Moradores de Tocos, em Campos, podem ter acesso a diversos servi\u00e7os neste s\u00e1bado, oferecidos em escola do munic\u00edpio \u2014 Foto: C\u00e9sar Ferreira\/Prefeitura de Campos    <\/p>\n<p> Moradores de Tocos, em Campos, podem ter acesso a diversos servi\u00e7os neste s\u00e1bado, oferecidos em escola do munic\u00edpio \u2014 Foto: C\u00e9sar Ferreira\/Prefeitura de Campos <\/p>\n<p> O projeto &quot;Caravana da Educa\u00e7\u00e3o&quot;, da Secretaria de Educa\u00e7\u00e3o, Ci\u00eancia e Tecnologia (Seduct), que est\u00e1 na segunda edi\u00e7\u00e3o, vai acontecer neste s\u00e1bado (19) na Escola Municipal Dr Get\u00falio Vargas, que fica em Tocos, distrito de Campos dos Goytacazers, no Norte Fluminense. <\/p>\n<p> O evento est\u00e1 previsto para come\u00e7ar a partir das 9h. <\/p>\n<p> De acordo com a Prefeitura, entre os servi\u00e7os oferecidos pelo projeto, est\u00e3o: cultura, lazer, recrea\u00e7\u00e3o, educa\u00e7\u00e3o em sa\u00fade, ci\u00eancia, educa\u00e7\u00e3o ambiental, esporte, sa\u00fade animal e manicure. <\/p>\n<p> O projeto funciona como um grande mutir\u00e3o que atende a toda a fam\u00edlia em locais mais distantes do Centro da cidade. <\/p>\n<p> As a\u00e7\u00f5es contam com os caminh\u00f5es &quot;Biblioteca Volante Goiabada com Chuvisco&quot;, \u201cViajando na Ci\u00eancia&quot; e ainda o Caminh\u00e3o-Palco, para apresenta\u00e7\u00f5es teatrais e musicais. <\/p>\n<p> o drama familiar do filme &quot;Extraordin\u00e1rio&quot; vai ser exibido a partir das 18h na \u201chora do cinema\u201d e segundo o secret\u00e1rio de Educa\u00e7\u00e3o, Ci\u00eancia e Tecnologia, Marcelo Feres \u00e9 um dos momentos mais aguardados. <\/p>\n<p> De acordo com o secret\u00e1rio, o projeto oferece atividades diferenciadas para alunos, profissionais da Educa\u00e7\u00e3o, pais e respons\u00e1veis, al\u00e9m da comunidade externa. <\/p>\n<p> Al\u00e9m disso, tamb\u00e9m vai acontecer apresenta\u00e7\u00e3o de pr\u00e1ticas exitosas da rede municipal de ensino, educa\u00e7\u00e3o ambiental, Banda da Seduct e rob\u00f3tica itinerante. <\/p>\n<p> O Centro de Controle de Zoonoses, o CCZ, vai fazer uma exposi\u00e7\u00e3o de animais pe\u00e7onhentos, vai ter vacina\u00e7\u00e3o antirr\u00e1bica, Desfile Pet e Feira de ado\u00e7\u00e3o de c\u00e3es e gatos. <\/p>\n<ul>\n<li> <a href=\"https:\/\/g1.globo.com\/rj\/norte-fluminense\/cidade\/campos-dos-goytacazes\/\" class=\"entities__list-itemLink\" data-track-click=\"Campos dos Goytacazes\"> Campos dos Goytacazes <\/a> <\/li>\n<\/ul>\n","protected":false},"excerpt":{"rendered":"<p>1 de 1&#013;Moradores de Tocos, em Campos, podem ter acesso a diversos servi\u00e7os neste s\u00e1bado, oferecidos em escola do munic\u00edpio \u2014 Foto: C\u00e9sar Ferreira\/Prefeitura de Campos Moradores de Tocos, em Campos, podem ter acesso a diversos servi\u00e7os neste s\u00e1bado, oferecidos em escola do munic\u00edpio \u2014 Foto: C\u00e9sar Ferreira\/Prefeitura de Campos O projeto &quot;Caravana da Educa\u00e7\u00e3o&quot;, [&hellip;]<\/p>\n","protected":false},"author":1,"featured_media":0,"comment_status":"closed","ping_status":"closed","sticky":false,"template":"","format":"standard","meta":{"footnotes":""},"categories":[],"tags":[],"class_list":["post-51844","post","type-post","status-publish","format-standard","hentry"],"_links":{"self":[{"href":"https:\/\/blog.corretoraideal.com.br\/index.php\/wp-json\/wp\/v2\/posts\/51844","targetHints":{"allow":["GET"]}}],"collection":[{"href":"https:\/\/blog.corretoraideal.com.br\/index.php\/wp-json\/wp\/v2\/posts"}],"about":[{"href":"https:\/\/blog.corretoraideal.com.br\/index.php\/wp-json\/wp\/v2\/types\/post"}],"author":[{"embeddable":true,"href":"https:\/\/blog.corretoraideal.com.br\/index.php\/wp-json\/wp\/v2\/users\/1"}],"replies":[{"embeddable":true,"href":"https:\/\/blog.corretoraideal.com.br\/index.php\/wp-json\/wp\/v2\/comments?post=51844"}],"version-history":[{"count":1,"href":"https:\/\/blog.corretoraideal.com.br\/index.php\/wp-json\/wp\/v2\/posts\/51844\/revisions"}],"predecessor-version":[{"id":51846,"href":"https:\/\/blog.corretoraideal.com.br\/index.php\/wp-json\/wp\/v2\/posts\/51844\/revisions\/51846"}],"wp:attachment":[{"href":"https:\/\/blog.corretoraideal.com.br\/index.php\/wp-json\/wp\/v2\/media?parent=51844"}],"wp:term":[{"taxonomy":"category","embeddable":true,"href":"https:\/\/blog.corretoraideal.com.br\/index.php\/wp-json\/wp\/v2\/categories?post=51844"},{"taxonomy":"post_tag","embeddable":true,"href":"https:\/\/blog.corretoraideal.com.br\/index.php\/wp-json\/wp\/v2\/tags?post=51844"}],"curies":[{"name":"wp","href":"https:\/\/api.w.org\/{rel}","templated":true}]}}