{"id":51847,"date":"2023-08-27T16:57:31","date_gmt":"2023-08-27T16:57:31","guid":{"rendered":"https:\/\/blog.corretoraideal.com.br\/?p=51847"},"modified":"2023-08-27T16:57:31","modified_gmt":"2023-08-27T16:57:31","slug":"karaoke-carne-de-lhama-presente-inusitado-estrada-interditada-e-muitas-curvas-as-curiosidades-da-viagem-mais-longa-de-onibus-profissao-reporter-g1","status":"publish","type":"post","link":"https:\/\/blog.corretoraideal.com.br\/index.php\/2023\/08\/27\/karaoke-carne-de-lhama-presente-inusitado-estrada-interditada-e-muitas-curvas-as-curiosidades-da-viagem-mais-longa-de-onibus-profissao-reporter-g1\/","title":{"rendered":"Karaok\u00ea, carne de lhama, presente inusitado, estrada interditada e muitas curvas: as curiosidades da viagem mais longa de \u00f4nibus | Profiss\u00e3o Rep\u00f3rter | G1"},"content":{"rendered":"<p>                <img loading=\"lazy\" decoding=\"async\" class=\"aligncenter size-full wp-image-51849\" src=\"https:\/\/blog.corretoraideal.com.br\/wp-content\/uploads\/2023\/08\/equipe-do-profissao-reporte-sai-do-rio-de-janeiro-para-o-peru-na-maior-viagem-de-onibus-do-mundo.jpeg\" alt=\"Equipe do Profiss\u00e3o Rep\u00f3rte sai do Rio de Janeiro para o Peru na maior viagem de \u00f4nibus do mundo\" width=\"800\" height=\"400\" \/>      <\/p>\n<p> Equipe do Profiss\u00e3o Rep\u00f3rte sai do Rio de Janeiro para o Peru na maior viagem de \u00f4nibus do mundo <\/p>\n<p> O <a class href=\"https:\/\/g1.globo.com\/profissao-reporter\/\">Profiss\u00e3o Rep\u00f3rter<\/a> desta ter\u00e7a-feira (8) <a class href=\"https:\/\/g1.globo.com\/profissao-reporter\/noticia\/2023\/08\/09\/maior-viagem-de-onibus-do-mundo-dura-seis-dias-e-percorre-mais-de-seis-mil-quilometros-os-detalhes-da-rota-que-sai-do-rio-e-vai-ate-o-peru.ghtml\"><strong>cruzou o continente, do oceano Atl\u00e2ntico at\u00e9 o Pac\u00edfico e embarcou na mais longa viagem de \u00f4nibus<\/strong><\/a>: percorreu uma rota que come\u00e7a no estado do <a class href=\"https:\/\/g1.globo.com\/rj\/rio-de-janeiro\/cidade\/rio-de-janeiro\/\">Rio de Janeiro<\/a> at\u00e9 <a class href=\"http:\/\/g1.globo.com\/mundo\/peru\/cidade\/lima.html\">Lima<\/a>, no Peru &#8211; foram seis dias de estrada, mais de 120 horas. <\/p>\n<p> E quando se cruza tantos locais diferentes, com pessoas t\u00e3o diversas, \u00e9 natural que algumas curiosidades e boas hist\u00f3rias apare\u00e7am pelo caminho. <\/p>\n<p><h2>? Reencontro familiar<\/h2>\n<\/p>\n<p> O passageiro Bruno Eduardo fez o trecho completo at\u00e9 Lima, no Peru. O objetivo \u00e9 reencontrar com a m\u00e3e ap\u00f3s sete anos. Na bagagem, al\u00e9m de comidas brasileiras, ele leva uma televis\u00e3o de presente: <\/p>\n<p>&quot;Estou levando uns presentinhos, como alimentos que n\u00e3o t\u00eam no Peru e uma TV. Optei pelo \u00f4nibus justamente por causa do transporte dessas coisas&quot;, diz Bruno, revelando que \u00e9 a primeira vez que sai do Brasil.<\/p>\n<p>         1 de 3&#013;Brasileiro leva TV e alimentos do pa\u00eds para a m\u00e3e, que mora em Lima, no Peru. \u2014 Foto: TV Globo\/Reprodu\u00e7\u00e3o    <\/p>\n<p> Brasileiro leva TV e alimentos do pa\u00eds para a m\u00e3e, que mora em Lima, no Peru. \u2014 Foto: TV Globo\/Reprodu\u00e7\u00e3o <\/p>\n<p><h2>? &#x27;Karaok\u00ea&#x27; noturno<\/h2>\n<\/p>\n<p> A anima\u00e7\u00e3o da viagem depende muito dos pr\u00f3prios passageiros. A cantoria entrou no roteiro e todos eram convidados a participar da festa que come\u00e7ava no cair da noite. <\/p>\n<p> A \u201cbagun\u00e7a\u201d, no entanto, tinha hora para acabar, para garantir o descanso durante a longa viagem. <\/p>\n<p>                   <img loading=\"lazy\" decoding=\"async\" class=\"aligncenter size-full wp-image-51850\" src=\"https:\/\/blog.corretoraideal.com.br\/wp-content\/uploads\/2023\/08\/passageiros-de-onibus-fazem.jpeg\" alt=\"Passageiros de \u00f4nibus fazem \" width=\"800\" height=\"400\" \/>      <\/p>\n<p> Passageiros de \u00f4nibus fazem &#8216;karaok\u00ea&#8217; noturno <\/p>\n<p><h2>\u26a0\ufe0f Travessia perigosa<\/h2>\n<\/p>\n<p> Em um momento da viagem, o \u00f4nibus teve que passar por uma via pouco depois de um deslizamento de terra.<a class href=\"https:\/\/g1.globo.com\/profissao-reporter\/noticia\/2023\/08\/09\/deslizamento-de-terra-atinge-rodovia-no-peru-e-travessia-vira-desafio-na-maior-viagem-de-onibus-do-mundo-veja-video.ghtml\"><strong> O acidente ocorreu entre Maldonado e Cusco, em um povoado chamado Camaroti, formando uma fila de caminh\u00f5es e \u00f4nibus<\/strong><\/a>. A regi\u00e3o j\u00e1 \u00e9 conhecida pelo alto \u00edndice de desabamentos de pedras e terra. <\/p>\n<p>\u201cEu sou um motorista, e isso sempre acontece. H\u00e1 dois dias aconteceu a mesma coisa\u201d, disse um homem que aguardava na fila.<\/p>\n<p> O perigo \u00e9 que, enquanto as equipes de seguran\u00e7a limpavam a via, as pedras continuavam caindo de cima do morro. <\/p>\n<p>                   <img loading=\"lazy\" decoding=\"async\" class=\"aligncenter size-full wp-image-51851\" src=\"https:\/\/blog.corretoraideal.com.br\/wp-content\/uploads\/2023\/08\/maior-viagem-de-onibus-do-mundo-veiculo-e-obrigado-a-parar-apos-deslizamento-de-pedras-em-estrada-peruana.jpeg\" alt=\"Maior viagem de \u00f4nibus do mundo: ve\u00edculo \u00e9 obrigado a parar ap\u00f3s deslizamento de pedras em estrada peruana\" width=\"800\" height=\"400\" \/>      <\/p>\n<p> Maior viagem de \u00f4nibus do mundo: ve\u00edculo \u00e9 obrigado a parar ap\u00f3s deslizamento de pedras em estrada peruana <\/p>\n<p><h2>? Pintinhos em mochila de presente<\/h2>\n<\/p>\n<p> No trecho interditado por causa do deslizamento de pedras, passageiros e motoristas aguardavam pela libera\u00e7\u00e3o. Entre eles, um peruano que tamb\u00e9m iria visitar a sua m\u00e3e e levava um presente: uma mochila cheia de pintinhos. <\/p>\n<p>         2 de 3&#013;Peruano leva pintinhos em mochila e diz que \u00e9 presente para a m\u00e3e. \u2014 Foto: TV Globo\/Reprodu\u00e7\u00e3o    <\/p>\n<p> Peruano leva pintinhos em mochila e diz que \u00e9 presente para a m\u00e3e. \u2014 Foto: TV Globo\/Reprodu\u00e7\u00e3o <\/p>\n<p><h2><strong>??\ufe0f Carne de lhama<\/strong><\/h2>\n<\/p>\n<p> Na primeira parada para refei\u00e7\u00e3o no Peru, os brasileiros que n\u00e3o conheciam a cultura local se depararam com pratos inusitados. Arthur Luduvice, 11 anos, que viaja ao lado do pai, experimentou carne de lhama e uma truta frita. <\/p>\n<p> Questionado se estava boa a comida, o jovem n\u00e3o titubeou e disse que prefere a brasileira. <\/p>\n<p>                   <img loading=\"lazy\" decoding=\"async\" class=\"aligncenter size-full wp-image-51852\" src=\"https:\/\/blog.corretoraideal.com.br\/wp-content\/uploads\/2023\/08\/maior-viagem-de-onibus-do-mundo-em-parada-para-almoco-passageiros-comem-carne-de-lhama.jpeg\" alt=\"Maior viagem de \u00f4nibus do mundo: em parada para almo\u00e7o, passageiros comem carne de lhama\" width=\"800\" height=\"400\" \/>      <\/p>\n<p> Maior viagem de \u00f4nibus do mundo: em parada para almo\u00e7o, passageiros comem carne de lhama <\/p>\n<p><h2><strong>? Curvas, curvas e mais curvas<\/strong><\/h2>\n<\/p>\n<p> Os mil quil\u00f4metros finais da viagem do Rio de Janeiro at\u00e9 Lima foram os mais demorados. Ap\u00f3s sair de Cusco, o \u00f4nibus enfrentou uma estrada muito sinuosa que exige muita aten\u00e7\u00e3o dos motoristas. <\/p>\n<p>\u201cVoc\u00ea n\u00e3o sabe o que voc\u00ea vai encontrar na pr\u00f3xima curva. \u00c9 preciso buzinar, pois n\u00e3o sabemos o que vem do outro lado\u201d, diz o condutor Fernando Louren\u00e7o da Silva.<\/p>\n<p>                   <img loading=\"lazy\" decoding=\"async\" class=\"aligncenter size-full wp-image-51853\" src=\"https:\/\/blog.corretoraideal.com.br\/wp-content\/uploads\/2023\/08\/estrada-peruana-muito-sinuosa-exige-muita-atencao-dos-motoristas.jpeg\" alt=\"Estrada peruana muito sinuosa exige muita aten\u00e7\u00e3o dos motoristas\" width=\"800\" height=\"400\" \/>      <\/p>\n<p> Estrada peruana muito sinuosa exige muita aten\u00e7\u00e3o dos motoristas <\/p>\n<p>          3 de 3&#013;Profiss\u00e3o Rep\u00f3rter faz o roteiro da viagem de \u00f4nibus mais longa do mundo: trajeto sai do RJ e vai at\u00e9 o Peru \u2014 Foto: Reprodu\u00e7\u00e3o\/ TV GLobo    <\/p>\n<p> Profiss\u00e3o Rep\u00f3rter faz o roteiro da viagem de \u00f4nibus mais longa do mundo: trajeto sai do RJ e vai at\u00e9 o Peru \u2014 Foto: Reprodu\u00e7\u00e3o\/ TV GLobo <\/p>\n<p> <strong>LEIA TAMB\u00c9M:<\/strong> <\/p>\n<ul>\n<li><a class href=\"https:\/\/g1.globo.com\/profissao-reporter\/noticia\/2023\/08\/09\/maior-viagem-de-onibus-do-mundo-dura-seis-dias-e-percorre-mais-de-seis-mil-quilometros-os-detalhes-da-rota-que-sai-do-rio-e-vai-ate-o-peru.ghtml\">Maior viagem de \u00f4nibus do mundo dura seis dias e percorre mais de seis mil quil\u00f4metros: os detalhes da rota que sai do Rio e vai at\u00e9 o Peru<\/a><\/li>\n<li><a class href=\"https:\/\/g1.globo.com\/profissao-reporter\/noticia\/2023\/08\/09\/deslizamento-de-terra-atinge-rodovia-no-peru-e-travessia-vira-desafio-na-maior-viagem-de-onibus-do-mundo-veja-video.ghtml\">Deslizamento de terra atinge rodovia e travessia vira desafio <\/a><\/li>\n<li><a class href=\"https:\/\/g1.globo.com\/profissao-reporter\/noticia\/2023\/08\/10\/onibus-trepidando-e-amplitude-termica-os-detalhes-da-travessia-na-fronteira-entre-brasil-e-peru.ghtml\">\u00d4nibus trepidando e amplitude t\u00e9rmica: os detalhes da travessia na fronteira <\/a><\/li>\n<\/ul>\n<p><h2><strong>Veja a \u00edntegra do programa no v\u00eddeo abaixo:<\/strong><\/h2>\n<\/p>\n<p>                   <img loading=\"lazy\" decoding=\"async\" class=\"aligncenter size-full wp-image-51854\" src=\"https:\/\/blog.corretoraideal.com.br\/wp-content\/uploads\/2023\/08\/edicao-de-08-08-2023.jpeg\" alt=\"Edi\u00e7\u00e3o de 08\/08\/2023\" width=\"800\" height=\"400\" \/>      <\/p>\n<p> Edi\u00e7\u00e3o de 08\/08\/2023 <\/p>\n<p> <strong>Confira as reportagens do programa:<\/strong> <\/p>\n<p>   <a href=\"https:\/\/g1.globo.com\/profissao-reporter\/playlist\/profissao-reporter-ultimos-videos.ghtml\">    50 v\u00eddeos      <\/a>   <\/p>\n<ul>\n<li> <a href=\"https:\/\/g1.globo.com\/topico\/acre\" class=\"entities__list-itemLink\" data-track-click=\"Acre\"> Acre <\/a> <\/li>\n<li> <a href=\"https:\/\/g1.globo.com\/mundo\/peru\/cidade\/lima.html\" class=\"entities__list-itemLink\" data-track-click=\"Lima\"> Lima <\/a> <\/li>\n<li> <a href=\"https:\/\/g1.globo.com\/topico\/mato-grosso\" class=\"entities__list-itemLink\" data-track-click=\"Mato Grosso\"> Mato Grosso <\/a> <\/li>\n<li> <a href=\"https:\/\/g1.globo.com\/topico\/mato-grosso-do-sul\" class=\"entities__list-itemLink\" data-track-click=\"Mato Grosso do Sul\"> Mato Grosso do Sul <\/a> <\/li>\n<li> <a href=\"https:\/\/g1.globo.com\/rj\/rio-de-janeiro\/cidade\/rio-de-janeiro\/\" class=\"entities__list-itemLink\" data-track-click=\"Rio de Janeiro\"> Rio de Janeiro <\/a> <\/li>\n<li> <a href=\"https:\/\/g1.globo.com\/topico\/rondonia\" class=\"entities__list-itemLink\" data-track-click=\"Rond\u00f4nia\"> Rond\u00f4nia <\/a> <\/li>\n<li> <a href=\"https:\/\/g1.globo.com\/sp\/sao-paulo\/cidade\/sao-paulo\/\" class=\"entities__list-itemLink\" data-track-click=\"S\u00e3o Paulo\"> S\u00e3o Paulo <\/a> <\/li>\n<\/ul>\n","protected":false},"excerpt":{"rendered":"<p>Equipe do Profiss\u00e3o Rep\u00f3rte sai do Rio de Janeiro para o Peru na maior viagem de \u00f4nibus do mundo O Profiss\u00e3o Rep\u00f3rter desta ter\u00e7a-feira (8) cruzou o continente, do oceano Atl\u00e2ntico at\u00e9 o Pac\u00edfico e embarcou na mais longa viagem de \u00f4nibus: percorreu uma rota que come\u00e7a no estado do Rio de Janeiro at\u00e9 Lima, [&hellip;]<\/p>\n","protected":false},"author":1,"featured_media":0,"comment_status":"closed","ping_status":"closed","sticky":false,"template":"","format":"standard","meta":{"footnotes":""},"categories":[],"tags":[],"class_list":["post-51847","post","type-post","status-publish","format-standard","hentry"],"_links":{"self":[{"href":"https:\/\/blog.corretoraideal.com.br\/index.php\/wp-json\/wp\/v2\/posts\/51847","targetHints":{"allow":["GET"]}}],"collection":[{"href":"https:\/\/blog.corretoraideal.com.br\/index.php\/wp-json\/wp\/v2\/posts"}],"about":[{"href":"https:\/\/blog.corretoraideal.com.br\/index.php\/wp-json\/wp\/v2\/types\/post"}],"author":[{"embeddable":true,"href":"https:\/\/blog.corretoraideal.com.br\/index.php\/wp-json\/wp\/v2\/users\/1"}],"replies":[{"embeddable":true,"href":"https:\/\/blog.corretoraideal.com.br\/index.php\/wp-json\/wp\/v2\/comments?post=51847"}],"version-history":[{"count":1,"href":"https:\/\/blog.corretoraideal.com.br\/index.php\/wp-json\/wp\/v2\/posts\/51847\/revisions"}],"predecessor-version":[{"id":51855,"href":"https:\/\/blog.corretoraideal.com.br\/index.php\/wp-json\/wp\/v2\/posts\/51847\/revisions\/51855"}],"wp:attachment":[{"href":"https:\/\/blog.corretoraideal.com.br\/index.php\/wp-json\/wp\/v2\/media?parent=51847"}],"wp:term":[{"taxonomy":"category","embeddable":true,"href":"https:\/\/blog.corretoraideal.com.br\/index.php\/wp-json\/wp\/v2\/categories?post=51847"},{"taxonomy":"post_tag","embeddable":true,"href":"https:\/\/blog.corretoraideal.com.br\/index.php\/wp-json\/wp\/v2\/tags?post=51847"}],"curies":[{"name":"wp","href":"https:\/\/api.w.org\/{rel}","templated":true}]}}