{"id":51863,"date":"2023-08-27T20:47:04","date_gmt":"2023-08-27T20:47:04","guid":{"rendered":"https:\/\/blog.corretoraideal.com.br\/?p=51863"},"modified":"2023-08-27T20:47:04","modified_gmt":"2023-08-27T20:47:04","slug":"cedae-reduz-fornecimento-de-agua-para-4-bairros-de-macae-nesta-segunda-para-fazer-reparo-em-adutora-norte-fluminense-g1","status":"publish","type":"post","link":"https:\/\/blog.corretoraideal.com.br\/index.php\/2023\/08\/27\/cedae-reduz-fornecimento-de-agua-para-4-bairros-de-macae-nesta-segunda-para-fazer-reparo-em-adutora-norte-fluminense-g1\/","title":{"rendered":"Cedae reduz fornecimento de \u00e1gua para 4 bairros de Maca\u00e9 nesta segunda para fazer reparo em adutora | Norte Fluminense | G1"},"content":{"rendered":"\n<p> A Companhia Estadual de \u00c1guas e Esgotos do Rio de Janeiro (Cedae) vai reduzir o fornecimento de \u00e1gua para quatro bairros de <a class href=\"https:\/\/g1.globo.com\/rj\/regiao-dos-lagos\/cidade\/macae\/\">Maca\u00e9<\/a>, no Norte Fluminense, nesta segunda-feira (28). A medida ser\u00e1 necess\u00e1ria devido a reparo que ser\u00e1 realizado em uma adutora que integra o sistema de abastecimento de Maca\u00e9. <\/p>\n<p> O servi\u00e7o vai ocorrer das 7h \u00e0s 14h, afetando a distribui\u00e7\u00e3o para os bairros: Fronteira, Jardim Atl\u00e2ntico, Parque Aeroporto e Vila Badejo. <\/p>\n<p> De acordo com a Cedae, o abastecimento ser\u00e1 retomado gradualmente ap\u00f3s a conclus\u00e3o da manuten\u00e7\u00e3o, mas pode levar at\u00e9 72 horas para ser normalizado na regi\u00e3o. <\/p>\n<p> &quot;Im\u00f3veis com caixas d\u2019\u00e1gua e\/ou cisternas n\u00e3o devem ser afetados pelo servi\u00e7o. Como nem todos t\u00eam reservat\u00f3rios, a Companhia recomenda aos consumidores que guardem \u00e1gua para o per\u00edodo, adiando tarefas n\u00e3o essenciais. Clientes da Cedae podem pedir caminh\u00e3o-pipa pelo telefone 0800-282-1195&quot;, explica a Cedae. <\/p>\n<ul>\n<li> <a href=\"https:\/\/g1.globo.com\/rj\/regiao-dos-lagos\/cidade\/macae\/\" class=\"entities__list-itemLink\" data-track-click=\"Maca\u00e9\"> Maca\u00e9 <\/a> <\/li>\n<\/ul>\n","protected":false},"excerpt":{"rendered":"<p>A Companhia Estadual de \u00c1guas e Esgotos do Rio de Janeiro (Cedae) vai reduzir o fornecimento de \u00e1gua para quatro bairros de Maca\u00e9, no Norte Fluminense, nesta segunda-feira (28). A medida ser\u00e1 necess\u00e1ria devido a reparo que ser\u00e1 realizado em uma adutora que integra o sistema de abastecimento de Maca\u00e9. O servi\u00e7o vai ocorrer das [&hellip;]<\/p>\n","protected":false},"author":1,"featured_media":0,"comment_status":"closed","ping_status":"closed","sticky":false,"template":"","format":"standard","meta":{"footnotes":""},"categories":[],"tags":[],"class_list":["post-51863","post","type-post","status-publish","format-standard","hentry"],"_links":{"self":[{"href":"https:\/\/blog.corretoraideal.com.br\/index.php\/wp-json\/wp\/v2\/posts\/51863","targetHints":{"allow":["GET"]}}],"collection":[{"href":"https:\/\/blog.corretoraideal.com.br\/index.php\/wp-json\/wp\/v2\/posts"}],"about":[{"href":"https:\/\/blog.corretoraideal.com.br\/index.php\/wp-json\/wp\/v2\/types\/post"}],"author":[{"embeddable":true,"href":"https:\/\/blog.corretoraideal.com.br\/index.php\/wp-json\/wp\/v2\/users\/1"}],"replies":[{"embeddable":true,"href":"https:\/\/blog.corretoraideal.com.br\/index.php\/wp-json\/wp\/v2\/comments?post=51863"}],"version-history":[{"count":1,"href":"https:\/\/blog.corretoraideal.com.br\/index.php\/wp-json\/wp\/v2\/posts\/51863\/revisions"}],"predecessor-version":[{"id":51865,"href":"https:\/\/blog.corretoraideal.com.br\/index.php\/wp-json\/wp\/v2\/posts\/51863\/revisions\/51865"}],"wp:attachment":[{"href":"https:\/\/blog.corretoraideal.com.br\/index.php\/wp-json\/wp\/v2\/media?parent=51863"}],"wp:term":[{"taxonomy":"category","embeddable":true,"href":"https:\/\/blog.corretoraideal.com.br\/index.php\/wp-json\/wp\/v2\/categories?post=51863"},{"taxonomy":"post_tag","embeddable":true,"href":"https:\/\/blog.corretoraideal.com.br\/index.php\/wp-json\/wp\/v2\/tags?post=51863"}],"curies":[{"name":"wp","href":"https:\/\/api.w.org\/{rel}","templated":true}]}}