{"id":51875,"date":"2023-08-28T00:26:15","date_gmt":"2023-08-28T00:26:15","guid":{"rendered":"https:\/\/blog.corretoraideal.com.br\/?p=51875"},"modified":"2023-08-28T00:26:15","modified_gmt":"2023-08-28T00:26:15","slug":"profissional-de-ciberseguranca-surda-revela-desafios-da-area-para-quem-e-pcd-ainda-temos-barreiras-de-comunicacao-tecnologia-g1","status":"publish","type":"post","link":"https:\/\/blog.corretoraideal.com.br\/index.php\/2023\/08\/28\/profissional-de-ciberseguranca-surda-revela-desafios-da-area-para-quem-e-pcd-ainda-temos-barreiras-de-comunicacao-tecnologia-g1\/","title":{"rendered":"Profissional de ciberseguran\u00e7a surda revela desafios da \u00e1rea para quem \u00e9 PCD: &#039;Ainda temos barreiras de comunica\u00e7\u00e3o&#039; | Tecnologia | G1"},"content":{"rendered":"<p>      1 de 2&#013;Daniela Cristina Guidugli, de 37 anos, profissional de seguran\u00e7a da informa\u00e7\u00e3o. \u2014 Foto: Arquivo pessoal    <\/p>\n<p> Daniela Cristina Guidugli, de 37 anos, profissional de seguran\u00e7a da informa\u00e7\u00e3o. \u2014 Foto: Arquivo pessoal <\/p>\n<p> A admira\u00e7\u00e3o da analista de seguran\u00e7a da informa\u00e7\u00e3o Daniela Cristina Guidugli, de 37 anos, pela tecnologia vem desde a inf\u00e2ncia, observando seu pai consertar de tudo, de celular a televisor. <\/p>\n<ul>\n<li><a class href=\"https:\/\/g1.globo.com\/tecnologia\/noticia\/2023\/08\/17\/profissional-de-ciberseguranca-surda-revela-desafios-da-area-para-quem-e-pcd-ainda-temos-barreiras-de-comunicacao.ghtml\">Seguran\u00e7a da informa\u00e7\u00e3o tem sal\u00e1rio de R$ 38 mil; veja como entrar<\/a><\/li>\n<\/ul>\n<p> Tanto que considerou ci\u00eancia da computa\u00e7\u00e3o como uma de suas op\u00e7\u00f5es de gradua\u00e7\u00e3o. Mas, no fim, ela decidiu por administra\u00e7\u00e3o. <strong>Daniela \u00e9 uma pessoa com defici\u00eancia auditiva<\/strong> e sentiu que administra\u00e7\u00e3o seria mais f\u00e1cil para estudar e de se inserir no mercado de trabalho. <\/p>\n<p> Guidugli nunca fez faculdade de TI e s\u00f3 agora come\u00e7ou a estudar rede de computadores. Ela migrou para a seguran\u00e7a em 2009. Antes disso, entre 2003 e 2008, trabalhou com administra\u00e7\u00e3o no Instituto Nacional de Coloniza\u00e7\u00e3o e Reforma Agr\u00e1ria (Incra), em um hospital e, tamb\u00e9m, na Marinha do Brasil, no Rio de Janeiro, sua cidade natal. <\/p>\n<p> Ao final da faculdade de administra\u00e7\u00e3o, ainda em 2008, Daniela fez um curso de tecnologia na ONG Universidade Livre para Efici\u00eancia Humana (Unilehu), focada em promover a inclus\u00e3o de pessoas com defici\u00eancia no trabalho. <\/p>\n<p> \u00c0 \u00e9poca, gra\u00e7as \u00e0 parceria da Unilehu com o banco HSBC, Guidugli teve a sua primeira oportunidade com seguran\u00e7a da informa\u00e7\u00e3o, trabalhando na institui\u00e7\u00e3o financeira por quase 7 anos \u2014 at\u00e9 ser demitida por corte de custo. <\/p>\n<p> &quot;No banco, foi muito dif\u00edcil porque n\u00e3o tinha nada de acessibilidade e todo mundo s\u00f3 falava por telefone. \u00c0s vezes, precisavam me ligar, mas eu n\u00e3o podia falar. Eu tinha que pedir para mandar e-mail ou, ent\u00e3o, tinham pessoas maravilhosas que me ajudavam&quot;, relata. <\/p>\n<p>       Eu n\u00e3o conseguia acompanhar as reuni\u00f5es. Todo mundo falava ao mesmo tempo, e depois as pessoas perceberam que eu tamb\u00e9m estava ali e passaram a me ajudar. Criaram uma din\u00e2mica para me dar espa\u00e7o.      \u2014 Daniela Cristina Guidugli      <\/p>\n<p> Com a demiss\u00e3o no banco, a partir de 2015, Daniela conta que passou a se dedicar exclusivamente aos cuidados da filha, hoje com 11 anos, e que tamb\u00e9m \u00e9 surda. Ela ficou sem trabalho por 5 anos, mas seguiu estudando sobre ciberseguran\u00e7a. <\/p>\n<p>         2 de 2&#013;Daniela Cristina Guidugli \u00e9 deficiente auditiva e analista pleno de seguran\u00e7a da informa\u00e7\u00e3o \u2014 Foto: Arquivo pessoal.    <\/p>\n<p> Daniela Cristina Guidugli \u00e9 deficiente auditiva e analista pleno de seguran\u00e7a da informa\u00e7\u00e3o \u2014 Foto: Arquivo pessoal. <\/p>\n<p> &quot;L\u00e1 em 2008, as capacita\u00e7\u00f5es n\u00e3o eram acess\u00edveis. Meus colegas evolu\u00edram e eu me sentia estagnada por falta de estudo e atualiza\u00e7\u00f5es do mercado&quot;, conta. <\/p>\n<p> Segundo ela, a coisa come\u00e7ou a mudar durante a pandemia de Covid-19, quando as empresas passaram a investir mais em acessibilidade. &quot;A partir de 2020, evolu\u00ed bastante como profissional&quot;, diz. <\/p>\n<p> Um m\u00eas antes da pandemia de Covid-19 come\u00e7ar, Daniela voltou ao mercado de trabalho, em uma fintech brasileira de solu\u00e7\u00f5es de pagamento, no cargo de analista de seguran\u00e7a da informa\u00e7\u00e3o j\u00fanior. L\u00e1, ficou quase um ano, at\u00e9 ser chamada para trabalhar na prefeitura de Curitiba (PR). <\/p>\n<p> Hoje, morando na capital paranaense, onde conheceu o seu marido, que \u00e9 surdo, Guidugli chegou a se preparar para concursos p\u00fablicos, isso durante o per\u00edodo em que esteve fora do mercado. <\/p>\n<p> &quot;Eu fui ser servidora p\u00fablica para trabalhar com melhorias de pol\u00edticas p\u00fablicas e acessibilidade para surdos. S\u00f3 que n\u00e3o tinha nada de tecnologia, ent\u00e3o sa\u00ed depois de 1 ano&quot;, conta. <\/p>\n<p> Ap\u00f3s pedir demiss\u00e3o, a profissional voltou a ser analista de seguran\u00e7a da informa\u00e7\u00e3o j\u00fanior na mesma fintech de pagamento, onde ficou por seis meses. Desde setembro de 2022, vem trabalhando em outra institui\u00e7\u00e3o financeira, mas, desta vez, como analista pleno, ganhando mais. O valor n\u00e3o foi divulgado. <\/p>\n<p> Seu objetivo no momento \u00e9 seguir estudando para alcan\u00e7ar novos horizontes nesse mercado. &quot;Como \u00e9 uma \u00e1rea que eu me identifiquei muito, nunca cogitei desistir dela por causa da minha defici\u00eancia. Agora eu penso em me preparar para alcan\u00e7ar uma lideran\u00e7a significativa&quot;. <\/p>\n<p> &quot;Mas a realidade ainda n\u00e3o \u00e9 perfeita. Temos barreiras de comunica\u00e7\u00e3o e de informa\u00e7\u00e3o, e h\u00e1 muito o que conscientizar. Eu s\u00f3 conhe\u00e7o dois surdos que trabalham com seguran\u00e7a da informa\u00e7\u00e3o&quot;. <\/p>\n<p> Esta reportagem faz parte da s\u00e9rie <strong>&quot;Carreira em tecnologia: seguran\u00e7a da informa\u00e7\u00e3o&quot;,<\/strong> do <a class href=\"https:\/\/g1.globo.com\/\"><strong>g1<\/strong><\/a>. Com base em relatos de profissionais, professores, executivos de grandes empresas e associa\u00e7\u00f5es que representam o setor, a s\u00e9rie mostra como est\u00e1 o mercado de ciberseguran\u00e7a no Brasil.  <\/p>\n<p> <strong>LEIA TAMB\u00c9M: <\/strong> <\/p>\n<ul>\n<li><a class href=\"https:\/\/g1.globo.com\/tecnologia\/noticia\/2023\/08\/16\/como-saber-se-avaliacoes-de-produtos-online-sao-falsas.ghtml\">Como saber se avalia\u00e7\u00f5es de produtos online s\u00e3o falsas?<\/a><\/li>\n<li><a class href=\"https:\/\/g1.globo.com\/tecnologia\/noticia\/2023\/05\/09\/entenda-se-programacao-ainda-vale-a-pena-profissionais-contam-como-esta-o-setor.ghtml\">Programa\u00e7\u00e3o ainda vale a pena? D\u00e1 dinheiro? Profissionais contam como est\u00e1 o setor <\/a><\/li>\n<li><a class href=\"https:\/\/g1.globo.com\/tecnologia\/noticia\/2023\/08\/17\/whatsapp-agora-permite-enviar-fotos-em-hd-veja-como-fazer.ghtml\">WhatsApp agora permite enviar fotos em HD; veja como fazer<\/a><\/li>\n<\/ul>\n<p>                   <img loading=\"lazy\" decoding=\"async\" class=\"aligncenter size-full wp-image-51877\" src=\"https:\/\/blog.corretoraideal.com.br\/wp-content\/uploads\/2023\/08\/seguranca-da-informacao-em-alta-veja-como-entrar-no-setor-4.jpeg\" alt=\"Seguran\u00e7a da informa\u00e7\u00e3o em alta: veja como entrar no setor\" width=\"800\" height=\"400\" \/>      <\/p>\n<p> Seguran\u00e7a da informa\u00e7\u00e3o em alta: veja como entrar no setor <\/p>\n<ul> <\/ul>\n","protected":false},"excerpt":{"rendered":"<p>1 de 2&#013;Daniela Cristina Guidugli, de 37 anos, profissional de seguran\u00e7a da informa\u00e7\u00e3o. \u2014 Foto: Arquivo pessoal Daniela Cristina Guidugli, de 37 anos, profissional de seguran\u00e7a da informa\u00e7\u00e3o. \u2014 Foto: Arquivo pessoal A admira\u00e7\u00e3o da analista de seguran\u00e7a da informa\u00e7\u00e3o Daniela Cristina Guidugli, de 37 anos, pela tecnologia vem desde a inf\u00e2ncia, observando seu pai [&hellip;]<\/p>\n","protected":false},"author":1,"featured_media":0,"comment_status":"closed","ping_status":"closed","sticky":false,"template":"","format":"standard","meta":{"footnotes":""},"categories":[],"tags":[],"class_list":["post-51875","post","type-post","status-publish","format-standard","hentry"],"_links":{"self":[{"href":"https:\/\/blog.corretoraideal.com.br\/index.php\/wp-json\/wp\/v2\/posts\/51875","targetHints":{"allow":["GET"]}}],"collection":[{"href":"https:\/\/blog.corretoraideal.com.br\/index.php\/wp-json\/wp\/v2\/posts"}],"about":[{"href":"https:\/\/blog.corretoraideal.com.br\/index.php\/wp-json\/wp\/v2\/types\/post"}],"author":[{"embeddable":true,"href":"https:\/\/blog.corretoraideal.com.br\/index.php\/wp-json\/wp\/v2\/users\/1"}],"replies":[{"embeddable":true,"href":"https:\/\/blog.corretoraideal.com.br\/index.php\/wp-json\/wp\/v2\/comments?post=51875"}],"version-history":[{"count":1,"href":"https:\/\/blog.corretoraideal.com.br\/index.php\/wp-json\/wp\/v2\/posts\/51875\/revisions"}],"predecessor-version":[{"id":51878,"href":"https:\/\/blog.corretoraideal.com.br\/index.php\/wp-json\/wp\/v2\/posts\/51875\/revisions\/51878"}],"wp:attachment":[{"href":"https:\/\/blog.corretoraideal.com.br\/index.php\/wp-json\/wp\/v2\/media?parent=51875"}],"wp:term":[{"taxonomy":"category","embeddable":true,"href":"https:\/\/blog.corretoraideal.com.br\/index.php\/wp-json\/wp\/v2\/categories?post=51875"},{"taxonomy":"post_tag","embeddable":true,"href":"https:\/\/blog.corretoraideal.com.br\/index.php\/wp-json\/wp\/v2\/tags?post=51875"}],"curies":[{"name":"wp","href":"https:\/\/api.w.org\/{rel}","templated":true}]}}