{"id":51879,"date":"2023-08-28T01:54:14","date_gmt":"2023-08-28T01:54:14","guid":{"rendered":"https:\/\/blog.corretoraideal.com.br\/?p=51879"},"modified":"2023-08-28T01:54:14","modified_gmt":"2023-08-28T01:54:14","slug":"pm-apreende-material-de-trafico-em-diferentes-bairros-de-campos-neste-fim-de-semana-norte-fluminense-g1","status":"publish","type":"post","link":"https:\/\/blog.corretoraideal.com.br\/index.php\/2023\/08\/28\/pm-apreende-material-de-trafico-em-diferentes-bairros-de-campos-neste-fim-de-semana-norte-fluminense-g1\/","title":{"rendered":"PM apreende material de tr\u00e1fico em diferentes bairros de Campos neste fim de semana | Norte Fluminense | G1"},"content":{"rendered":"\n<p> Agentes da Pol\u00edcia Militar, em <a class href=\"https:\/\/g1.globo.com\/rj\/norte-fluminense\/cidade\/campos-dos-goytacazes\/\">Campos dos Goytacazes<\/a>, no Norte Fluminense, fizeram a apreens\u00e3o de drogas em diferentes pontos da cidade neste fim de semana. <\/p>\n<p> <strong>Parque Maciel<\/strong> <\/p>\n<p>         1 de 4&#013;Apreens\u00e3o ocorrida no Parque Maciel, em Campos, neste domingo (27) \u2014 Foto: PM    <\/p>\n<p> Apreens\u00e3o ocorrida no Parque Maciel, em Campos, neste domingo (27) \u2014 Foto: PM <\/p>\n<p> Neste domingo (27), policiais militares foram at\u00e9 a comunidade Tira Gosto, no Parque Maciel, e avistaram dois homens fugindo com sacolas nas m\u00e3os. <\/p>\n<p> Segundo a pol\u00edcia, n\u00e3o foi poss\u00edvel alcan\u00e7\u00e1-los, mas, em buscas pelo trajeto, foram localizadas duas sacolas contendo 38 pinos coca\u00edna, 53 papelotes de coca\u00edna e um aparelho celular. O material foi levado para a 134\u00aa Delegacia de Pol\u00edcia. <\/p>\n<p> <strong>Pecu\u00e1ria<\/strong> <\/p>\n<p>         2 de 4&#013;Material apreendido no bairro Pecu\u00e1ria \u2014 Foto: PM    <\/p>\n<p> Material apreendido no bairro Pecu\u00e1ria \u2014 Foto: PM <\/p>\n<p> No s\u00e1bado (26), a pol\u00edcia apreendeu drogas ap\u00f3s averiguar den\u00fancias de que havia a comercializa\u00e7\u00e3o para o p\u00fablico pagante de um evento no bairro Pecu\u00e1ria. A entrega do material ocorria por meio de aberturas no muro do espa\u00e7o do evento. <\/p>\n<p> Ainda segundo o registro de ocorr\u00eancia, quando a pol\u00edcia chegou no local, homens fugiram, dispensado os materiais. Foram apreendidos seis comprimidos de ecstasy, 20 vidros de lol\u00f3, seis buchas de maconha, al\u00e9m de 31 cigarros. <\/p>\n<p> O material apreendido foi encaminhado \u00e0 134\u00aa Delegacia de Pol\u00edcia, onde o caso foi registrado. <\/p>\n<p> <strong>Urura\u00ed<\/strong> <\/p>\n<p>         3 de 4&#013;Apreens\u00e3o de droga no bairro Urura\u00ed, em Campos \u2014 Foto: PM    <\/p>\n<p> Apreens\u00e3o de droga no bairro Urura\u00ed, em Campos \u2014 Foto: PM <\/p>\n<p> Ainda no s\u00e1bado, na rua Projetada, em Urura\u00ed, tr\u00eas homens fugiram ao ver os policiais entrando na comunidade, sendo um deles capturado ap\u00f3s cortar o p\u00e9 na fuga. Ele foi levado para o Hospital Ferreira Machado. <\/p>\n<p> Em busca no local onde os homens se encontravam, foram localizados 16 pinos de coca\u00edna. O material tamb\u00e9m foi levado \u00e0 134\u00aa DP, onde o suspeito foi autuado e ficou preso. <\/p>\n<p> <strong>Parque Aldeia<\/strong> <\/p>\n<p>         4 de 4&#013;Apreens\u00e3o ocorrida neste s\u00e1bado (26) no Parque Aldeia, em Campos \u2014 Foto: PM    <\/p>\n<p> Apreens\u00e3o ocorrida neste s\u00e1bado (26) no Parque Aldeia, em Campos \u2014 Foto: PM <\/p>\n<p> No Parque Aldeia, ainda no s\u00e1bado, durante patrulhamento, os policiais perceberam homens se dispersando ao ver os agentes. <\/p>\n<p> Ap\u00f3s buscas no local, pr\u00f3ximo \u00e0 lagoa, a PM conseguiu localizar drogas em uma sacola, contendo 62 pinos de coca\u00edna, 50 pedras de crack e 42 buchas de maconha. Os materiais tamb\u00e9m foram levados \u00c0 146\u00aa DP. <\/p>\n<ul>\n<li> <a href=\"https:\/\/g1.globo.com\/rj\/norte-fluminense\/cidade\/campos-dos-goytacazes\/\" class=\"entities__list-itemLink\" data-track-click=\"Campos dos Goytacazes\"> Campos dos Goytacazes <\/a> <\/li>\n<\/ul>\n","protected":false},"excerpt":{"rendered":"<p>Agentes da Pol\u00edcia Militar, em Campos dos Goytacazes, no Norte Fluminense, fizeram a apreens\u00e3o de drogas em diferentes pontos da cidade neste fim de semana. Parque Maciel 1 de 4&#013;Apreens\u00e3o ocorrida no Parque Maciel, em Campos, neste domingo (27) \u2014 Foto: PM Apreens\u00e3o ocorrida no Parque Maciel, em Campos, neste domingo (27) \u2014 Foto: PM [&hellip;]<\/p>\n","protected":false},"author":1,"featured_media":0,"comment_status":"closed","ping_status":"closed","sticky":false,"template":"","format":"standard","meta":{"footnotes":""},"categories":[],"tags":[],"class_list":["post-51879","post","type-post","status-publish","format-standard","hentry"],"_links":{"self":[{"href":"https:\/\/blog.corretoraideal.com.br\/index.php\/wp-json\/wp\/v2\/posts\/51879","targetHints":{"allow":["GET"]}}],"collection":[{"href":"https:\/\/blog.corretoraideal.com.br\/index.php\/wp-json\/wp\/v2\/posts"}],"about":[{"href":"https:\/\/blog.corretoraideal.com.br\/index.php\/wp-json\/wp\/v2\/types\/post"}],"author":[{"embeddable":true,"href":"https:\/\/blog.corretoraideal.com.br\/index.php\/wp-json\/wp\/v2\/users\/1"}],"replies":[{"embeddable":true,"href":"https:\/\/blog.corretoraideal.com.br\/index.php\/wp-json\/wp\/v2\/comments?post=51879"}],"version-history":[{"count":1,"href":"https:\/\/blog.corretoraideal.com.br\/index.php\/wp-json\/wp\/v2\/posts\/51879\/revisions"}],"predecessor-version":[{"id":51881,"href":"https:\/\/blog.corretoraideal.com.br\/index.php\/wp-json\/wp\/v2\/posts\/51879\/revisions\/51881"}],"wp:attachment":[{"href":"https:\/\/blog.corretoraideal.com.br\/index.php\/wp-json\/wp\/v2\/media?parent=51879"}],"wp:term":[{"taxonomy":"category","embeddable":true,"href":"https:\/\/blog.corretoraideal.com.br\/index.php\/wp-json\/wp\/v2\/categories?post=51879"},{"taxonomy":"post_tag","embeddable":true,"href":"https:\/\/blog.corretoraideal.com.br\/index.php\/wp-json\/wp\/v2\/tags?post=51879"}],"curies":[{"name":"wp","href":"https:\/\/api.w.org\/{rel}","templated":true}]}}