{"id":51894,"date":"2023-08-28T06:29:36","date_gmt":"2023-08-28T06:29:36","guid":{"rendered":"https:\/\/blog.corretoraideal.com.br\/?p=51894"},"modified":"2023-08-28T06:29:36","modified_gmt":"2023-08-28T06:29:36","slug":"homem-e-preso-com-armas-e-drogas-em-itaperuna-durante-operacao-policial-norte-fluminense-g1","status":"publish","type":"post","link":"https:\/\/blog.corretoraideal.com.br\/index.php\/2023\/08\/28\/homem-e-preso-com-armas-e-drogas-em-itaperuna-durante-operacao-policial-norte-fluminense-g1\/","title":{"rendered":"Homem \u00e9 preso com armas e drogas em Itaperuna durante opera\u00e7\u00e3o policial | Norte Fluminense | G1"},"content":{"rendered":"<p>      1 de 1&#013;Material apreendido durante a\u00e7\u00e3o em Itaperuna \u2014 Foto: Pol\u00edcia Civil\/Divulga\u00e7\u00e3o    <\/p>\n<p> Material apreendido durante a\u00e7\u00e3o em Itaperuna \u2014 Foto: Pol\u00edcia Civil\/Divulga\u00e7\u00e3o <\/p>\n<p> Um homem foi preso em flagrante com drogas e duas armas no bairro Surubi, em <a class href=\"https:\/\/g1.globo.com\/rj\/norte-fluminense\/cidade\/itaperuna\/\">Itaperuna<\/a>, no Noroeste Fluminense. <\/p>\n<p> Policiais civis da 143\u00aa delegacia da cidade e policiais militares do 29\u00ba Batalh\u00e3o cumpriram um mandado de busca e apreens\u00e3o na manh\u00e3 desta quinta-feira (17) na casa do suspeito. A a\u00e7\u00e3o fez parte da opera\u00e7\u00e3o &quot;Itaperuna Segura&quot;, que conta com o apoio tamb\u00e9m do Minist\u00e9rio P\u00fablico e Justi\u00e7a. <\/p>\n<p> &quot;Estamos direcionados nesta opera\u00e7\u00e3o Itaperuna Segura ao combate dos crimes relacionados ao tr\u00e1fico de drogas e homic\u00eddios ocorridos na cidade. O autor mant\u00e9m envolvimento com uma fac\u00e7\u00e3o criminosa no Bairro Surubi&quot;, explicou o delegado titular Dr. Filipi Poeys Lima, respons\u00e1vel pelas investiga\u00e7\u00f5es. <\/p>\n<p> Foram apreendidos na gaveta da c\u00f4moda e debaixo da mesa 12 muni\u00e7\u00f5es calibre 38 e R$ 59 em dinheiro, dois rev\u00f3lveres calibre 38, al\u00e9m de uma balan\u00e7a de precis\u00e3o em funcionamento e um r\u00e1dio comunicador port\u00e1til. Em cima da c\u00f4moda foram localizados dois telefones celulares. As drogas apreendidas totalizaram 93 gramas de coca\u00edna e 91g de maconha. <\/p>\n<p> O suspeito foi levado para a delegacia e ser\u00e1 encaminhado ao pres\u00eddio de Campos dos Goytacazes, no Norte Fluminense, onde aguardar\u00e1 a audi\u00eancia de cust\u00f3dia que \u00e9 o momento em que o juiz verifica a legalidade da pris\u00e3o. <\/p>\n<p> A Pol\u00edcia Civil solicita a colabora\u00e7\u00e3o da popula\u00e7\u00e3o, mediante sigilo e anonimato garantidos, com informa\u00e7\u00f5es sobre crimes ou foragidos pelo Disque Den\u00fancia, pelos whatsapps da 143\u00aa DP (22) 98831-8027 ou (22) 3822-7700. <\/p>\n<ul>\n<li> <a href=\"https:\/\/g1.globo.com\/rj\/norte-fluminense\/cidade\/itaperuna\/\" class=\"entities__list-itemLink\" data-track-click=\"Itaperuna\"> Itaperuna <\/a> <\/li>\n<\/ul>\n","protected":false},"excerpt":{"rendered":"<p>1 de 1&#013;Material apreendido durante a\u00e7\u00e3o em Itaperuna \u2014 Foto: Pol\u00edcia Civil\/Divulga\u00e7\u00e3o Material apreendido durante a\u00e7\u00e3o em Itaperuna \u2014 Foto: Pol\u00edcia Civil\/Divulga\u00e7\u00e3o Um homem foi preso em flagrante com drogas e duas armas no bairro Surubi, em Itaperuna, no Noroeste Fluminense. Policiais civis da 143\u00aa delegacia da cidade e policiais militares do 29\u00ba Batalh\u00e3o cumpriram [&hellip;]<\/p>\n","protected":false},"author":1,"featured_media":0,"comment_status":"closed","ping_status":"closed","sticky":false,"template":"","format":"standard","meta":{"footnotes":""},"categories":[],"tags":[],"class_list":["post-51894","post","type-post","status-publish","format-standard","hentry"],"_links":{"self":[{"href":"https:\/\/blog.corretoraideal.com.br\/index.php\/wp-json\/wp\/v2\/posts\/51894","targetHints":{"allow":["GET"]}}],"collection":[{"href":"https:\/\/blog.corretoraideal.com.br\/index.php\/wp-json\/wp\/v2\/posts"}],"about":[{"href":"https:\/\/blog.corretoraideal.com.br\/index.php\/wp-json\/wp\/v2\/types\/post"}],"author":[{"embeddable":true,"href":"https:\/\/blog.corretoraideal.com.br\/index.php\/wp-json\/wp\/v2\/users\/1"}],"replies":[{"embeddable":true,"href":"https:\/\/blog.corretoraideal.com.br\/index.php\/wp-json\/wp\/v2\/comments?post=51894"}],"version-history":[{"count":1,"href":"https:\/\/blog.corretoraideal.com.br\/index.php\/wp-json\/wp\/v2\/posts\/51894\/revisions"}],"predecessor-version":[{"id":51896,"href":"https:\/\/blog.corretoraideal.com.br\/index.php\/wp-json\/wp\/v2\/posts\/51894\/revisions\/51896"}],"wp:attachment":[{"href":"https:\/\/blog.corretoraideal.com.br\/index.php\/wp-json\/wp\/v2\/media?parent=51894"}],"wp:term":[{"taxonomy":"category","embeddable":true,"href":"https:\/\/blog.corretoraideal.com.br\/index.php\/wp-json\/wp\/v2\/categories?post=51894"},{"taxonomy":"post_tag","embeddable":true,"href":"https:\/\/blog.corretoraideal.com.br\/index.php\/wp-json\/wp\/v2\/tags?post=51894"}],"curies":[{"name":"wp","href":"https:\/\/api.w.org\/{rel}","templated":true}]}}