{"id":51897,"date":"2023-08-28T07:36:27","date_gmt":"2023-08-28T07:36:27","guid":{"rendered":"https:\/\/blog.corretoraideal.com.br\/?p=51897"},"modified":"2023-08-28T07:36:27","modified_gmt":"2023-08-28T07:36:27","slug":"conheca-machu-picchu-simbolo-do-peru-e-uma-das-7-maravilhas-do-mundo-destino-e-muito-procurado-por-brasileiros-profissao-reporter-g1","status":"publish","type":"post","link":"https:\/\/blog.corretoraideal.com.br\/index.php\/2023\/08\/28\/conheca-machu-picchu-simbolo-do-peru-e-uma-das-7-maravilhas-do-mundo-destino-e-muito-procurado-por-brasileiros-profissao-reporter-g1\/","title":{"rendered":"Conhe\u00e7a Machu Picchu, s\u00edmbolo do Peru e uma das 7 maravilhas do mundo; destino \u00e9 muito procurado por brasileiros | Profiss\u00e3o Rep\u00f3rter | G1"},"content":{"rendered":"<p>                <img loading=\"lazy\" decoding=\"async\" class=\"aligncenter size-full wp-image-51899\" src=\"https:\/\/blog.corretoraideal.com.br\/wp-content\/uploads\/2023\/08\/profissao-reporter-visita-machu-picchu-no-peru.jpeg\" alt=\"Profiss\u00e3o Rep\u00f3rter visita Machu Picchu, no Peru\" width=\"800\" height=\"400\" \/>      <\/p>\n<p> Profiss\u00e3o Rep\u00f3rter visita Machu Picchu, no Peru <\/p>\n<p> Depois de cinco dias e mais de 120 horas na <a class href=\"https:\/\/g1.globo.com\/profissao-reporter\/noticia\/2023\/08\/09\/maior-viagem-de-onibus-do-mundo-dura-seis-dias-e-percorre-mais-de-seis-mil-quilometros-os-detalhes-da-rota-que-sai-do-rio-e-vai-ate-o-peru.ghtml\">viagem de \u00f4nibus mais longa do mundo,<\/a> o <a class href=\"https:\/\/g1.globo.com\/profissao-reporter\/\">Profiss\u00e3o Rep\u00f3rter<\/a> chegou na<a class href=\"https:\/\/g1.globo.com\/profissao-reporter\/noticia\/2023\/08\/07\/profissao-reporter-visita-machu-picchu-no-peru.ghtml\"> <\/a>cidade sagrada do Machu Picchu, <a class href=\"https:\/\/g1.globo.com\/profissao-reporter\/noticia\/2023\/08\/07\/profissao-reporter-visita-machu-picchu-no-peru.ghtml\">principal ponto tur\u00edstico do Peru e uma das 7 maravilhas do mundo. <\/a> <\/p>\n<p> A cerca de 100 quil\u00f4metros de <a class href=\"http:\/\/g1.globo.com\/mundo\/peru\/cidade\/cusco.html\">Cusco<\/a>, os incas constru\u00edram a cidade sagrada em meio a cordilheira dos Andes. Ela est\u00e1 a 2.340 metros acima do n\u00edvel do mar, e \u00e9 rodeada de montanhas. <\/p>\n<p> \u00c9 uma cidade que foi constru\u00edda no s\u00e9culo XV, durou cerca de 100 anos e, pouco antes da invas\u00e3o dos espanh\u00f3is, os incas destru\u00edram todas as trilhas que levavam at\u00e9 ela. Por isso, o local continua muito bem conservado. <\/p>\n<p> Os incas desenvolveram sistemas matem\u00e1ticos, engenharias agr\u00edcolas e inova\u00e7\u00f5es na arquitetura \u2013 tudo isso h\u00e1 mais de 600 anos. Em Machu Picchu, \u00e9 poss\u00edvel ver o encaixe perfeito das pedras, que os incas usavam para construir os templos sagrados.  <\/p>\n<p>         1 de 2&#013;Em Machu Picchu, \u00e9 poss\u00edvel ver o encaixe perfeito das pedras \u2014 Foto: Reprodu\u00e7\u00e3o\/ TV Globo    <\/p>\n<p> Em Machu Picchu, \u00e9 poss\u00edvel ver o encaixe perfeito das pedras \u2014 Foto: Reprodu\u00e7\u00e3o\/ TV Globo <\/p>\n<p>\u201cMachu Picchu para os incas, para a sociedade quechua, foi um lugar de aprendizagem, foi um lugar muito religioso, um lugar de adora\u00e7\u00e3o para Pachamama (m\u00e3e terra), e Deus Sol\u201d, relata Richard \u00c1lvarez, guia de turismo. <\/p>\n<p> <strong>LEIA TAMB\u00c9M:<\/strong> <\/p>\n<ul>\n<li><a class href=\"https:\/\/g1.globo.com\/profissao-reporter\/noticia\/2023\/08\/09\/maior-viagem-de-onibus-do-mundo-dura-seis-dias-e-percorre-mais-de-seis-mil-quilometros-os-detalhes-da-rota-que-sai-do-rio-e-vai-ate-o-peru.ghtml\">Maior viagem de \u00f4nibus do mundo dura seis dias e percorre mais de seis mil quil\u00f4metros: os detalhes da rota que sai do Rio e vai at\u00e9 o Peru<\/a><\/li>\n<li><a class href=\"https:\/\/g1.globo.com\/profissao-reporter\/noticia\/2023\/08\/10\/passageiros-da-viagem-de-onibus-mais-longa-do-mundo-enfrentam-falta-de-banho-e-improvisam-famoso-banho-de-gato.ghtml\">Passageiros enfrentam falta de banho e improvisam: \u2018Famoso banho de gato\u2019<\/a><\/li>\n<\/ul>\n<p>                   <img loading=\"lazy\" decoding=\"async\" class=\"aligncenter size-full wp-image-51900\" src=\"https:\/\/blog.corretoraideal.com.br\/wp-content\/uploads\/2023\/08\/simbolo-do-peru-machu-picchu-ainda-e-destino-muito-procurado-por-brasileiros-veja-alguns-depoimentos.jpeg\" alt=\"S\u00edmbolo do Peru, Machu Picchu ainda \u00e9 destino muito procurado por brasileiros; veja alguns depoimentos\" width=\"800\" height=\"400\" \/>      <\/p>\n<p> S\u00edmbolo do Peru, Machu Picchu ainda \u00e9 destino muito procurado por brasileiros; veja alguns depoimentos <\/p>\n<p> Conhecer o local \u00e9 o maior sonho de alguns dos passageiros da viagem, como a psic\u00f3loga Maria dos Prazeres de Aquino. <\/p>\n<p> Ela e o marido, Jos\u00e9 Marcos, fizeram a longa viagem para comemorar 50 anos de casamento. <\/p>\n<p>&quot;Finalmente vou realizar meu sonho de juventude. Eu tenho 73 anos e finalmente vou realizar um sonho. (&#8230;) fazer a trilha para o Machu Picchu. A Trilha Inca de quatro dias, se Deus quiser&quot;, diz a psic\u00f3loga Maria dos Prazeres de Aquino. <\/p>\n<p> &quot;Machu Picchu \u00e9 a marca do Peru&quot;, afirma Ramon Santos, professor de qu\u00edmica, que viaja com a esposa. <\/p>\n<p> Alberto Luduvice tamb\u00e9m \u00e9 outro brasileiro que sempre sonhou com a viagem &#8211; que fez acompanhado do filho. Em busca de reaproxima\u00e7\u00e3o, Alberto levou Arthur, de 11 anos, e os dois encararam juntos uma trilha desafiadora na cidade. <\/p>\n<p>&quot;A minha maior vontade [de conhecer] \u00e9 o Machu Picchu&quot;, conta o policial civil.<\/p>\n<p>         2 de 2&#013;Alberto Luduvice e o filho Arthur, no Peru. \u2014 Foto: Reprodu\u00e7\u00e3o\/Profiss\u00e3o Rep\u00f3rter    <\/p>\n<p> Alberto Luduvice e o filho Arthur, no Peru. \u2014 Foto: Reprodu\u00e7\u00e3o\/Profiss\u00e3o Rep\u00f3rter <\/p>\n<p> O passeio teve alguns desafios em considera\u00e7\u00e3o \u00e0 altitude das montanhas, o que provoca falta de ar, tonturas e enjoos.  <\/p>\n<p>\u201cA trilha \u00e9 uma trilha de 6km, andamos 1km e meio apenas. Muito cansado, muita falta de ar, mas muito ansioso para ver como \u00e9 l\u00e1 em cima nas montanhas\u201d, disse Alberto. <\/p>\n<p> Essa foi a primeira vez que eles viajaram juntos sozinhos por tanto tempo. H\u00e1 um ano, Alberto se separou da m\u00e3e do Arthur e eles s\u00f3 se vem de 15 em 15 dias. <\/p>\n<p>\u201cDe 15 em 15 dias eu vou, \u00e9 como se eu retorno e s\u00f3 voltasse com a metade do meu cora\u00e7\u00e3o. Eu amo meu filho, est\u00e1 sendo uma das coisas mais emocionantes que eu j\u00e1 fiz em toda a minha vida.\u201d, relatou o pai. <\/p>\n<p><h2><strong>Veja a \u00edntegra do Profiss\u00e3o Rep\u00f3rter abaixo:<\/strong><\/h2>\n<\/p>\n<p>                   <img loading=\"lazy\" decoding=\"async\" class=\"aligncenter size-full wp-image-51901\" src=\"https:\/\/blog.corretoraideal.com.br\/wp-content\/uploads\/2023\/08\/edicao-de-08-08-2023-1.jpeg\" alt=\"Edi\u00e7\u00e3o de 08\/08\/2023\" width=\"800\" height=\"400\" \/>      <\/p>\n<p> Edi\u00e7\u00e3o de 08\/08\/2023 <\/p>\n<ul>\n<li> <a href=\"https:\/\/g1.globo.com\/mundo\/peru\/cidade\/cusco.html\" class=\"entities__list-itemLink\" data-track-click=\"Cusco\"> Cusco <\/a> <\/li>\n<li> <a href=\"https:\/\/g1.globo.com\/mundo\/peru\/cidade\/lima.html\" class=\"entities__list-itemLink\" data-track-click=\"Lima\"> Lima <\/a> <\/li>\n<\/ul>\n","protected":false},"excerpt":{"rendered":"<p>Profiss\u00e3o Rep\u00f3rter visita Machu Picchu, no Peru Depois de cinco dias e mais de 120 horas na viagem de \u00f4nibus mais longa do mundo, o Profiss\u00e3o Rep\u00f3rter chegou na cidade sagrada do Machu Picchu, principal ponto tur\u00edstico do Peru e uma das 7 maravilhas do mundo. A cerca de 100 quil\u00f4metros de Cusco, os incas [&hellip;]<\/p>\n","protected":false},"author":1,"featured_media":0,"comment_status":"closed","ping_status":"closed","sticky":false,"template":"","format":"standard","meta":{"footnotes":""},"categories":[],"tags":[],"class_list":["post-51897","post","type-post","status-publish","format-standard","hentry"],"_links":{"self":[{"href":"https:\/\/blog.corretoraideal.com.br\/index.php\/wp-json\/wp\/v2\/posts\/51897","targetHints":{"allow":["GET"]}}],"collection":[{"href":"https:\/\/blog.corretoraideal.com.br\/index.php\/wp-json\/wp\/v2\/posts"}],"about":[{"href":"https:\/\/blog.corretoraideal.com.br\/index.php\/wp-json\/wp\/v2\/types\/post"}],"author":[{"embeddable":true,"href":"https:\/\/blog.corretoraideal.com.br\/index.php\/wp-json\/wp\/v2\/users\/1"}],"replies":[{"embeddable":true,"href":"https:\/\/blog.corretoraideal.com.br\/index.php\/wp-json\/wp\/v2\/comments?post=51897"}],"version-history":[{"count":1,"href":"https:\/\/blog.corretoraideal.com.br\/index.php\/wp-json\/wp\/v2\/posts\/51897\/revisions"}],"predecessor-version":[{"id":51902,"href":"https:\/\/blog.corretoraideal.com.br\/index.php\/wp-json\/wp\/v2\/posts\/51897\/revisions\/51902"}],"wp:attachment":[{"href":"https:\/\/blog.corretoraideal.com.br\/index.php\/wp-json\/wp\/v2\/media?parent=51897"}],"wp:term":[{"taxonomy":"category","embeddable":true,"href":"https:\/\/blog.corretoraideal.com.br\/index.php\/wp-json\/wp\/v2\/categories?post=51897"},{"taxonomy":"post_tag","embeddable":true,"href":"https:\/\/blog.corretoraideal.com.br\/index.php\/wp-json\/wp\/v2\/tags?post=51897"}],"curies":[{"name":"wp","href":"https:\/\/api.w.org\/{rel}","templated":true}]}}