{"id":51903,"date":"2023-08-28T08:32:42","date_gmt":"2023-08-28T08:32:42","guid":{"rendered":"https:\/\/blog.corretoraideal.com.br\/?p=51903"},"modified":"2023-08-28T08:32:42","modified_gmt":"2023-08-28T08:32:42","slug":"es-tem-mais-de-39-mil-vagas-de-emprego-para-todos-os-niveis-de-escolaridade-saiba-como-se-candidatar-concursos-e-emprego-g1","status":"publish","type":"post","link":"https:\/\/blog.corretoraideal.com.br\/index.php\/2023\/08\/28\/es-tem-mais-de-39-mil-vagas-de-emprego-para-todos-os-niveis-de-escolaridade-saiba-como-se-candidatar-concursos-e-emprego-g1\/","title":{"rendered":"ES tem mais de 3,9 mil vagas de emprego para todos os n\u00edveis de escolaridade; saiba como se candidatar | Concursos e Emprego | G1"},"content":{"rendered":"<p>      1 de 3&#013;Carteiras de Trabalho \u2014 Foto: Reprodu\u00e7\u00e3o    <\/p>\n<p> Carteiras de Trabalho \u2014 Foto: Reprodu\u00e7\u00e3o <\/p>\n<p> O Esp\u00edrito Santo tem cerca de 3.970 vagas de emprego dispon\u00edveis nos \u00f3rg\u00e3os estaduais de intermedia\u00e7\u00e3o de m\u00e3o de obra de 12 munic\u00edpios e tamb\u00e9m na Ag\u00eancia do Trabalhador de <a class href=\"https:\/\/g1.globo.com\/es\/espirito-santo\/cidade\/cariacica\/\">Cariacica<\/a>, na Grande <a class href=\"https:\/\/g1.globo.com\/es\/espirito-santo\/cidade\/vitoria\/\">Vit\u00f3ria<\/a>. As vagas que est\u00e3o dispon\u00edveis nesta segunda-feira (28) s\u00e3o destinadas para todos os n\u00edveis de escolaridades, at\u00e9 para quem n\u00e3o tem experi\u00eancia, e h\u00e1 chances para pessoas com defici\u00eancia. <\/p>\n<ul>\n<li><a class href=\"https:\/\/api.whatsapp.com\/send?text=https:\/\/g1.globo.com\/es\/espirito-santo\/concursos-e-emprego\/noticia\/2023\/08\/28\/es-tem-mais-de-39-mil-vagas-de-emprego-para-todos-os-niveis-de-escolaridade-saiba-como-se-candidatar.ghtml?utm_source%3Dwhatsapp%26utm_medium%3Dshare-engagement%26utm_campaign%3Dte-materias\" target=\"_blank\" rel=\"noopener noreferrer\"><strong>Compartilhe no WhatsApp<\/strong><\/a><\/li>\n<li><a class href=\"https:\/\/telegram.me\/share\/url?url=https:\/\/g1.globo.com\/es\/espirito-santo\/concursos-e-emprego\/noticia\/2023\/08\/28\/es-tem-mais-de-39-mil-vagas-de-emprego-para-todos-os-niveis-de-escolaridade-saiba-como-se-candidatar.ghtml?utm_source%3Dtelegram%26utm_medium%3Dshare-engagement%26utm_campaign%3Dte-materias\" target=\"_blank\" rel=\"noopener noreferrer\"><strong>Compartilhe no Telegram<\/strong><\/a><\/li>\n<\/ul>\n<p> As oportunidades s\u00e3o destinadas para todos os n\u00edveis de escolaridades, at\u00e9 para quem n\u00e3o tem experi\u00eancia, e h\u00e1 chances para pessoas com defici\u00eancia. <\/p>\n<p> Nessa mat\u00e9ria voc\u00ea vai encontrar: <\/p>\n<ul>\n<li><a class href=\"https:\/\/g1.globo.com\/es\/espirito-santo\/concursos-e-emprego\/noticia\/2023\/08\/28\/es-tem-mais-de-39-mil-vagas-de-emprego-para-todos-os-niveis-de-escolaridade-saiba-como-se-candidatar.ghtml#1\">Vagas para Cariacica <\/a><\/li>\n<li><a class href=\"https:\/\/g1.globo.com\/es\/espirito-santo\/concursos-e-emprego\/noticia\/2023\/08\/28\/es-tem-mais-de-39-mil-vagas-de-emprego-para-todos-os-niveis-de-escolaridade-saiba-como-se-candidatar.ghtml#2\">Vagas para Vit\u00f3ria <\/a><\/li>\n<li><a class href=\"https:\/\/g1.globo.com\/es\/espirito-santo\/concursos-e-emprego\/noticia\/2023\/08\/28\/es-tem-mais-de-39-mil-vagas-de-emprego-para-todos-os-niveis-de-escolaridade-saiba-como-se-candidatar.ghtml#3\">Vagas para Vila Velha <\/a><\/li>\n<li><a class href=\"https:\/\/g1.globo.com\/es\/espirito-santo\/concursos-e-emprego\/noticia\/2023\/08\/28\/es-tem-mais-de-39-mil-vagas-de-emprego-para-todos-os-niveis-de-escolaridade-saiba-como-se-candidatar.ghtml#4\">Vagas para Serra <\/a><\/li>\n<li><a class href=\"https:\/\/g1.globo.com\/es\/espirito-santo\/concursos-e-emprego\/noticia\/2023\/08\/28\/es-tem-mais-de-39-mil-vagas-de-emprego-para-todos-os-niveis-de-escolaridade-saiba-como-se-candidatar.ghtml#5\">Vagas para Aracruz<\/a><\/li>\n<li><a class href=\"https:\/\/g1.globo.com\/es\/espirito-santo\/concursos-e-emprego\/noticia\/2023\/08\/28\/es-tem-mais-de-39-mil-vagas-de-emprego-para-todos-os-niveis-de-escolaridade-saiba-como-se-candidatar.ghtml#6\">Vagas para Anchieta<\/a><\/li>\n<li><a class href=\"https:\/\/g1.globo.com\/es\/espirito-santo\/concursos-e-emprego\/noticia\/2023\/08\/28\/es-tem-mais-de-39-mil-vagas-de-emprego-para-todos-os-niveis-de-escolaridade-saiba-como-se-candidatar.ghtml#7\">Vagas para Barra de S\u00e3o Francisco<\/a><\/li>\n<li><a class href=\"https:\/\/g1.globo.com\/es\/espirito-santo\/concursos-e-emprego\/noticia\/2023\/08\/28\/es-tem-mais-de-39-mil-vagas-de-emprego-para-todos-os-niveis-de-escolaridade-saiba-como-se-candidatar.ghtml#8\">Vagas para Cachoeiro de Itapemirim <\/a><\/li>\n<li><a class href=\"https:\/\/g1.globo.com\/es\/espirito-santo\/concursos-e-emprego\/noticia\/2023\/08\/28\/es-tem-mais-de-39-mil-vagas-de-emprego-para-todos-os-niveis-de-escolaridade-saiba-como-se-candidatar.ghtml#9\">Vagas para Colatina<\/a><\/li>\n<li><a class href=\"https:\/\/g1.globo.com\/es\/espirito-santo\/concursos-e-emprego\/noticia\/2023\/08\/28\/es-tem-mais-de-39-mil-vagas-de-emprego-para-todos-os-niveis-de-escolaridade-saiba-como-se-candidatar.ghtml#9\">Vagas para S\u00e3o Mateus <\/a><\/li>\n<li><a class href=\"https:\/\/g1.globo.com\/es\/espirito-santo\/concursos-e-emprego\/noticia\/2023\/08\/28\/es-tem-mais-de-39-mil-vagas-de-emprego-para-todos-os-niveis-de-escolaridade-saiba-como-se-candidatar.ghtml#10\">Vagas para Linhares <\/a><\/li>\n<li><a class href=\"https:\/\/g1.globo.com\/es\/espirito-santo\/concursos-e-emprego\/noticia\/2023\/08\/28\/es-tem-mais-de-39-mil-vagas-de-emprego-para-todos-os-niveis-de-escolaridade-saiba-como-se-candidatar.ghtml#11\">Vagas para Nova Ven\u00e9cia<\/a><\/li>\n<\/ul>\n<p> Para se candidatar, o trabalhador deve procurar uma das unidades do Sine presencialmente. Em algumas cidades, as inscri\u00e7\u00f5es s\u00e3o on-line <strong>(confira abaixo como se inscrever)<\/strong>. <\/p>\n<p> Entre as oportunidades h\u00e1 vagas para jardineiro, vendedor, balconista, pintor automotivo, ajudante de armaz\u00e9m, pedreiro, porteiro, atendente j\u00fanior, padeiro, motorista, t\u00e9cnico de inform\u00e1tica, auxiliar de marketing, soldador caldeireiro, operador de log\u00edstica, saladeira, cozinheira, vidraceiro, entre outras. entre outras <\/p>\n<p> Para PcD, as oportunidades s\u00e3os para pedreiro oficial, meio oficial, assistente administrativo, atendente, auxiliar der a\u00e7ougueiro, balconista de perec\u00edveis, operador de caixa, repositor de mercearia, perfumista, cabeleireiro, maquiador, entre outras. <\/p>\n<p> Na Grande Vit\u00f3ria, as vagas est\u00e3o no Sine de <a class href=\"https:\/\/g1.globo.com\/es\/espirito-santo\/cidade\/vila-velha\/\">Vila Velha<\/a> (258), em Vit\u00f3ria (257), no da <a class href=\"https:\/\/g1.globo.com\/es\/espirito-santo\/cidade\/serra\/\">Serra<\/a> (972) e no de Cariacica (466). Tamb\u00e9m h\u00e1 oportunidades na Ag\u00eancia do Trabalhador de Cariacica (558). <\/p>\n<p> No interior, os candidatos podem procurar a unidade de <a class href=\"https:\/\/g1.globo.com\/es\/espirito-santo\/cidade\/anchieta-es\/\">Anchieta<\/a> (74), <a class href=\"https:\/\/g1.globo.com\/es\/espirito-santo\/cidade\/aracruz\/\">Aracruz<\/a> (256), <a class href=\"https:\/\/g1.globo.com\/es\/espirito-santo\/cidade\/cachoeiro-de-itapemirim\/\">Cachoeiro de Itapemirim<\/a>(223), <a class href=\"https:\/\/g1.globo.com\/es\/espirito-santo\/cidade\/colatina\/\">Colatina<\/a> (102), <a class href=\"https:\/\/g1.globo.com\/es\/espirito-santo\/cidade\/nova-venecia\/\">Nova Ven\u00e9cia<\/a> (39), <a class href=\"https:\/\/g1.globo.com\/es\/espirito-santo\/cidade\/linhares\/\">Linhares<\/a> (497), <a class href=\"https:\/\/g1.globo.com\/es\/espirito-santo\/cidade\/barra-de-sao-francisco\/\">Barra de S\u00e3o Francisco<\/a> (71) e <a class href=\"https:\/\/g1.globo.com\/es\/espirito-santo\/cidade\/sao-mateus\/\">S\u00e3o Mateus<\/a> (197) . <\/p>\n<p>         2 de 3&#013;Carteira de Trabalho \u2014 Foto: Reprodu\u00e7\u00e3o    <\/p>\n<p> Carteira de Trabalho \u2014 Foto: Reprodu\u00e7\u00e3o <\/p>\n<p>Veja as oportunidades<\/p>\n<p><h2>Ag\u00eancia do Trabalhador de Cariacica: 558<\/h2>\n<\/p>\n<ul>\n<li><strong>Como se candidatar:<\/strong> os interessados devem preencher o formul\u00e1rio e encaminh\u00e1-lo para o e-mail empregos@cariacica.es.gov.br, colocando no campo assunto o c\u00f3digo da vaga e a fun\u00e7\u00e3o.<\/li>\n<li><strong>Oportunidades:<\/strong> do total de chances, 67 s\u00e3o para pessoa com defici\u00eancia. Entre as oportunidades h\u00e1 vagas para balconista, pintor automotivo, vendedor, ajudante de armaz\u00e9m, jardineiro, pedreiro, porteiro, encarregado de log\u00edstica, auxiliar de marketing, vendedor externo, comprador de recicl\u00e1veis, entre outras.<\/li>\n<\/ul>\n<p><h2>Sine de Cariacica: 466<\/h2>\n<\/p>\n<ul>\n<li>Como se candidatar: o trabalhador deve procurar o Sine do munic\u00edpio que funciona no Fa\u00e7a F\u00e1cil, Av. Aloizio Santos, 500, Santo Andr\u00e9, Cariacica.<\/li>\n<li>Oportunidades: h\u00e1 oportunidades para engenheiro civil, caixa de com\u00e9rcio, t\u00e9cnico em seguran\u00e7a do trabalho entre outras. <\/li>\n<\/ul>\n<p><h2>Sine de Vit\u00f3ria: 257<\/h2>\n<\/p>\n<ul>\n<li><strong>Como se candidatar:<\/strong> os interessados devem procurar a ag\u00eancia que funciona na Casa do Cidad\u00e3o, Avenida Maru\u00edpe, 2.544, Itarar\u00e9, das 8 \u00e0s 17h.<\/li>\n<li><strong>Oportunidades:<\/strong> h\u00e1 vagas para auxiliar administrativo, analista fiscal, balconista, entre outras. <\/li>\n<\/ul>\n<p><h2>Sine de Vila Velha: 258<\/h2>\n<\/p>\n<ul>\n<li><strong>Como se candidatar: <\/strong>os interessados devem fazer o agendamento no site da prefeitura. O atendimento ocorre na sede do Sine, que funciona na Vila do Empreendedor, no subsolo do Boulevard Shopping.<\/li>\n<li><strong>Oportunidade<\/strong>: h\u00e1 vagas para cabelereiro, bombeiro hidr\u00e1ulico, atendente de mesa, entre outras. <\/li>\n<\/ul>\n<p><h2>Sine da Serra: 972<\/h2>\n<\/p>\n<ul>\n<li><strong>Como se candidatar:<\/strong> os interessados devem comparecer na ag\u00eancia, localizada no bairro Portal de Jacara\u00edpe, no Pr\u00f3-cidad\u00e3o, das 8 \u00e0s 17 horas.<\/li>\n<li><strong>Oportunidades:<\/strong> h\u00e1 vagas para t\u00e9cnico de seguran\u00e7a do trabalho, auxiliar de produ\u00e7\u00e3o, analista de sistemas, entre outras.<\/li>\n<\/ul>\n<p>         3 de 3&#013;Sine de Vila Velha \u2014 Foto: Reprodu\u00e7\u00e3o\/TV Gazeta    <\/p>\n<p> Sine de Vila Velha \u2014 Foto: Reprodu\u00e7\u00e3o\/TV Gazeta <\/p>\n<p><h2>Sine de Aracruz: 256<\/h2>\n<\/p>\n<ul>\n<li><strong>Como se candidatar:<\/strong> o atendimento aos candidatos ocorre no <a class href=\"https:\/\/setades.es.gov.br\/Media\/Seadh\/Vagas%20de%20Emprego\/VAGAS%20SINE%20ARACRUZ%2028-8.pdf\" target=\"_blank\" rel=\"noopener noreferrer\">Sine da cidade,<\/a> localizado na rua Alegria 795, Bairro Polivalente, das 8 \u00e0s 17 horas.<\/li>\n<li><strong>Oportunidade<\/strong>: h\u00e1 vagas para cuidadora, empregada dom\u00e9stica, nutricionista, motoboy, entre outras. <\/li>\n<\/ul>\n<p><h2>Sine de Anchieta: 74<\/h2>\n<\/p>\n<ul>\n<li><strong>Como se candidatar:<\/strong> o atendimento aos candidatos ocorre no<a class href=\"https:\/\/setades.es.gov.br\/Media\/Seadh\/Vagas%20de%20Emprego\/VAGAS%20SINE%20ANCHIETA%2030-5.pdf\" target=\"_blank\" rel=\"noopener noreferrer\"> Sine da cidade<\/a>, localizado dentro da Casa do Cidad\u00e3o, na avenida Marechal Deodoro da Fonseca, 767, no Centro.<\/li>\n<li><strong>Oportunidade:<\/strong> h\u00e1 vagas para monitor n\u00edvel superior, soldador, t\u00e9cnico de seguran\u00e7a do trabalho, entre outras.<\/li>\n<\/ul>\n<p><h2>Barra de S\u00e3o Francisco: 71<\/h2>\n<\/p>\n<ul>\n<li><strong>Como se candidatar:<\/strong> o atendimento aos candidatos ocorre Sine da cidade, localizado na rua Juiz Thaurion Pimentel (subida para a sede do 11\u00ba BPM), 237, quase na esquina com a avenida Adelino Coimbra (beira do rio Ita\u00fanas)<\/li>\n<li><strong>Oportunidades:<\/strong> h\u00e1 vagas para auxiliar de produ\u00e7\u00e3o, vendedor, t\u00e9cnico de inform\u00e1tica, entre outras. <\/li>\n<\/ul>\n<p><h2>Sine de Cachoeiro de Itapemirim: 223<\/h2>\n<\/p>\n<ul>\n<li><strong>Como se candidatar: <\/strong>o atendimento aos candidatos ocorre <a class href=\"https:\/\/setades.es.gov.br\/Media\/Seadh\/Vagas%20de%20Emprego\/VAGAS%20SINE%20CACHOEIRO%2029-4.pdf\" target=\"_blank\" rel=\"noopener noreferrer\">Sine da cidade<\/a>, localizado na rua Costa Pereira, 100, Sumar\u00e9, das 8h \u00e0s 17h. <\/li>\n<li><strong>Oportunidades:<\/strong> h\u00e1 vagas para enfermeiro, jardineiro, pedreiro, acabador, entre outras.<\/li>\n<\/ul>\n<p><h2>Colatina: 102<\/h2>\n<\/p>\n<ul>\n<li><strong>Como se candidatar:<\/strong> o atendimento \u00e9 on-line e os candidatos devem enviar o curr\u00edculo e n\u00famero do PIS e do CPF para o e-mail curriculo: colatina@sine.es.gov.br.<\/li>\n<li><strong>Oportunidades:<\/strong> h\u00e1 vagas para operador de telemarketing, t\u00e9cnico de edifica\u00e7\u00f5es, servente, frentista, costureira, cozinheira, entre outras. Todas as vagas podem ser visualizadas aqui.<\/li>\n<\/ul>\n<p><h2>S\u00e3o Mateus: 197<\/h2>\n<\/p>\n<ul>\n<li><strong>Como se candidatar:<\/strong> o atendimento ocorre na <a class href=\"https:\/\/setades.es.gov.br\/Media\/Seadh\/Vagas%20de%20Emprego\/VAGAS%20SINE%20S%C3%83O%20MATEUS%2007.pdf\" target=\"_blank\" rel=\"noopener noreferrer\">ag\u00eancia da cidade<\/a>, das 8 \u00e0s 17 horas, na rua Alberto Sart\u00f3rio, n\u00ba 404, no bairro Carapina.<\/li>\n<li><strong>Oportunidades:<\/strong> h\u00e1 vagas para cozinheiro, bab\u00e1, borracheiro, auxiliar administrativo, entre outras. <\/li>\n<\/ul>\n<p><h2><strong>Linhares: 457<\/strong><\/h2>\n<\/p>\n<ul>\n<li><strong>Como se candidatar:<\/strong> os interessados devem procurar a <a class href=\"https:\/\/setades.es.gov.br\/Media\/Seadh\/Vagas%20de%20Emprego\/VAGAS%20SINE%20LINHARES%2007-1.pdf\" target=\"_blank\" rel=\"noopener noreferrer\">ag\u00eancia do munic\u00edpio<\/a>, das 8 \u00e0s 13 horas, localizada na Av. Governador Carlos Lindenberg, 660, Centro.<\/li>\n<li><strong>Oportunidades:<\/strong> h\u00e1 vagas para engenheiro agr\u00f4nomo, assistente de RH, embalador, auxiliar de produ\u00e7\u00e3o, entre outros. <\/li>\n<\/ul>\n<p><h2>Nova Ven\u00e9cia: 39<\/h2>\n<\/p>\n<ul>\n<li><strong>Como se candidatar<\/strong>: os interessados devem procurar a ag\u00eancia do munic\u00edpio, localizado na Pra\u00e7a Theodosia da Cunha Neves, 15 &#8211; Centro. <\/li>\n<li><strong>Oportunidades:<\/strong> h\u00e1 vagas para apontador, pedreiro, carpinteiro, repositor de armaz\u00e9m, entre outras. <\/li>\n<\/ul>\n<p><h2>V\u00cdDEOS: tudo sobre o Esp\u00edrito Santo<\/h2>\n<\/p>\n<p>   <a href=\"https:\/\/g1.globo.com\/es\/espirito-santo\/edicao\/2021\/01\/29\/videos-tudo-sobre-o-es.ghtml\">    50 v\u00eddeos      <\/a>       <\/p>\n<ul>\n<li><a class href=\"http:\/\/g1.globo.com\/es\/espirito-santo\/ultimas-noticias\/\"><strong>Veja o plant\u00e3o de \u00faltimas not\u00edcias do g1 Esp\u00edrito Santo<\/strong><\/a><\/li>\n<\/ul>\n<ul>\n<li> <a href=\"https:\/\/g1.globo.com\/es\/espirito-santo\/cidade\/anchieta-es\/\" class=\"entities__list-itemLink\" data-track-click=\"Anchieta\"> Anchieta <\/a> <\/li>\n<li> <a href=\"https:\/\/g1.globo.com\/es\/espirito-santo\/cidade\/aracruz\/\" class=\"entities__list-itemLink\" data-track-click=\"Aracruz\"> Aracruz <\/a> <\/li>\n<li> <a href=\"https:\/\/g1.globo.com\/es\/espirito-santo\/cidade\/barra-de-sao-francisco\/\" class=\"entities__list-itemLink\" data-track-click=\"Barra de S\u00e3o Francisco\"> Barra de S\u00e3o Francisco <\/a> <\/li>\n<li> <a href=\"https:\/\/g1.globo.com\/es\/espirito-santo\/cidade\/cachoeiro-de-itapemirim\/\" class=\"entities__list-itemLink\" data-track-click=\"Cachoeiro de Itapemirim\"> Cachoeiro de Itapemirim <\/a> <\/li>\n<li> <a href=\"https:\/\/g1.globo.com\/es\/espirito-santo\/cidade\/cariacica\/\" class=\"entities__list-itemLink\" data-track-click=\"Cariacica\"> Cariacica <\/a> <\/li>\n<li> <a href=\"https:\/\/g1.globo.com\/es\/espirito-santo\/cidade\/colatina\/\" class=\"entities__list-itemLink\" data-track-click=\"Colatina\"> Colatina <\/a> <\/li>\n<li> <a href=\"https:\/\/g1.globo.com\/topico\/espirito-santo\" class=\"entities__list-itemLink\" data-track-click=\"Esp\u00edrito Santo\"> Esp\u00edrito Santo <\/a> <\/li>\n<li> <a href=\"https:\/\/g1.globo.com\/es\/espirito-santo\/cidade\/linhares\/\" class=\"entities__list-itemLink\" data-track-click=\"Linhares\"> Linhares <\/a> <\/li>\n<li> <a href=\"https:\/\/g1.globo.com\/es\/espirito-santo\/cidade\/nova-venecia\/\" class=\"entities__list-itemLink\" data-track-click=\"Nova Ven\u00e9cia\"> Nova Ven\u00e9cia <\/a> <\/li>\n<li> <a href=\"https:\/\/g1.globo.com\/es\/espirito-santo\/cidade\/serra\/\" class=\"entities__list-itemLink\" data-track-click=\"Serra\"> Serra <\/a> <\/li>\n<li> <a href=\"https:\/\/g1.globo.com\/es\/espirito-santo\/cidade\/sao-mateus\/\" class=\"entities__list-itemLink\" data-track-click=\"S\u00e3o Mateus\"> S\u00e3o Mateus <\/a> <\/li>\n<li> <a href=\"https:\/\/g1.globo.com\/es\/espirito-santo\/cidade\/vila-velha\/\" class=\"entities__list-itemLink\" data-track-click=\"Vila Velha\"> Vila Velha <\/a> <\/li>\n<li> <a href=\"https:\/\/g1.globo.com\/es\/espirito-santo\/cidade\/vitoria\/\" class=\"entities__list-itemLink\" data-track-click=\"Vit\u00f3ria\"> Vit\u00f3ria <\/a> <\/li>\n<\/ul>\n","protected":false},"excerpt":{"rendered":"<p>1 de 3&#013;Carteiras de Trabalho \u2014 Foto: Reprodu\u00e7\u00e3o Carteiras de Trabalho \u2014 Foto: Reprodu\u00e7\u00e3o O Esp\u00edrito Santo tem cerca de 3.970 vagas de emprego dispon\u00edveis nos \u00f3rg\u00e3os estaduais de intermedia\u00e7\u00e3o de m\u00e3o de obra de 12 munic\u00edpios e tamb\u00e9m na Ag\u00eancia do Trabalhador de Cariacica, na Grande Vit\u00f3ria. As vagas que est\u00e3o dispon\u00edveis nesta segunda-feira [&hellip;]<\/p>\n","protected":false},"author":1,"featured_media":0,"comment_status":"closed","ping_status":"closed","sticky":false,"template":"","format":"standard","meta":{"footnotes":""},"categories":[],"tags":[],"class_list":["post-51903","post","type-post","status-publish","format-standard","hentry"],"_links":{"self":[{"href":"https:\/\/blog.corretoraideal.com.br\/index.php\/wp-json\/wp\/v2\/posts\/51903","targetHints":{"allow":["GET"]}}],"collection":[{"href":"https:\/\/blog.corretoraideal.com.br\/index.php\/wp-json\/wp\/v2\/posts"}],"about":[{"href":"https:\/\/blog.corretoraideal.com.br\/index.php\/wp-json\/wp\/v2\/types\/post"}],"author":[{"embeddable":true,"href":"https:\/\/blog.corretoraideal.com.br\/index.php\/wp-json\/wp\/v2\/users\/1"}],"replies":[{"embeddable":true,"href":"https:\/\/blog.corretoraideal.com.br\/index.php\/wp-json\/wp\/v2\/comments?post=51903"}],"version-history":[{"count":1,"href":"https:\/\/blog.corretoraideal.com.br\/index.php\/wp-json\/wp\/v2\/posts\/51903\/revisions"}],"predecessor-version":[{"id":51905,"href":"https:\/\/blog.corretoraideal.com.br\/index.php\/wp-json\/wp\/v2\/posts\/51903\/revisions\/51905"}],"wp:attachment":[{"href":"https:\/\/blog.corretoraideal.com.br\/index.php\/wp-json\/wp\/v2\/media?parent=51903"}],"wp:term":[{"taxonomy":"category","embeddable":true,"href":"https:\/\/blog.corretoraideal.com.br\/index.php\/wp-json\/wp\/v2\/categories?post=51903"},{"taxonomy":"post_tag","embeddable":true,"href":"https:\/\/blog.corretoraideal.com.br\/index.php\/wp-json\/wp\/v2\/tags?post=51903"}],"curies":[{"name":"wp","href":"https:\/\/api.w.org\/{rel}","templated":true}]}}