{"id":51915,"date":"2023-08-28T12:31:12","date_gmt":"2023-08-28T12:31:12","guid":{"rendered":"https:\/\/blog.corretoraideal.com.br\/?p=51915"},"modified":"2023-08-28T12:31:12","modified_gmt":"2023-08-28T12:31:12","slug":"governo-lula-assina-portaria-que-garante-a-migracao-de-voos-do-santos-dumont-para-o-galeao-rio-de-janeiro-g1","status":"publish","type":"post","link":"https:\/\/blog.corretoraideal.com.br\/index.php\/2023\/08\/28\/governo-lula-assina-portaria-que-garante-a-migracao-de-voos-do-santos-dumont-para-o-galeao-rio-de-janeiro-g1\/","title":{"rendered":"Governo Lula assina portaria que garante a migra\u00e7\u00e3o de voos do Santos Dumont para o Gale\u00e3o | Rio de Janeiro | G1"},"content":{"rendered":"<p>                <img loading=\"lazy\" decoding=\"async\" class=\"aligncenter size-full wp-image-51917\" src=\"https:\/\/blog.corretoraideal.com.br\/wp-content\/uploads\/2023\/08\/governo-lula-assina-portaria-que-garante-a-migracao-de-voos-do-santos-dumont-para-o-galeao-1.jpeg\" alt=\"Governo Lula assina portaria que garante a migra\u00e7\u00e3o de voos do Santos Dumont para o Gale\u00e3o\" width=\"800\" height=\"400\" \/>      <\/p>\n<p> Governo Lula assina portaria que garante a migra\u00e7\u00e3o de voos do Santos Dumont para o Gale\u00e3o <\/p>\n<p> O ministro de Portos e Aeroportos, M\u00e1rcio Fran\u00e7a, assinou nesta quinta-feira (10) a portaria que garante a migra\u00e7\u00e3o dos voos do Santos Dumont para o Gale\u00e3o a partir de janeiro de 2024. <\/p>\n<p> O documento foi assinado durante visita do presidente<strong> <\/strong>Luiz In\u00e1cio Lula da Silva \u00e0s obras do novo Instituto de Matem\u00e1tica Pura e Aplicada (<strong>Impa Tech<\/strong>) no Porto Maravilha, no Rio. <\/p>\n<p> <strong>Resumo do que foi anunciado<\/strong>: <\/p>\n<ul>\n<li>voos de e para o Santos Dumont ficam restritos a per\u00edmetro de <strong>400 quil\u00f4metros<\/strong>, excluindo os aeroportos internacionais. Ficam na rota, ent\u00e3o, a ponte-a\u00e9rea Rio-SP via <strong>Congonhas<\/strong> e voos para <strong>Vit\u00f3ria<\/strong> (ES); <strong>Pampulha<\/strong> (MG) poderia operar, mas hoje n\u00e3o h\u00e1 voos saindo de l\u00e1;<\/li>\n<li><strong>Guarulhos e Viracopos (SP) e Confins (MG)<\/strong>, por serem internacionais, <strong>n\u00e3o ter\u00e3o<\/strong> liga\u00e7\u00e3o direta; <\/li>\n<li>ao contr\u00e1rio do que foi anunciado anteriomente, <strong>Bras\u00edlia<\/strong> n\u00e3o ter\u00e1 conex\u00e3o com o Santos Dumont neste primeiro momento, mas pode ser inclu\u00eddo depois (entenda abaixo);<\/li>\n<li>a determina\u00e7\u00e3o vale a partir de <strong>2 de janeiro de 2024<\/strong>;<\/li>\n<li><strong>ser\u00e3o implantadas \u00e1reas de escape<\/strong> na pista do aeroporto, visando a seguran\u00e7a operacional dos voos, j\u00e1 que o Santos Dumont \u00e9 limitado, fisicamente, pela Ba\u00eda de Guanabara. A obra faz parte do Novo PAC (Programa de Acelera\u00e7\u00e3o do Crescimento).<\/li>\n<\/ul>\n<p> &quot;Muito feliz de assinar esse acordo, que vai possibilitar novos voos para o Rio de Janeiro, juntamente com o lan\u00e7amento no Porto Maravilha [Impa]. E que daqui a pouco, quando chegar o encontro do G20 [em novembro de 2024], que o presidente Lula possa receber os l\u00edderes aqui nessa beleza de lugar&quot;, disse o ministro. <\/p>\n<p>                   <img loading=\"lazy\" decoding=\"async\" class=\"aligncenter size-full wp-image-51918\" src=\"https:\/\/blog.corretoraideal.com.br\/wp-content\/uploads\/2023\/08\/ministro-fala-sobre-portaria-que-migra-voos-do-santos-dumont-para-o-galeao-2.jpeg\" alt=\"Ministro fala sobre portaria que migra voos do Santos Dumont para o Gale\u00e3o: \" width=\"800\" height=\"400\" \/>      <\/p>\n<p> Ministro fala sobre portaria que migra voos do Santos Dumont para o Gale\u00e3o: &#8216;Vai possibilitar novos voos para o Rio de Janeiro <\/p>\n<p> &quot;Junto do passageiro que quer nos visitar, vem o executivo para fechar neg\u00f3cios. Junto com o passageiro que quer nos visitar, o turista, vem a carga do avi\u00e3o que vale muito mais do que as pessoas que est\u00e3o em cima. \u00c0s vezes, a dona Maria n\u00e3o entende que um produto que ela compra pela internet em S\u00e3o Paulo sai mais barato do que sai no Rio. Porque n\u00f3s n\u00e3o temos voos do Rio&quot;, disse Paes. <\/p>\n<p>&quot;A briga n\u00e3o \u00e9 contra o Santos Dumont, a favor do Gale\u00e3o&#8230; \u00c9 uma quest\u00e3o de equilibrar um jogo que s\u00f3 fez mal ao Rio de Janeiro&quot;, afirmou o prefeito.<\/p>\n<p> Lula comentou sobre algumas queixas que usu\u00e1rios dos aeroportos do Rio fazem \u00e0 transfer\u00eancia de voos. A dist\u00e2ncia maior do centro, o tr\u00e2nsito da Linha Vermelha e a inseguran\u00e7a na via s\u00e3o argumentos de quem se diz contra a migra\u00e7\u00e3o. <\/p>\n<p> &quot;N\u00e3o tem sentido o aeroporto do Gale\u00e3o ficar paralisado porque as pessoas, por comodidade, preferem sair do Santos Dumont. O Gale\u00e3o foi constru\u00eddo para ser o aeroporto internacional, para ser a entrada de qualquer estrangeiro que tivesse de vir para o Brasil parar aqui no Gale\u00e3o&quot;, disse o presidente. <\/p>\n<p> Horas antes da assinatura da portaria, o governador <a class href=\"https:\/\/g1.globo.com\/rj\/rio-de-janeiro\/noticia\/2023\/08\/10\/claudio-castro-anuncia-construcao-de-muro-na-linha-vermelha.ghtml\">Cl\u00e1udio Castro anunciou uma medida que, segundo ele, vai &quot;garantir a seguran\u00e7a&quot; na Linha Vermelha: a constru\u00e7\u00e3o de um muro<\/a>. <\/p>\n<p> Com 30 cent\u00edmetros de espessura, o muro vai margear o trecho que vai da Ilha do Governador at\u00e9 o acesso \u00e0 Rodovia Presidente Dutra, j\u00e1 na Baixada Fluminense. Um dos objetivos \u00e9 que balas perdidas n\u00e3o cheguem at\u00e9 a via, segundo Castro. <\/p>\n<p><h2>Bras\u00edlia fica de fora, mas pode voltar<\/h2>\n<\/p>\n<p> Segundo antecipou o <a class href=\"https:\/\/g1.globo.com\/politica\/blog\/octavio-guedes\/post\/2023\/08\/10\/portaria-vai-limitar-os-destinos-que-podem-voar-para-o-aeroporto-santos-dumont.ghtml\">blog do Octavio Guedes<\/a>, Bras\u00edlia ficou de fora dos destinos do Santos Dumont incialmente, mas pode voltar. <\/p>\n<p> O Minist\u00e9rio de Portos e Aeroportos avalia enviar um projeto de lei fazendo refer\u00eancia \u00e0 portaria para permitir a inclus\u00e3o da capital federal nos destinos poss\u00edveis do Santos Dumont. <\/p>\n<p> Segundo o blog, as autoridades locais n\u00e3o fazem quest\u00e3o de incluir Bras\u00edlia nos destinos poss\u00edveis, mas os parlamentares e senadores que voam toda semana do Rio para Bras\u00edlia estariam fazendo at\u00e9 lobby para a inclus\u00e3o da rota. <\/p>\n<p><h2>Entenda a quest\u00e3o<\/h2>\n<\/p>\n<p> A retomada do Aeroporto Internacional Tom Jobim, o Gale\u00e3o, vem sendo debatida entre os governos federal e estadual e a prefeitura. <\/p>\n<p> O Gale\u00e3o tem a maior pista comercial do pa\u00eds e capacidade para 37 milh\u00f5es de passageiros por ano. Em 2022, recebeu menos de 6 milh\u00f5es. Atualmente, o terminal vem funcionando com 20% da capacidade. <\/p>\n<p> J\u00e1 o Santos Dumont tem operado no limite da opera\u00e7\u00e3o, de R$ 10 milh\u00f5es. Em abril, Fran\u00e7a prometeu limitar a este teto j\u00e1 a partir do segundo semestre. Sem a redu\u00e7\u00e3o, o terminal poderia fechar 2023 com cerca de 12 milh\u00f5es de passageiros. <\/p>\n<p> As <a class href=\"https:\/\/g1.globo.com\/rj\/rio-de-janeiro\/noticia\/2023\/08\/01\/companhias-aereas-anunciam-aumento-no-numero-de-voos-no-galeao.ghtml\">companhias a\u00e9reas j\u00e1 anunciaram um pequeno aumento de voos ofertados no Gale\u00e3o<\/a> a partir de outubro, e a Ag\u00eancia Nacional de Avia\u00e7\u00e3o Civil (Anac) decidiu antecipar a redu\u00e7\u00e3o dos voos no Santos Dumont para o in\u00edcio de outubro, e n\u00e3o mais para o fim do m\u00eas. A decis\u00e3o atendeu a um pedido feito pela secret\u00e1ria de Avia\u00e7\u00e3o Civil. <\/p>\n<p>         1 de 2&#013;Ministro M\u00e1rcio Fran\u00e7a, presidente Lula e prefeito Eduardo Paes celebram a assinatura da portaria \u2014 Foto: Reprodu\u00e7\u00e3o\/GloboNews    <\/p>\n<p> Ministro M\u00e1rcio Fran\u00e7a, presidente Lula e prefeito Eduardo Paes celebram a assinatura da portaria \u2014 Foto: Reprodu\u00e7\u00e3o\/GloboNews <\/p>\n<p><h2>Brecha jur\u00eddica<\/h2>\n<\/p>\n<p> Na segunda-feira (7), o ministro de Portos e Aeroportos, M\u00e1rcio Fran\u00e7a, t<a class href=\"https:\/\/g1.globo.com\/rj\/rio-de-janeiro\/noticia\/2023\/08\/10\/decisao-sobre-migracao-de-voos-do-santos-dumont-para-o-galeao-deve-sair-nesta-quinta-feira-diz-paes.ghtml\">inha afirmado que as mudan\u00e7as nos terminais dependiam de um projeto de lei, passando pelo Congresso<\/a>. A afirma\u00e7\u00e3o desagradou a Paes, que cobrou agilidade e disse que havia respaldo jur\u00eddico para que a medida fosse feita via portaria. <\/p>\n<p> No discurso nesta quinta, o ministro contou que consultou o ministro Jorge Messias, da Advocacia-Geral da Uni\u00e3o (AGU), que deu aval para a assinatura. <\/p>\n<p>&quot;Encontramos um formato jur\u00eddico para dar lastro a essa decis\u00e3o, para que a gente possa voltar a ter no Gale\u00e3o muitos voos e volte a ter no Gale\u00e3o o maior aeroporto do Brasil&quot;, disse Fran\u00e7a.<\/p>\n<p> Em tom positivo, Fran\u00e7a falou sobre a &quot;insist\u00eancia&quot; de Paes sobre o tema. <\/p>\n<p> &quot;Eduardo insistiu com essa ideia, a gente sabe o quanto que ele se esfor\u00e7ou e n\u00f3s vamos fazer tudo para que a gente possa fazer em conjunto, como deve ser, Prefeitura, governo do estado e governo federal.&quot; <\/p>\n<p>&quot;Ficamos seis meses para recuperar esse pa\u00eds, e ele vai voltar a dar certo, voltar a ser decente&quot;, disse Lula durante o evento no Impa Tech.<\/p>\n<p><h2>Impa<\/h2>\n<\/p>\n<p> Durante o evento, a presidente da Caixa, Maria Rita Serrano, afirmou que a nova fase do projeto de revitaliza\u00e7\u00e3o do Porto Maravilha, financiado pelo banco, vai incluir o Terminal Gentileza, o Impa Tech e o bairro de S\u00e3o Crist\u00f3v\u00e3o. <\/p>\n<p> &quot;Assim que assumi a Caixa, a primeira miss\u00e3o que o presidente Lula me deu foi a de tornar a Caixa um banco que financiar projetos novamente. O prefeito Eduardo Paes me procurou na primeira semana, assim que assumi. E hoje tenho muito orgulho de dizer que a Caixa firma o acordo de revitaliza\u00e7\u00e3o do Porto Maravilha, projeto que vai gerar mais de 400 mil empregos&quot;, disse. <\/p>\n<p> No evento desta quinta, Eduardo Paes apresentou no palco alguns ganhadores da Olimp\u00edada de Matem\u00e1tica &#8211; o novo Instituto de Matem\u00e1tica Pura e Aplicada (Impa Tech) \u00e9 um dos novos empreendimentos na regi\u00e3o. Entre eles, o jovem Ricardo, portador de ELA, que ia para a escola levado pelo pai em um carrinho de constru\u00e7\u00e3o. <\/p>\n<p> A entrada do jovem com o pai emocionou a plateia e os presentes. <\/p>\n<p> &quot;Quando a gente anuncia o Impa Tech, a gente fala anuncia que as mentes mais brilhantes v\u00e3o estudar aqui, v\u00e3o morar aqui e ajudar a fazer hist\u00f3ria &quot;, disse Paes. <\/p>\n<p>         2 de 2&#013;Em evento no Porto Maravilha com a presen\u00e7a de Lula, Eduardo Paes apresenta alguns ganhadores da Olimp\u00edada de Matem\u00e1tica, entre eles, o jovem Ricardo, portador de Ela \u2014 Foto: Eliane Santos\/g1    <\/p>\n<p> Em evento no Porto Maravilha com a presen\u00e7a de Lula, Eduardo Paes apresenta alguns ganhadores da Olimp\u00edada de Matem\u00e1tica, entre eles, o jovem Ricardo, portador de Ela \u2014 Foto: Eliane Santos\/g1 <\/p>\n<ul> <\/ul>\n","protected":false},"excerpt":{"rendered":"<p>Governo Lula assina portaria que garante a migra\u00e7\u00e3o de voos do Santos Dumont para o Gale\u00e3o O ministro de Portos e Aeroportos, M\u00e1rcio Fran\u00e7a, assinou nesta quinta-feira (10) a portaria que garante a migra\u00e7\u00e3o dos voos do Santos Dumont para o Gale\u00e3o a partir de janeiro de 2024. O documento foi assinado durante visita do [&hellip;]<\/p>\n","protected":false},"author":1,"featured_media":0,"comment_status":"closed","ping_status":"closed","sticky":false,"template":"","format":"standard","meta":{"footnotes":""},"categories":[],"tags":[],"class_list":["post-51915","post","type-post","status-publish","format-standard","hentry"],"_links":{"self":[{"href":"https:\/\/blog.corretoraideal.com.br\/index.php\/wp-json\/wp\/v2\/posts\/51915","targetHints":{"allow":["GET"]}}],"collection":[{"href":"https:\/\/blog.corretoraideal.com.br\/index.php\/wp-json\/wp\/v2\/posts"}],"about":[{"href":"https:\/\/blog.corretoraideal.com.br\/index.php\/wp-json\/wp\/v2\/types\/post"}],"author":[{"embeddable":true,"href":"https:\/\/blog.corretoraideal.com.br\/index.php\/wp-json\/wp\/v2\/users\/1"}],"replies":[{"embeddable":true,"href":"https:\/\/blog.corretoraideal.com.br\/index.php\/wp-json\/wp\/v2\/comments?post=51915"}],"version-history":[{"count":1,"href":"https:\/\/blog.corretoraideal.com.br\/index.php\/wp-json\/wp\/v2\/posts\/51915\/revisions"}],"predecessor-version":[{"id":51919,"href":"https:\/\/blog.corretoraideal.com.br\/index.php\/wp-json\/wp\/v2\/posts\/51915\/revisions\/51919"}],"wp:attachment":[{"href":"https:\/\/blog.corretoraideal.com.br\/index.php\/wp-json\/wp\/v2\/media?parent=51915"}],"wp:term":[{"taxonomy":"category","embeddable":true,"href":"https:\/\/blog.corretoraideal.com.br\/index.php\/wp-json\/wp\/v2\/categories?post=51915"},{"taxonomy":"post_tag","embeddable":true,"href":"https:\/\/blog.corretoraideal.com.br\/index.php\/wp-json\/wp\/v2\/tags?post=51915"}],"curies":[{"name":"wp","href":"https:\/\/api.w.org\/{rel}","templated":true}]}}