{"id":51920,"date":"2023-08-28T13:33:10","date_gmt":"2023-08-28T13:33:10","guid":{"rendered":"https:\/\/blog.corretoraideal.com.br\/?p=51920"},"modified":"2023-08-28T13:33:10","modified_gmt":"2023-08-28T13:33:10","slug":"ibovespa-abre-instavel-enquanto-investidores-repercutem-focus-e-agenda-politica-economia-g1","status":"publish","type":"post","link":"https:\/\/blog.corretoraideal.com.br\/index.php\/2023\/08\/28\/ibovespa-abre-instavel-enquanto-investidores-repercutem-focus-e-agenda-politica-economia-g1\/","title":{"rendered":"Ibovespa abre inst\u00e1vel enquanto investidores repercutem Focus e agenda pol\u00edtica | Economia | G1"},"content":{"rendered":"<p>      1 de 1&#013;Ibovespa \u2014 Foto: Pixabay    <\/p>\n<p> Ibovespa \u2014 Foto: Pixabay <\/p>\n<p> O <a class href=\"https:\/\/g1.globo.com\/tudo-sobre\/ibovespa\/\">Ibovespa<\/a>, principal \u00edndice da bolsa de valores de S\u00e3o Paulo, a <a class href=\"https:\/\/g1.globo.com\/tudo-sobre\/bmf-bovespa\/\">B3<\/a>, opera em queda de 0,06%, aos 116.099 pontos, por volta das 10h08 (hor\u00e1rio de Bras\u00edlia), nesta segunda-feira (28). <\/p>\n<p> O mercado repercute a agenda pol\u00edtica, enquanto digere o Boletim Focus, publicado nesta manh\u00e3. A previs\u00e3o de infla\u00e7\u00e3o em 2023 se manteve em 4,9%, ap\u00f3s alta na \u00faltima semana &#8211; a estimativa para o \u00cdndice de Pre\u00e7os ao Consumidor Amplo (<a class href=\"https:\/\/g1.globo.com\/tudo-sobre\/ipca\/\">IPCA<\/a>) segue acima do teto da meta (entre 1,75% e 4,75%). <\/p>\n<p> Na \u00faltima sexta, o Ibovespa fechou em 1,02%, aos 115.837 pontos. Com o resultado, o \u00edndice passou a acumular: <\/p>\n<ul>\n<li><strong>alta de 0,37% entre os dias 21 e 25 de agosto;<\/strong><\/li>\n<li><strong>queda de 5,01 no m\u00eas;<\/strong><\/li>\n<li><strong>e ganho de 5,56% no ano.<\/strong><\/li>\n<\/ul>\n<p> No mercado cambial, <a class href=\"https:\/\/g1.globo.com\/economia\/noticia\/2023\/08\/25\/dolar.ghtml\">o d\u00f3lar recuou 0,10% no final da semana passada<\/a>, vendido a R$ 4,8750. <a class href=\"https:\/\/valor.globo.com\/valor-data\/\">Veja mais cota\u00e7\u00f5es<\/a>. <\/p>\n<p><h2><strong>O que est\u00e1 mexendo com os mercados?<\/strong><\/h2>\n<\/p>\n<p> No radar do mercado est\u00e1 a poss\u00edvel defini\u00e7\u00e3o da reforma ministerial nesta semana para acomodar o Centr\u00e3o e fortalecer a base de apoio de Lula no Congresso &quot;para ent\u00e3o aprovar as mat\u00e9rias da agenda econ\u00f4mica&quot;, diz Alvaro Frasson, economista do BTG Pactual. <\/p>\n<p> Por exemplo, o <a class href=\"https:\/\/g1.globo.com\/tudo-sobre\/senado-federal\/\">Senado<\/a> deve votar na quarta-feira (30) o projeto do Conselho Administrativo de Recursos Fiscais (Carf) &#8211; considerado pelo governo uma das principais medidas para contornar o d\u00e9ficit prim\u00e1rio do governo federal neste ano, de R$ 231,5 bilh\u00f5es. <\/p>\n<p> J\u00e1 na agenda dom\u00e9stica, o boletim Focus, do Banco Central, mostra que os economistas do mercado financeiro aumentaram a estimativa de crescimento do Produto Interno Bruto em 2023 para 2,31%. A previs\u00e3o anterior era de 2,29%. Para 2024, a proje\u00e7\u00e3o \u00e9 de alta de 1,33% <\/p>\n<p> A previs\u00e3o de infla\u00e7\u00e3o em 2023, por sua vez, se manteve em 4,9%, ap\u00f3s alta na \u00faltima semana. A estimativa para 2024 aumentou de 3,86% para 3,87%. Em 2025 e 2026, o indicador permanece em 3,5%. E a expectativa da taxa b\u00e1sica de juros, a Selic, permaneceu em 11,75% para 2023. J\u00e1 para 2024 a estimativa continua em 9% no ano. <\/p>\n<p> Outro ponto de aten\u00e7\u00e3o para os investidores \u00e9 o mercado imobili\u00e1rio chin\u00eas &#8211; o mais importante para a atividade da segunda maior economia do mundo. Com a piora da crise, empresas do setor de siderurgia e minera\u00e7\u00e3o s\u00e3o prejudicadas pela falta de demanda chinesa, como a Vale (VALE3). <\/p>\n<p> Dado que a companhia tem um peso de 12,53% no \u00edndice, a expectativa de deteriora\u00e7\u00e3o na cota\u00e7\u00e3o da a\u00e7\u00e3o pode interferir no Ibovespa, acredita Pedro Canto, analista da CM Capital. Em um m\u00eas, o papel caiu 8,22%. <\/p>\n<p> <strong>Leia tamb\u00e9m:<\/strong> <\/p>\n<ul>\n<li><a class href=\"https:\/\/g1.globo.com\/economia\/noticia\/2023\/08\/28\/acao-da-evergrande-grupo-imobiliario-chines-desaba-no-dia-de-retorno-a-bolsa-de-valores.ghtml\">A\u00e7\u00f5es do grupo imobili\u00e1rio chin\u00eas Evergrande desabaram quase 80% na bolsa de Hong Kong<\/a> <\/li>\n<\/ul>\n<p> Os <a class href=\"https:\/\/g1.globo.com\/tudo-sobre\/estados-unidos\/\">Estados Unidos<\/a>, por sua vez, divulgam resultados do PIB do 2\u00ba trimestre nesta semana, na quarta-feira. Tamb\u00e9m est\u00e3o na lista de divulga\u00e7\u00f5es o deflator dos gastos do consumidor de julho na quinta-feira e resultados do mercado de trabalho de agosto na sexta-feira. <\/p>\n<ul>\n<li> <a href=\"https:\/\/g1.globo.com\/tudo-sobre\/bmf-bovespa\/\" class=\"entities__list-itemLink\" data-track-click=\"B3\"> B3 <\/a> <\/li>\n<li> <a href=\"https:\/\/g1.globo.com\/tudo-sobre\/banco-central-do-brasil\/\" class=\"entities__list-itemLink\" data-track-click=\"Banco Central do Brasil\"> Banco Central do Brasil <\/a> <\/li>\n<li> <a href=\"https:\/\/g1.globo.com\/tudo-sobre\/brics\/\" class=\"entities__list-itemLink\" data-track-click=\"Brics\"> Brics <\/a> <\/li>\n<li> <a href=\"https:\/\/g1.globo.com\/tudo-sobre\/copom\/\" class=\"entities__list-itemLink\" data-track-click=\"Copom\"> Copom <\/a> <\/li>\n<li> <a href=\"https:\/\/g1.globo.com\/tudo-sobre\/camara-dos-deputados\/\" class=\"entities__list-itemLink\" data-track-click=\"C\u00e2mara dos Deputados\"> C\u00e2mara dos Deputados <\/a> <\/li>\n<li> <a href=\"https:\/\/g1.globo.com\/tudo-sobre\/estados-unidos\/\" class=\"entities__list-itemLink\" data-track-click=\"Estados Unidos\"> Estados Unidos <\/a> <\/li>\n<li> <a href=\"https:\/\/g1.globo.com\/tudo-sobre\/fed\/\" class=\"entities__list-itemLink\" data-track-click=\"FED\"> FED <\/a> <\/li>\n<li> <a href=\"https:\/\/g1.globo.com\/tudo-sobre\/ibge\/\" class=\"entities__list-itemLink\" data-track-click=\"IBGE\"> IBGE <\/a> <\/li>\n<li> <a href=\"https:\/\/g1.globo.com\/tudo-sobre\/ipca\/\" class=\"entities__list-itemLink\" data-track-click=\"IPCA\"> IPCA <\/a> <\/li>\n<li> <a href=\"https:\/\/g1.globo.com\/tudo-sobre\/ibovespa\/\" class=\"entities__list-itemLink\" data-track-click=\"Ibovespa\"> Ibovespa <\/a> <\/li>\n<li> <a href=\"https:\/\/g1.globo.com\/tudo-sobre\/luiz-inacio-lula-da-silva\/\" class=\"entities__list-itemLink\" data-track-click=\"Luiz In\u00e1cio Lula da Silva\"> Luiz In\u00e1cio Lula da Silva <\/a> <\/li>\n<li> <a href=\"https:\/\/g1.globo.com\/tudo-sobre\/senado-federal\/\" class=\"entities__list-itemLink\" data-track-click=\"Senado\"> Senado <\/a> <\/li>\n<\/ul>\n","protected":false},"excerpt":{"rendered":"<p>1 de 1&#013;Ibovespa \u2014 Foto: Pixabay Ibovespa \u2014 Foto: Pixabay O Ibovespa, principal \u00edndice da bolsa de valores de S\u00e3o Paulo, a B3, opera em queda de 0,06%, aos 116.099 pontos, por volta das 10h08 (hor\u00e1rio de Bras\u00edlia), nesta segunda-feira (28). O mercado repercute a agenda pol\u00edtica, enquanto digere o Boletim Focus, publicado nesta manh\u00e3. [&hellip;]<\/p>\n","protected":false},"author":1,"featured_media":0,"comment_status":"closed","ping_status":"closed","sticky":false,"template":"","format":"standard","meta":{"footnotes":""},"categories":[],"tags":[],"class_list":["post-51920","post","type-post","status-publish","format-standard","hentry"],"_links":{"self":[{"href":"https:\/\/blog.corretoraideal.com.br\/index.php\/wp-json\/wp\/v2\/posts\/51920","targetHints":{"allow":["GET"]}}],"collection":[{"href":"https:\/\/blog.corretoraideal.com.br\/index.php\/wp-json\/wp\/v2\/posts"}],"about":[{"href":"https:\/\/blog.corretoraideal.com.br\/index.php\/wp-json\/wp\/v2\/types\/post"}],"author":[{"embeddable":true,"href":"https:\/\/blog.corretoraideal.com.br\/index.php\/wp-json\/wp\/v2\/users\/1"}],"replies":[{"embeddable":true,"href":"https:\/\/blog.corretoraideal.com.br\/index.php\/wp-json\/wp\/v2\/comments?post=51920"}],"version-history":[{"count":1,"href":"https:\/\/blog.corretoraideal.com.br\/index.php\/wp-json\/wp\/v2\/posts\/51920\/revisions"}],"predecessor-version":[{"id":51922,"href":"https:\/\/blog.corretoraideal.com.br\/index.php\/wp-json\/wp\/v2\/posts\/51920\/revisions\/51922"}],"wp:attachment":[{"href":"https:\/\/blog.corretoraideal.com.br\/index.php\/wp-json\/wp\/v2\/media?parent=51920"}],"wp:term":[{"taxonomy":"category","embeddable":true,"href":"https:\/\/blog.corretoraideal.com.br\/index.php\/wp-json\/wp\/v2\/categories?post=51920"},{"taxonomy":"post_tag","embeddable":true,"href":"https:\/\/blog.corretoraideal.com.br\/index.php\/wp-json\/wp\/v2\/tags?post=51920"}],"curies":[{"name":"wp","href":"https:\/\/api.w.org\/{rel}","templated":true}]}}