{"id":51923,"date":"2023-08-28T14:31:54","date_gmt":"2023-08-28T14:31:54","guid":{"rendered":"https:\/\/blog.corretoraideal.com.br\/?p=51923"},"modified":"2023-08-28T14:31:54","modified_gmt":"2023-08-28T14:31:54","slug":"uber-libera-viagens-em-grupo-para-passageiros-com-destino-em-comum-veja-como-vai-funcionar-tecnologia-g1","status":"publish","type":"post","link":"https:\/\/blog.corretoraideal.com.br\/index.php\/2023\/08\/28\/uber-libera-viagens-em-grupo-para-passageiros-com-destino-em-comum-veja-como-vai-funcionar-tecnologia-g1\/","title":{"rendered":"Uber libera viagens em grupo para passageiros com destino em comum; veja como vai funcionar | Tecnologia | G1"},"content":{"rendered":"<p>      1 de 2&#013;Motorista de aplicativo Uber \u2014 Foto: Dan Gold\/ Unsplash    <\/p>\n<p> Motorista de aplicativo Uber \u2014 Foto: Dan Gold\/ Unsplash <\/p>\n<p> A <a class href=\"https:\/\/g1.globo.com\/tudo-sobre\/uber\/\">Uber<\/a> anunciou uma nova forma de fazer viagens em grupo. Agora, passageiros podem adicionar at\u00e9 tr\u00eas paradas para incluir amigos com um destino em comum, como um show, a faculdade ou o trabalho. <\/p>\n<p> A novidade foi apresentada nesta quarta-feira (16) ser\u00e1 liberada primeiro em Porto Alegre, Recife, Bras\u00edlia, Manaus, S\u00e3o Lu\u00eds, Macap\u00e1 e An\u00e1polis. <\/p>\n<p> Para fazer uma viagem em grupo, o usu\u00e1rio que iniciar a corrida deve incluir no grupo seus amigos, que v\u00e3o inserir o endere\u00e7o onde desejam ser buscados. Depois, o ponto de destino \u00e9 adicionado no app e todos podem continuar o trajeto juntos. <\/p>\n<p> Segundo a Uber, cada integrante do grupo poder\u00e1 economizar individualmente at\u00e9 30% do custo da viagem dependendo de quantas pessoas aderirem. A empresa tamb\u00e9m lembra que a op\u00e7\u00e3o ajuda a reduzir a emiss\u00e3o de gases poluentes ao usar apenas um carro em vez de v\u00e1rios. <\/p>\n<ul>\n<li><a class href=\"https:\/\/g1.globo.com\/tecnologia\/noticia\/2023\/07\/12\/veja-as-cidades-onde-passageiros-mais-esquecem-objetos-em-carros-de-aplicativo-e-como-recuperar.ghtml\">As cidades onde passageiros mais esquecem objetos em carros de aplicativo<\/a><\/li>\n<li><a class href=\"https:\/\/g1.globo.com\/tecnologia\/noticia\/2023\/07\/15\/passageiros-da-uber-denunciam-uso-de-codigo-de-seguranca-para-golpes-veja-como-se-proteger.ghtml\">Passageiros da Uber denunciam uso de c\u00f3digo de seguran\u00e7a para golpes<\/a><\/li>\n<\/ul>\n<p>         2 de 2&#013;Uber adiciona nova forma de fazer viagens em grupo \u2014 Foto: Divulga\u00e7\u00e3o\/Uber    <\/p>\n<p> Uber adiciona nova forma de fazer viagens em grupo \u2014 Foto: Divulga\u00e7\u00e3o\/Uber <\/p>\n<p>                   <img loading=\"lazy\" decoding=\"async\" class=\"aligncenter size-full wp-image-51925\" src=\"https:\/\/blog.corretoraideal.com.br\/wp-content\/uploads\/2023\/08\/carros-de-aplicativo-veja-quais-sao-os-principais-recursos-de-seguranca-1.jpeg\" alt=\"Carros de aplicativo: veja quais s\u00e3o os principais recursos de seguran\u00e7a\" width=\"800\" height=\"400\" \/>      <\/p>\n<p> Carros de aplicativo: veja quais s\u00e3o os principais recursos de seguran\u00e7a <\/p>\n<ul>\n<li> <a href=\"https:\/\/g1.globo.com\/tudo-sobre\/uber\/\" class=\"entities__list-itemLink\" data-track-click=\"Uber\"> Uber <\/a> <\/li>\n<\/ul>\n","protected":false},"excerpt":{"rendered":"<p>1 de 2&#013;Motorista de aplicativo Uber \u2014 Foto: Dan Gold\/ Unsplash Motorista de aplicativo Uber \u2014 Foto: Dan Gold\/ Unsplash A Uber anunciou uma nova forma de fazer viagens em grupo. Agora, passageiros podem adicionar at\u00e9 tr\u00eas paradas para incluir amigos com um destino em comum, como um show, a faculdade ou o trabalho. A [&hellip;]<\/p>\n","protected":false},"author":1,"featured_media":0,"comment_status":"closed","ping_status":"closed","sticky":false,"template":"","format":"standard","meta":{"footnotes":""},"categories":[],"tags":[],"class_list":["post-51923","post","type-post","status-publish","format-standard","hentry"],"_links":{"self":[{"href":"https:\/\/blog.corretoraideal.com.br\/index.php\/wp-json\/wp\/v2\/posts\/51923","targetHints":{"allow":["GET"]}}],"collection":[{"href":"https:\/\/blog.corretoraideal.com.br\/index.php\/wp-json\/wp\/v2\/posts"}],"about":[{"href":"https:\/\/blog.corretoraideal.com.br\/index.php\/wp-json\/wp\/v2\/types\/post"}],"author":[{"embeddable":true,"href":"https:\/\/blog.corretoraideal.com.br\/index.php\/wp-json\/wp\/v2\/users\/1"}],"replies":[{"embeddable":true,"href":"https:\/\/blog.corretoraideal.com.br\/index.php\/wp-json\/wp\/v2\/comments?post=51923"}],"version-history":[{"count":1,"href":"https:\/\/blog.corretoraideal.com.br\/index.php\/wp-json\/wp\/v2\/posts\/51923\/revisions"}],"predecessor-version":[{"id":51926,"href":"https:\/\/blog.corretoraideal.com.br\/index.php\/wp-json\/wp\/v2\/posts\/51923\/revisions\/51926"}],"wp:attachment":[{"href":"https:\/\/blog.corretoraideal.com.br\/index.php\/wp-json\/wp\/v2\/media?parent=51923"}],"wp:term":[{"taxonomy":"category","embeddable":true,"href":"https:\/\/blog.corretoraideal.com.br\/index.php\/wp-json\/wp\/v2\/categories?post=51923"},{"taxonomy":"post_tag","embeddable":true,"href":"https:\/\/blog.corretoraideal.com.br\/index.php\/wp-json\/wp\/v2\/tags?post=51923"}],"curies":[{"name":"wp","href":"https:\/\/api.w.org\/{rel}","templated":true}]}}