{"id":51927,"date":"2023-08-28T16:29:51","date_gmt":"2023-08-28T16:29:51","guid":{"rendered":"https:\/\/blog.corretoraideal.com.br\/?p=51927"},"modified":"2023-08-28T16:29:51","modified_gmt":"2023-08-28T16:29:51","slug":"campos-disponibiliza-cronograma-semanal-de-vacinacao-contra-a-covid-19-norte-fluminense-g1","status":"publish","type":"post","link":"https:\/\/blog.corretoraideal.com.br\/index.php\/2023\/08\/28\/campos-disponibiliza-cronograma-semanal-de-vacinacao-contra-a-covid-19-norte-fluminense-g1\/","title":{"rendered":"Campos disponibiliza cronograma semanal de vacina\u00e7\u00e3o contra a Covid-19 | Norte Fluminense | G1"},"content":{"rendered":"<p>      1 de 1&#013;Prefeitura de Campos divulga semanalmente cronograma de vacina\u00e7\u00e3o contra a Covid-19 \u2014 Foto: C\u00e9sar Ferreira\/Prefeitura de Campos    <\/p>\n<p> Prefeitura de Campos divulga semanalmente cronograma de vacina\u00e7\u00e3o contra a Covid-19 \u2014 Foto: C\u00e9sar Ferreira\/Prefeitura de Campos <\/p>\n<p> <a class href=\"https:\/\/g1.globo.com\/rj\/norte-fluminense\/cidade\/campos-dos-goytacazes\/\">Campos dos Goytacazes<\/a>, no Norte Fluminense, disponibilizou o cronograma semanal de vacina\u00e7\u00e3o contra a Covid-19, que vai desta segunda-feira (28) at\u00e9 sexta-feira (1\u00ba). <\/p>\n<p> Ser\u00e3o aplicadas as vacinas monovalentes para pessoas acima de 6 meses e a dose de refor\u00e7o da bivalente para maiores de 12 anos. <\/p>\n<p><h2>Confira o esquema por idade:<\/h2>\n<\/p>\n<ul>\n<li><strong>Crian\u00e7as de 6 meses a 4 anos, 11 meses e 29 dias <\/strong>poder\u00e3o receber as tr\u00eas doses da Pfizer Baby. Elas devem respeitar o intervalo de quatro semanas entre a 1\u00aa e a 2\u00aa dose. A 3\u00aa dose deve ser feita, no m\u00ednimo, oito semanas depois da 2\u00aa dose.<\/li>\n<li><strong>J\u00e1 as crian\u00e7as com idade entre 5 e 11 anos<\/strong> recebem a vacina Pfizer Pedi\u00e1trica. O intervalo \u00e9 de oito semanas entre a 1\u00aa e a 2\u00aa dose. A 3\u00aa dose, que \u00e9 o refor\u00e7o do imunizante, deve ser realizada quatro meses depois. Todas as crian\u00e7as devem estar acompanhadas de pais ou respons\u00e1veis legais.<\/li>\n<li><strong>Quem tem acima de 12 anos<\/strong> deve receber duas doses da vacina monovalente (Pfizer adulto). Para aqueles que j\u00e1 receberam a 1\u00aa dose, \u00e9 necess\u00e1rio respeitar a 2\u00aa dose que, no caso dos adolescentes de 12 a 17 anos, \u00e9 de 2 meses. J\u00e1 para os maiores de 18 anos, o prazo \u00e9 30 dias. A aplica\u00e7\u00e3o da Astrazeneca e Coronavac continuam suspensas. &quot;Tamb\u00e9m est\u00e1 dispon\u00edvel para as pessoas acima de 12 anos a dose de refor\u00e7o com a vacina bivalente. Para receber o imunizante \u00e9 preciso ter tomado, no m\u00ednimo, as duas doses das vacinas monovalentes: Coronavac, Astrazeneca ou Pfizer h\u00e1 pelo menos quatro meses&quot;, explica a Prefeitura<\/li>\n<\/ul>\n<p> A imuniza\u00e7\u00e3o ocorre em 14 postos distribu\u00eddos pela cidade. Os hor\u00e1rios de atendimento s\u00e3o flex\u00edveis, indo das 8h30 \u00e0s 20h. <\/p>\n<p> &quot;Para ser vacinado \u00e9 necess\u00e1rio apresentar documento com foto, CPF, comprovante de resid\u00eancia. No caso das crian\u00e7as e adolescentes \u00e9 obrigat\u00f3ria a caderneta de vacina\u00e7\u00e3o. As pessoas que ir\u00e3o receber a 2\u00aa, 3\u00aa dose e o refor\u00e7o com a bivalente devem apresentar o cart\u00e3o de vacina contra a Covid-19, que cont\u00e9m as doses recebidas anteriormente&quot;, diz Prefeitura. <\/p>\n<p><h2>Locais de vacina\u00e7\u00e3o<\/h2>\n<\/p>\n<p> <strong>Crian\u00e7as de 6 meses a 4 anos, 11 meses e 29 dias (Aplica\u00e7\u00e3o 1\u00aa, 2\u00aa E 3\u00aa doses \u2014 Atendimento por livre demanda)<\/strong> <\/p>\n<ul>\n<li>Cidade da Crian\u00e7a \u2013 8h30 \u00e0s 13h<\/li>\n<li>Centro de Refer\u00eancia de Imunobiol\u00f3gicos Especiais (Crie) \u2014 8h30 \u00e0s 13h<\/li>\n<li>Funda\u00e7\u00e3o Municipal de Sa\u00fade (FMS) \u2014 9h \u00e0s 16h<\/li>\n<li>Cl\u00ednica da Crian\u00e7a \u2013 9h \u00e0s 18h (agendamento presencial)<\/li>\n<\/ul>\n<p> <strong>Crian\u00e7as de 5 a 11 anos, 11 meses e 29 dias (Aplica\u00e7\u00e3o da 1\u00aa, 2\u00aa e 3\u00aa doses \u2014 Atendimento por livre demanda)<\/strong> <\/p>\n<ul>\n<li>Secretaria Municipal de Sa\u00fade \u2013 8h30 \u00e0s 20h<\/li>\n<li>Funda\u00e7\u00e3o Municipal de Esportes (antiga AABB) \u2013 9h \u00e0s 16h<\/li>\n<li>Cl\u00ednica da Crian\u00e7a \u2013 9h \u00e0s 18h (agendamento presencial)<\/li>\n<\/ul>\n<p> <strong>Pessoas acima dos 12 anos (Aplica\u00e7\u00e3o da 1\u00aa e 2\u00aa doses da vacina monovalente e do refor\u00e7o bivalente &#8211; Atendimento por livre demanda)<\/strong> <\/p>\n<ul>\n<li>Clube da Terceira Idade \u2013 9h \u00e0s 16h<\/li>\n<li>Drive-thru Guarus Plaza Shopping \u2013 9h \u00e0s 16h<\/li>\n<li>Secretaria Municipal de Sa\u00fade \u2013 8h30 \u00e0s 20h<\/li>\n<li>Funda\u00e7\u00e3o Municipal de Esportes (antiga AABB) \u2013 9h \u00e0s 16h<\/li>\n<li>Quiosque Rodovi\u00e1ria Roberto Silveira \u2013 9h \u00e0s 16h<\/li>\n<\/ul>\n<p> <strong>Postos para aplica\u00e7\u00e3o do refor\u00e7o da bivalente &#8211; Atendimento por livre demanda<\/strong> <\/p>\n<ul>\n<li>UBS Tocos \u2013 9h \u00e0s 15h<\/li>\n<li>UBSF Conselheiro Josino \u2013 9h \u00e0s 15h<\/li>\n<li>UBSF Lagamar\/Farol de S\u00e3o Tom\u00e9 \u2013 9h \u00e0s 15h<\/li>\n<li>UBSF Lagoa de Cima \u2013 9h \u00e0s 15h<\/li>\n<li>UBSF Parque Prazeres \u2013 9h \u00e0s 15h<\/li>\n<li>UPH Travess\u00e3o \u2013 9h \u00e0s 15h<\/li>\n<\/ul>\n<ul>\n<li> <a href=\"https:\/\/g1.globo.com\/rj\/norte-fluminense\/cidade\/campos-dos-goytacazes\/\" class=\"entities__list-itemLink\" data-track-click=\"Campos dos Goytacazes\"> Campos dos Goytacazes <\/a> <\/li>\n<\/ul>\n","protected":false},"excerpt":{"rendered":"<p>1 de 1&#013;Prefeitura de Campos divulga semanalmente cronograma de vacina\u00e7\u00e3o contra a Covid-19 \u2014 Foto: C\u00e9sar Ferreira\/Prefeitura de Campos Prefeitura de Campos divulga semanalmente cronograma de vacina\u00e7\u00e3o contra a Covid-19 \u2014 Foto: C\u00e9sar Ferreira\/Prefeitura de Campos Campos dos Goytacazes, no Norte Fluminense, disponibilizou o cronograma semanal de vacina\u00e7\u00e3o contra a Covid-19, que vai desta segunda-feira [&hellip;]<\/p>\n","protected":false},"author":1,"featured_media":0,"comment_status":"closed","ping_status":"closed","sticky":false,"template":"","format":"standard","meta":{"footnotes":""},"categories":[],"tags":[],"class_list":["post-51927","post","type-post","status-publish","format-standard","hentry"],"_links":{"self":[{"href":"https:\/\/blog.corretoraideal.com.br\/index.php\/wp-json\/wp\/v2\/posts\/51927","targetHints":{"allow":["GET"]}}],"collection":[{"href":"https:\/\/blog.corretoraideal.com.br\/index.php\/wp-json\/wp\/v2\/posts"}],"about":[{"href":"https:\/\/blog.corretoraideal.com.br\/index.php\/wp-json\/wp\/v2\/types\/post"}],"author":[{"embeddable":true,"href":"https:\/\/blog.corretoraideal.com.br\/index.php\/wp-json\/wp\/v2\/users\/1"}],"replies":[{"embeddable":true,"href":"https:\/\/blog.corretoraideal.com.br\/index.php\/wp-json\/wp\/v2\/comments?post=51927"}],"version-history":[{"count":1,"href":"https:\/\/blog.corretoraideal.com.br\/index.php\/wp-json\/wp\/v2\/posts\/51927\/revisions"}],"predecessor-version":[{"id":51929,"href":"https:\/\/blog.corretoraideal.com.br\/index.php\/wp-json\/wp\/v2\/posts\/51927\/revisions\/51929"}],"wp:attachment":[{"href":"https:\/\/blog.corretoraideal.com.br\/index.php\/wp-json\/wp\/v2\/media?parent=51927"}],"wp:term":[{"taxonomy":"category","embeddable":true,"href":"https:\/\/blog.corretoraideal.com.br\/index.php\/wp-json\/wp\/v2\/categories?post=51927"},{"taxonomy":"post_tag","embeddable":true,"href":"https:\/\/blog.corretoraideal.com.br\/index.php\/wp-json\/wp\/v2\/tags?post=51927"}],"curies":[{"name":"wp","href":"https:\/\/api.w.org\/{rel}","templated":true}]}}