{"id":51930,"date":"2023-08-28T17:29:42","date_gmt":"2023-08-28T17:29:42","guid":{"rendered":"https:\/\/blog.corretoraideal.com.br\/?p=51930"},"modified":"2023-08-28T17:29:42","modified_gmt":"2023-08-28T17:29:42","slug":"passageiros-da-viagem-de-onibus-mais-longa-do-mundo-enfrentam-falta-de-banho-e-improvisam-famoso-banho-de-gato-profissao-reporter-g1","status":"publish","type":"post","link":"https:\/\/blog.corretoraideal.com.br\/index.php\/2023\/08\/28\/passageiros-da-viagem-de-onibus-mais-longa-do-mundo-enfrentam-falta-de-banho-e-improvisam-famoso-banho-de-gato-profissao-reporter-g1\/","title":{"rendered":"Passageiros da viagem de \u00f4nibus mais longa do mundo enfrentam falta de banho e improvisam: \u2018Famoso banho de gato\u2019 | Profiss\u00e3o Rep\u00f3rter | G1"},"content":{"rendered":"<p>                <img loading=\"lazy\" decoding=\"async\" class=\"aligncenter size-full wp-image-51932\" src=\"https:\/\/blog.corretoraideal.com.br\/wp-content\/uploads\/2023\/08\/passageiros-da-viagem-de-onibus-mais-longa-do-mundo-enfrentaram-noite-sem-banho-e-decidem-improvisar-famoso-banho-de-gato.jpeg\" alt=\"Passageiros da viagem de \u00f4nibus mais longa do mundo enfrentaram noite sem banho e decidem improvisar: \u2018Famoso banho de gato\u2019\" width=\"800\" height=\"400\" \/>      <\/p>\n<p> Passageiros da viagem de \u00f4nibus mais longa do mundo enfrentaram noite sem banho e decidem improvisar: \u2018Famoso banho de gato\u2019 <\/p>\n<p> O <a class href=\"http:\/\/g1.globo.com\/profissao-reporter\/\">Profiss\u00e3o Rep\u00f3rter <\/a>desta ter\u00e7a-feira (8) embarcou na <a class href=\"https:\/\/g1.globo.com\/profissao-reporter\/noticia\/2023\/08\/09\/maior-viagem-de-onibus-do-mundo-dura-seis-dias-e-percorre-mais-de-seis-mil-quilometros-os-detalhes-da-rota-que-sai-do-rio-e-vai-ate-o-peru.ghtml\"><strong>viagem de \u00f4nibus mais longa do mundo<\/strong><\/a>, que sai do Brasil com destino ao Peru. Ao todo, foram seis dias, mais de 120 horas e seis mil quil\u00f4metros percorridos. <\/p>\n<p> A dificuldade para tomar banho foi um dos principais perrengues que os rep\u00f3rteres e demais passageiros tiveram que enfrentar durante o trajeto. <\/p>\n<p> Na quarta noite da viagem, sem parada para o banho, os passageiros precisaram improvisar para se higienizar. O Ramon e a namorada, por exemplo, decidiram utilizar len\u00e7os umedecidos. <\/p>\n<p>&quot;Esse aqui \u00e9 o famoso banho de gato&quot;, brincou. <\/p>\n<p> Enquanto isso, o menino Arthur, de 11 anos, expressou o desejo de finalmente tomar um banho quando a viagem terminasse. <\/p>\n<p>&quot;S\u00f3 estou esperando a viagem acabar para eu ir finalmente tomar meu banho, ter meu len\u00e7ol quentinho para eu me enrolar&quot;. <\/p>\n<p> <strong>LEIA TAMB\u00c9M:<\/strong> <\/p>\n<ul>\n<li><a class href=\"https:\/\/g1.globo.com\/profissao-reporter\/noticia\/2023\/08\/10\/onibus-trepidando-e-amplitude-termica-os-detalhes-da-travessia-na-fronteira-entre-brasil-e-peru.ghtml\">\u00d4nibus trepidando e amplitude t\u00e9rmica: os detalhes da travessia na fronteira <\/a><\/li>\n<li><a class href=\"https:\/\/g1.globo.com\/profissao-reporter\/noticia\/2023\/08\/09\/maior-viagem-de-onibus-do-mundo-dura-seis-dias-e-percorre-mais-de-seis-mil-quilometros-os-detalhes-da-rota-que-sai-do-rio-e-vai-ate-o-peru.ghtml\">Maior viagem de \u00f4nibus do mundo dura seis dias e percorre mais de seis mil quil\u00f4metros: os detalhes da rota que sai do Rio e vai at\u00e9 o Peru<\/a><\/li>\n<\/ul>\n<p><h2>Paradas para o banho <\/h2>\n<\/p>\n<p> Mas, calma: os passageiros n\u00e3o ficaram todos os dias sem o banho. No terceiro dia de viagem, ainda em solo brasileiro, eles tiveram a oportunidade de fazer uma parada para tomar banho, quando chegaram a Rond\u00f4nia. <\/p>\n<p>                   <img loading=\"lazy\" decoding=\"async\" class=\"aligncenter size-full wp-image-51933\" src=\"https:\/\/blog.corretoraideal.com.br\/wp-content\/uploads\/2023\/08\/viagem-de-onibus-mais-longa-do-mundo-veja-como-sao-as-paradas-para-o-banho.jpeg\" alt=\"Viagem de \u00f4nibus mais longa do mundo: veja como s\u00e3o as paradas para o banho\" width=\"800\" height=\"400\" \/>      <\/p>\n<p> Viagem de \u00f4nibus mais longa do mundo: veja como s\u00e3o as paradas para o banho <\/p>\n<p> No entanto, o tempo dispon\u00edvel para essa parada era <strong>limitado a apenas 30 minutos<\/strong> para todo o \u00f4nibus. <strong>(Veja como foi no v\u00eddeo acima)<\/strong> <\/p>\n<p> J\u00e1 na parada na cidade peruana de Cusco, muitos passageiros desembarcam para fazer o tradicional passeio para Machu Picchu. Mas o rep\u00f3rter Andr\u00e9 Neves Sampaio e outros passageiros, que continuaram a viagem at\u00e9 <a class href=\"http:\/\/g1.globo.com\/mundo\/peru\/cidade\/lima.html\">Lima<\/a>, aproveitaram para tomar banho e se alimentar. <\/p>\n<p>                   <img loading=\"lazy\" decoding=\"async\" class=\"aligncenter size-full wp-image-51934\" src=\"https:\/\/blog.corretoraideal.com.br\/wp-content\/uploads\/2023\/08\/reporter-e-outros-passageiros-com-destino-a-lima-tomam-banho-em-posto-de-combustiveis-em-cusco.jpeg\" alt=\"Rep\u00f3rter e outros passageiros com destino a Lima tomam banho em posto de combust\u00edveis em Cusco\" width=\"800\" height=\"400\" \/>      <\/p>\n<p> Rep\u00f3rter e outros passageiros com destino a Lima tomam banho em posto de combust\u00edveis em Cusco <\/p>\n<p> O banho aconteceu em um posto de gasolina, na beira da estrada. <strong>E o tratamento de beleza \u00e9 completo:<\/strong> al\u00e9m do banho, alguns passageiros usaram esse tempo tamb\u00e9m para manter o corte de cabelo em dia. <\/p>\n<p>         1 de 1&#013;Homens cortam o cabelo um do outros em posto de gasolina de Cusco, ap\u00f3s parada do \u00f4nibus. \u2014 Foto: Reprodu\u00e7\u00e3o\/Profiss\u00e3o Rep\u00f3rter    <\/p>\n<p> Homens cortam o cabelo um do outros em posto de gasolina de Cusco, ap\u00f3s parada do \u00f4nibus. \u2014 Foto: Reprodu\u00e7\u00e3o\/Profiss\u00e3o Rep\u00f3rter <\/p>\n<p><h2>Veja o programa completo abaixo:<\/h2>\n<\/p>\n<p>                   <img loading=\"lazy\" decoding=\"async\" class=\"aligncenter size-full wp-image-51935\" src=\"https:\/\/blog.corretoraideal.com.br\/wp-content\/uploads\/2023\/08\/edicao-de-08-08-2023-2.jpeg\" alt=\"Edi\u00e7\u00e3o de 08\/08\/2023\" width=\"800\" height=\"400\" \/>      <\/p>\n<p> Edi\u00e7\u00e3o de 08\/08\/2023 <\/p>\n<ul>\n<li> <a href=\"https:\/\/g1.globo.com\/topico\/acre\" class=\"entities__list-itemLink\" data-track-click=\"Acre\"> Acre <\/a> <\/li>\n<li> <a href=\"https:\/\/g1.globo.com\/mundo\/peru\/cidade\/lima.html\" class=\"entities__list-itemLink\" data-track-click=\"Lima\"> Lima <\/a> <\/li>\n<li> <a href=\"https:\/\/g1.globo.com\/topico\/mato-grosso\" class=\"entities__list-itemLink\" data-track-click=\"Mato Grosso\"> Mato Grosso <\/a> <\/li>\n<li> <a href=\"https:\/\/g1.globo.com\/topico\/mato-grosso-do-sul\" class=\"entities__list-itemLink\" data-track-click=\"Mato Grosso do Sul\"> Mato Grosso do Sul <\/a> <\/li>\n<li> <a href=\"https:\/\/g1.globo.com\/rj\/rio-de-janeiro\/cidade\/rio-de-janeiro\/\" class=\"entities__list-itemLink\" data-track-click=\"Rio de Janeiro\"> Rio de Janeiro <\/a> <\/li>\n<li> <a href=\"https:\/\/g1.globo.com\/topico\/rondonia\" class=\"entities__list-itemLink\" data-track-click=\"Rond\u00f4nia\"> Rond\u00f4nia <\/a> <\/li>\n<li> <a href=\"https:\/\/g1.globo.com\/sp\/sao-paulo\/cidade\/sao-paulo\/\" class=\"entities__list-itemLink\" data-track-click=\"S\u00e3o Paulo\"> S\u00e3o Paulo <\/a> <\/li>\n<\/ul>\n","protected":false},"excerpt":{"rendered":"<p>Passageiros da viagem de \u00f4nibus mais longa do mundo enfrentaram noite sem banho e decidem improvisar: \u2018Famoso banho de gato\u2019 O Profiss\u00e3o Rep\u00f3rter desta ter\u00e7a-feira (8) embarcou na viagem de \u00f4nibus mais longa do mundo, que sai do Brasil com destino ao Peru. Ao todo, foram seis dias, mais de 120 horas e seis mil [&hellip;]<\/p>\n","protected":false},"author":1,"featured_media":0,"comment_status":"closed","ping_status":"closed","sticky":false,"template":"","format":"standard","meta":{"footnotes":""},"categories":[],"tags":[],"class_list":["post-51930","post","type-post","status-publish","format-standard","hentry"],"_links":{"self":[{"href":"https:\/\/blog.corretoraideal.com.br\/index.php\/wp-json\/wp\/v2\/posts\/51930","targetHints":{"allow":["GET"]}}],"collection":[{"href":"https:\/\/blog.corretoraideal.com.br\/index.php\/wp-json\/wp\/v2\/posts"}],"about":[{"href":"https:\/\/blog.corretoraideal.com.br\/index.php\/wp-json\/wp\/v2\/types\/post"}],"author":[{"embeddable":true,"href":"https:\/\/blog.corretoraideal.com.br\/index.php\/wp-json\/wp\/v2\/users\/1"}],"replies":[{"embeddable":true,"href":"https:\/\/blog.corretoraideal.com.br\/index.php\/wp-json\/wp\/v2\/comments?post=51930"}],"version-history":[{"count":1,"href":"https:\/\/blog.corretoraideal.com.br\/index.php\/wp-json\/wp\/v2\/posts\/51930\/revisions"}],"predecessor-version":[{"id":51936,"href":"https:\/\/blog.corretoraideal.com.br\/index.php\/wp-json\/wp\/v2\/posts\/51930\/revisions\/51936"}],"wp:attachment":[{"href":"https:\/\/blog.corretoraideal.com.br\/index.php\/wp-json\/wp\/v2\/media?parent=51930"}],"wp:term":[{"taxonomy":"category","embeddable":true,"href":"https:\/\/blog.corretoraideal.com.br\/index.php\/wp-json\/wp\/v2\/categories?post=51930"},{"taxonomy":"post_tag","embeddable":true,"href":"https:\/\/blog.corretoraideal.com.br\/index.php\/wp-json\/wp\/v2\/tags?post=51930"}],"curies":[{"name":"wp","href":"https:\/\/api.w.org\/{rel}","templated":true}]}}