{"id":51941,"date":"2023-08-28T19:29:58","date_gmt":"2023-08-28T19:29:58","guid":{"rendered":"https:\/\/blog.corretoraideal.com.br\/?p=51941"},"modified":"2023-08-28T19:29:58","modified_gmt":"2023-08-28T19:29:58","slug":"por-que-taxis-sem-motoristas-estao-dividindo-moradores-de-sao-francisco-tecnologia-g1","status":"publish","type":"post","link":"https:\/\/blog.corretoraideal.com.br\/index.php\/2023\/08\/28\/por-que-taxis-sem-motoristas-estao-dividindo-moradores-de-sao-francisco-tecnologia-g1\/","title":{"rendered":"Por que t\u00e1xis sem motoristas est\u00e3o dividindo moradores de S\u00e3o Francisco | Tecnologia | G1"},"content":{"rendered":"<p>      1 de 3&#013;Ativistas protestam contra os t\u00e1xis aut\u00f4nomos colocando cones de tr\u00e2nsito em seus cap\u00f4s, o que paralisa os ve\u00edculos at\u00e9 que objeto seja retirado \u2014 Foto: BBC    <\/p>\n<p> Ativistas protestam contra os t\u00e1xis aut\u00f4nomos colocando cones de tr\u00e2nsito em seus cap\u00f4s, o que paralisa os ve\u00edculos at\u00e9 que objeto seja retirado \u2014 Foto: BBC <\/p>\n<p> Meu batimento card\u00edaco acelera um pouco conforme o t\u00e1xi se aproxima. \u00c9 uma vis\u00e3o bizarra que nunca imaginei ter na vida. <\/p>\n<p> O t\u00e1xi n\u00e3o tem motorista. Ele para na minha frente e me orienta a destrancar a porta com meu telefone \u2013 antes de me levar noite adentro. <\/p>\n<p> Mas quando estou prestes a entrar, um transeunte se aproxima. <\/p>\n<p> &quot;Eles n\u00e3o s\u00e3o seguros&quot;, ele me diz. Ele afirma que viu algu\u00e9m quase ser atropelado por um t\u00e1xi aut\u00f4nomo, e me avisa para ter cuidado. <\/p>\n<p> O transeunte representa uma parcela da popula\u00e7\u00e3o de S\u00e3o Francisco que n\u00e3o gosta dos t\u00e1xis &quot;rob\u00f4s&quot;. E acredita que a cidade permitiu um experimento perigoso, que est\u00e1 colocando vidas em risco. <\/p>\n<p> Alguns dos descontentes v\u00e3o al\u00e9m. <\/p>\n<p> Durante o ver\u00e3o, um grupo de ativistas come\u00e7ou a sabotar os carros, colocando cones de tr\u00e2nsito em seus cap\u00f4s \u2013 a pr\u00e1tica paralisa os ve\u00edculos, deixando-os fora de atividade at\u00e9 que o objeto seja removido. <\/p>\n<p>O grupo Safe Street Rebel (Rebeldes por Ruas Seguras, em tradu\u00e7\u00e3o livre) descreve o que faz como &quot;coning&quot; (algo como &quot;coneamento&quot;) e alguns de seus v\u00eddeos se tornaram virais. <\/p>\n<p> Mas as autoridades municipais est\u00e3o empenhadas em permitir que os t\u00e1xis rob\u00f4s operem nas ruas \u2013 por enquanto. <\/p>\n<p>         2 de 3&#013;Vista do banco do passageiro de um t\u00e1xi aut\u00f4nomo Cruise \u2014 Foto: BBC    <\/p>\n<p> Vista do banco do passageiro de um t\u00e1xi aut\u00f4nomo Cruise \u2014 Foto: BBC <\/p>\n<p> Em 10 de agosto de 2023, a Comiss\u00e3o de Servi\u00e7os P\u00fablicos da Calif\u00f3rnia (CPUC, na sigla em ingl\u00eas) votou para permitir que duas empresas de t\u00e1xi \u2013 Waymo e Cruise \u2013 operassem um servi\u00e7o 24 horas. Anteriormente, eles s\u00f3 tinham permiss\u00e3o para operar viagens \u00e0 noite. <\/p>\n<p> Antes dessa vota\u00e7\u00e3o, as autoridades passaram seis horas em uma audi\u00eancia p\u00fablica na qual cidad\u00e3os expressaram suas expectativas e preocupa\u00e7\u00f5es. <\/p>\n<ul>\n<li><a class href=\"https:\/\/g1.globo.com\/tecnologia\/noticia\/2023\/08\/28\/quem-e-leonid-radvinsky-bilionario-ucraniano-dono-do-onlyfans.ghtml\">Quem \u00e9 Leonid Radvinsky, que ganhou R$ 4,5 milh\u00f5es por dia em 2022 como dono do OnlyFans<\/a><\/li>\n<\/ul>\n<p><h2>Os contr\u00e1rios<\/h2>\n<\/p>\n<p> Havia motoristas das plataformas <a class href=\"https:\/\/g1.globo.com\/tudo-sobre\/uber\/\">Uber<\/a> e Lyft preocupados com a possiblidade de que os t\u00e1xis automatizados tirem seus meios de subsist\u00eancia. <\/p>\n<p>&quot;Se voc\u00ea permitir a expans\u00e3o dos t\u00e1xis aut\u00f4nomos, isso vai tirar empregos das fam\u00edlias. Sou m\u00e3e solteira&quot;, disse Rosine, motorista de <a class href=\"https:\/\/g1.globo.com\/tudo-sobre\/uber\/\">Uber<\/a> na cidade.<\/p>\n<p> Representantes dos caminhoneiros de coleta de lixo disseram que os carros frequentemente quebravam e bloqueavam seu caminho. <\/p>\n<p> O servi\u00e7o de bombeiros de S\u00e3o Francisco criticou os carros pelo mesmo motivo \u2013 alegando que seus trajetos foram obstru\u00eddos 55 vezes este ano. <\/p>\n<p> Outros acreditam que a tecnologia simplesmente ainda n\u00e3o provou ser segura. <\/p>\n<p>&quot;Eu adoro tecnologia, mas ainda n\u00e3o est\u00e1 pronto. Isso \u00e9 um perigo para os cidad\u00e3os de S\u00e3o Francisco&quot;, disse Matthew Sutter, um motorista de t\u00e1xi da cidade.<\/p>\n<p> Na audi\u00eancia p\u00fablica, havia representantes de pessoas com defici\u00eancia f\u00edsica que se perguntavam como conseguiriam entrar em t\u00e1xis sem a ajuda de um motorista. <\/p>\n<p> Mara Math, membro do Conselho de Coordena\u00e7\u00e3o de Paratr\u00e2nsito, disse que a ado\u00e7\u00e3o dos t\u00e1xis aut\u00f4nomos &quot;deixaria os deficientes de S\u00e3o Francisco desamparados&quot;. <\/p>\n<ul>\n<li><a class href=\"https:\/\/g1.globo.com\/tecnologia\/noticia\/2023\/08\/27\/modo-aviao-do-celular-por-que-e-preciso-ativar-o-recurso-durante-voos.ghtml\">Por que \u00e9 preciso ativar o modo avi\u00e3o no celular durante voos<\/a><\/li>\n<\/ul>\n<p><h2>E os favor\u00e1veis<\/h2>\n<\/p>\n<p> Mas havia tamb\u00e9m no encontro apoiadores dos ve\u00edculos sem motoristas. <\/p>\n<p>&quot;Vejo como esses carros se comportam e confio muito mais neles do que em motoristas irritados ou distra\u00eddos&quot;, disse George Janku, cirurgi\u00e3o ortop\u00e9dico de S\u00e3o Francisco e ciclista.<\/p>\n<p> Ele acrescentou que trabalhou em muitos ferimentos graves envolvendo motoristas e que os t\u00e1xis aut\u00f4nomos parecem ser mais seguros. <\/p>\n<p> Jessie Wolinsky, que tem defici\u00eancia visual, disse que foi assediada por motoristas de <a class href=\"https:\/\/g1.globo.com\/tudo-sobre\/uber\/\">Uber<\/a> e Lyft. Os carros da Waymo &quot;me proporcionaram um n\u00edvel de seguran\u00e7a que nunca experimentei antes&quot;. <\/p>\n<p> Houve tamb\u00e9m uma m\u00e3e que disse que os taxistas a rejeitaram quando viram as cadeirinhas dos seus filhos \u2013 algo que um carro sem condutor nunca faria. <\/p>\n<ul>\n<li><a class href=\"https:\/\/g1.globo.com\/tecnologia\/noticia\/2023\/08\/26\/acham-que-sou-louco-brasileiros-contam-por-que-escanearam-iris-em-troca-de-criptomoedas-em-projeto-do-criador-do-chatgpt.ghtml\">&#x27;Acham que sou louco&#x27;: brasileiros contam por que escanearam \u00edris em troca de criptomoedas<\/a><\/li>\n<\/ul>\n<p><h2>Acidentes e o que dizem as empresas<\/h2>\n<\/p>\n<p> Ouvi os dois lados da discuss\u00e3o. <\/p>\n<p> Usei os t\u00e1xis aut\u00f4nomos da Cruise v\u00e1rias vezes nos \u00faltimos meses, sem nenhum acidente. Ao mesmo tempo, tamb\u00e9m estive num t\u00e1xi rob\u00f4 que quebrou no meio da rua. <\/p>\n<p> Sem saber como lidar com uma curva fechada para a direita, ele simplesmente parou. Os carros atr\u00e1s de mim buzinaram e finalmente subiram no meio-fio para nos contornar. Eu pude entender a frustra\u00e7\u00e3o deles. <\/p>\n<p> Apenas oito dias ap\u00f3s a vota\u00e7\u00e3o para permitir que as empresas expandissem o uso de t\u00e1xis rob\u00f4s, um t\u00e1xi Cruise se envolveu em um acidente com um carro de bombeiros. <\/p>\n<p>         3 de 3&#013;Postagem da Cruise sobre acidente envolvendo um dos ve\u00edculos aut\u00f4nomos operados pela empresa \u2014 Foto: Reprodu\u00e7\u00e3o\/Twitter    <\/p>\n<p> Postagem da Cruise sobre acidente envolvendo um dos ve\u00edculos aut\u00f4nomos operados pela empresa \u2014 Foto: Reprodu\u00e7\u00e3o\/Twitter <\/p>\n<p> A Secretaria Estadual de Ve\u00edculos Automotores da Calif\u00f3rnia solicitou que a Cruise reduzisse pela metade o n\u00famero de ve\u00edculos nas ruas \u2013 o que a empresa concordou em fazer. <\/p>\n<p> O procurador da cidade, David Chiu, pediu \u00e0 CPUC que suspendesse a decis\u00e3o de expandir a oferta de t\u00e1xis aut\u00f4nomos. &quot;S\u00e3o Francisco sofrer\u00e1 s\u00e9rios danos com esta expans\u00e3o desenfreada&quot;, argumentou. <\/p>\n<p> A Cruise e a Waymo insistem que seus t\u00e1xis aut\u00f4nomos s\u00e3o seguros. <\/p>\n<p> A Waymo disse \u00e0 BBC que a empresa completou mais de 3 milh\u00f5es de milhas (cerca de 4,8 milh\u00f5es de quil\u00f4metros) de condu\u00e7\u00e3o totalmente aut\u00f4noma. E afirma n\u00e3o ter sofrido nenhum acidente com pedestre ou ciclista. <\/p>\n<p> A empresa tamb\u00e9m diz que as colis\u00f5es entre ve\u00edculos em que se envolveu ocorreram quando outros motoristas infringiram as regras ou dirigiram perigosamente. <\/p>\n<p> A Cruise, por sua vez, disse que completou tr\u00eas milh\u00f5es de milhas sem motorista e que tem um s\u00f3lido hist\u00f3rico de seguran\u00e7a. <\/p>\n<p><h2>&#x27;Ludismo&#x27; do s\u00e9culo 21?<\/h2>\n<\/p>\n<p> Muitos moradores de S\u00e3o Francisco ainda n\u00e3o est\u00e3o convencidos. Num parque tranquilo da cidade, conheci uma pessoa que faz parte da lideran\u00e7a grupo Safe Street Rebel \u2013 que deseja manter o anonimato. <\/p>\n<p> Essa pessoa me diz que o &quot;coning&quot; pode ser apenas o come\u00e7o dos protestos f\u00edsicos contra a intelig\u00eancia artificial. E que este tipo de a\u00e7\u00f5es humanas se tornar\u00e3o cada vez mais comuns. <\/p>\n<p> A pessoa representante do grupo relata frustra\u00e7\u00e3o porque as preocupa\u00e7\u00f5es das pessoas com rela\u00e7\u00e3o aos t\u00e1xis aut\u00f4nomos em S\u00e3o Francisco n\u00e3o estariam sendo ouvidas. <\/p>\n<p>&quot;Definitivamente n\u00e3o somos vigilantes. Somos apenas a comunidade que se auto-organiza para nos fazermos ouvir.&quot;<\/p>\n<p> Perguntei se os ativistas contr\u00e1rios aos ve\u00edculos aut\u00f4nomos seriam o equivalente do s\u00e9culo 21 aos ludistas \u2013 grupo que se opunha veementemente \u00e0 industrializa\u00e7\u00e3o no in\u00edcio do s\u00e9culo 19, destruindo m\u00e1quinas como forma de protesto. <\/p>\n<p> &quot;Sim, acho que h\u00e1 paralelos aqui. E acho que os ludistas foram tratados injustamente ao longo da hist\u00f3ria.&quot; <\/p>\n<p><h2>Encruzilhada<\/h2>\n<\/p>\n<p> S\u00e3o Francisco est\u00e1 em uma situa\u00e7\u00e3o estranha. <\/p>\n<p> A cidade quer estar na vanguarda da inova\u00e7\u00e3o, mas as autoridades municipais n\u00e3o conseguiram levar muitos residentes a aderir. <\/p>\n<p> Agora, parece que o munic\u00edpio chegou a uma encruzilhada. As empresas insistem que os ve\u00edculos s\u00e3o seguros. Mas se n\u00e3o conseguirem convencer a popula\u00e7\u00e3o disso, ter\u00e3o de lutar para permanecer nas ruas. <\/p>\n<ul>\n<li> <a href=\"https:\/\/g1.globo.com\/tudo-sobre\/estados-unidos\/\" class=\"entities__list-itemLink\" data-track-click=\"Estados Unidos\"> Estados Unidos <\/a> <\/li>\n<li> <a href=\"https:\/\/g1.globo.com\/tudo-sobre\/uber\/\" class=\"entities__list-itemLink\" data-track-click=\"Uber\"> Uber <\/a> <\/li>\n<\/ul>\n","protected":false},"excerpt":{"rendered":"<p>1 de 3&#013;Ativistas protestam contra os t\u00e1xis aut\u00f4nomos colocando cones de tr\u00e2nsito em seus cap\u00f4s, o que paralisa os ve\u00edculos at\u00e9 que objeto seja retirado \u2014 Foto: BBC Ativistas protestam contra os t\u00e1xis aut\u00f4nomos colocando cones de tr\u00e2nsito em seus cap\u00f4s, o que paralisa os ve\u00edculos at\u00e9 que objeto seja retirado \u2014 Foto: BBC Meu [&hellip;]<\/p>\n","protected":false},"author":1,"featured_media":0,"comment_status":"closed","ping_status":"closed","sticky":false,"template":"","format":"standard","meta":{"footnotes":""},"categories":[],"tags":[],"class_list":["post-51941","post","type-post","status-publish","format-standard","hentry"],"_links":{"self":[{"href":"https:\/\/blog.corretoraideal.com.br\/index.php\/wp-json\/wp\/v2\/posts\/51941","targetHints":{"allow":["GET"]}}],"collection":[{"href":"https:\/\/blog.corretoraideal.com.br\/index.php\/wp-json\/wp\/v2\/posts"}],"about":[{"href":"https:\/\/blog.corretoraideal.com.br\/index.php\/wp-json\/wp\/v2\/types\/post"}],"author":[{"embeddable":true,"href":"https:\/\/blog.corretoraideal.com.br\/index.php\/wp-json\/wp\/v2\/users\/1"}],"replies":[{"embeddable":true,"href":"https:\/\/blog.corretoraideal.com.br\/index.php\/wp-json\/wp\/v2\/comments?post=51941"}],"version-history":[{"count":1,"href":"https:\/\/blog.corretoraideal.com.br\/index.php\/wp-json\/wp\/v2\/posts\/51941\/revisions"}],"predecessor-version":[{"id":51943,"href":"https:\/\/blog.corretoraideal.com.br\/index.php\/wp-json\/wp\/v2\/posts\/51941\/revisions\/51943"}],"wp:attachment":[{"href":"https:\/\/blog.corretoraideal.com.br\/index.php\/wp-json\/wp\/v2\/media?parent=51941"}],"wp:term":[{"taxonomy":"category","embeddable":true,"href":"https:\/\/blog.corretoraideal.com.br\/index.php\/wp-json\/wp\/v2\/categories?post=51941"},{"taxonomy":"post_tag","embeddable":true,"href":"https:\/\/blog.corretoraideal.com.br\/index.php\/wp-json\/wp\/v2\/tags?post=51941"}],"curies":[{"name":"wp","href":"https:\/\/api.w.org\/{rel}","templated":true}]}}