{"id":51944,"date":"2023-08-28T21:29:49","date_gmt":"2023-08-28T21:29:49","guid":{"rendered":"https:\/\/blog.corretoraideal.com.br\/?p=51944"},"modified":"2023-08-28T21:29:49","modified_gmt":"2023-08-28T21:29:49","slug":"prefeitura-de-varre-sai-anuncia-processo-seletivo-para-cadastro-de-reserva-na-area-da-saude-norte-fluminense-g1","status":"publish","type":"post","link":"https:\/\/blog.corretoraideal.com.br\/index.php\/2023\/08\/28\/prefeitura-de-varre-sai-anuncia-processo-seletivo-para-cadastro-de-reserva-na-area-da-saude-norte-fluminense-g1\/","title":{"rendered":"Prefeitura de Varre-Sai anuncia processo seletivo para cadastro de reserva na \u00e1rea da Sa\u00fade | Norte Fluminense | G1"},"content":{"rendered":"<p>      1 de 1&#013;Processo seletivo para cadastro de reserva em Varre-Sai tem vagas para diversos cargos na \u00e1rea da Sa\u00fade \u2014 Foto: Prefeitura de Varre-Sai    <\/p>\n<p> Processo seletivo para cadastro de reserva em Varre-Sai tem vagas para diversos cargos na \u00e1rea da Sa\u00fade \u2014 Foto: Prefeitura de Varre-Sai <\/p>\n<p> A Prefeitura de Varre-Sai, no Noroeste Fluminense, anunciou a abertura de processo seletivo para a forma\u00e7\u00e3o de cadastro reserva na \u00e1rea da Sa\u00fade. <\/p>\n<p> As inscri\u00e7\u00f5es come\u00e7am na pr\u00f3xima quarta-feira (30) no Setor de Protocolo da Prefeitura, que fica na Pra\u00e7a Am\u00e9lia Vargas de Oliveira, n\u00ba 01, Centro. O hor\u00e1rio de atendimento vai de 8h \u00e0s 11h e de 13h \u00e0s 17h. <\/p>\n<p> Informa\u00e7\u00f5es sobre cargos, quantitativo de vagas, carga hor\u00e1ria semanal, remunera\u00e7\u00e3o e atribui\u00e7\u00f5es est\u00e3o dispon\u00edveis no edital do Processo Seletivo, que pode ser acessado no site oficial da Prefeitura de Varre-Sai, atrav\u00e9s do link: <a class href=\"https:\/\/varresai.rj.gov.br\/site\/concursos_e_processos_seletivos\/processo_seletivo_publico_simplificado_-_secretaria_municipal_de_saude_edital_n%C2%BA_002_2023\/11\" target=\"_blank\" rel=\"noopener noreferrer\">https:\/\/varresai.rj.gov.br\/site\/concursos_e_processos_seletivos\/processo_seletivo_publico_simplificado_-_secretaria_municipal_de_saude_edital_n%C2%BA_002_2023\/11<\/a>. <\/p>\n<p> Os sal\u00e1rios variam de R$ 1.615,40 at\u00e9 R$ 11.184,87. <\/p>\n<p><h2>Cargos do processo seletivo: <\/h2>\n<\/p>\n<ul>\n<li>M\u00e9dico ESF, Cirurgi\u00e3o-Dentista ESF<\/li>\n<li>Farmac\u00eautico\/Bioqu\u00edmico<\/li>\n<li>Fisioterapeuta<\/li>\n<li>Psic\u00f3logo<\/li>\n<li>Agente Comunit\u00e1rio de Sa\u00fade (ACS) ESF<\/li>\n<li>Agente de Endemia<\/li>\n<li>T\u00e9cnico e\/ou Auxiliar de Enfermagem (TSB) ESF<\/li>\n<li>T\u00e9cnico em Sa\u00fade Bucal ESF<\/li>\n<li>Auxiliar de Sa\u00fade Bucal (ASB) ESF<\/li>\n<\/ul>\n<p> A Prefeitura explica que a contrata\u00e7\u00e3o para a presta\u00e7\u00e3o de servi\u00e7os ser\u00e1 por tempo determinado, com prazo de vig\u00eancia do contrato de um ano, sendo admitida a sua renova\u00e7\u00e3o por igual per\u00edodo, dentro do prazo de validade do Processo Seletivo e conforme a conveni\u00eancia da administra\u00e7\u00e3o p\u00fablica. <\/p>\n<p> \u201c\u00c9 uma importante a\u00e7\u00e3o para dar seriedade \u00e0 contrata\u00e7\u00e3o tempor\u00e1ria, em que aguarda a realiza\u00e7\u00e3o do concurso p\u00fablico, uma vez que n\u00e3o podemos ficar sem os cargos para o funcionamento da Sa\u00fade\u201d, afirmou o secret\u00e1rio municipal de Sa\u00fade de Varre-Sai, Rafael Fabbri Ramos. <\/p>\n<ul> <\/ul>\n","protected":false},"excerpt":{"rendered":"<p>1 de 1&#013;Processo seletivo para cadastro de reserva em Varre-Sai tem vagas para diversos cargos na \u00e1rea da Sa\u00fade \u2014 Foto: Prefeitura de Varre-Sai Processo seletivo para cadastro de reserva em Varre-Sai tem vagas para diversos cargos na \u00e1rea da Sa\u00fade \u2014 Foto: Prefeitura de Varre-Sai A Prefeitura de Varre-Sai, no Noroeste Fluminense, anunciou a [&hellip;]<\/p>\n","protected":false},"author":1,"featured_media":0,"comment_status":"closed","ping_status":"closed","sticky":false,"template":"","format":"standard","meta":{"footnotes":""},"categories":[],"tags":[],"class_list":["post-51944","post","type-post","status-publish","format-standard","hentry"],"_links":{"self":[{"href":"https:\/\/blog.corretoraideal.com.br\/index.php\/wp-json\/wp\/v2\/posts\/51944","targetHints":{"allow":["GET"]}}],"collection":[{"href":"https:\/\/blog.corretoraideal.com.br\/index.php\/wp-json\/wp\/v2\/posts"}],"about":[{"href":"https:\/\/blog.corretoraideal.com.br\/index.php\/wp-json\/wp\/v2\/types\/post"}],"author":[{"embeddable":true,"href":"https:\/\/blog.corretoraideal.com.br\/index.php\/wp-json\/wp\/v2\/users\/1"}],"replies":[{"embeddable":true,"href":"https:\/\/blog.corretoraideal.com.br\/index.php\/wp-json\/wp\/v2\/comments?post=51944"}],"version-history":[{"count":1,"href":"https:\/\/blog.corretoraideal.com.br\/index.php\/wp-json\/wp\/v2\/posts\/51944\/revisions"}],"predecessor-version":[{"id":51946,"href":"https:\/\/blog.corretoraideal.com.br\/index.php\/wp-json\/wp\/v2\/posts\/51944\/revisions\/51946"}],"wp:attachment":[{"href":"https:\/\/blog.corretoraideal.com.br\/index.php\/wp-json\/wp\/v2\/media?parent=51944"}],"wp:term":[{"taxonomy":"category","embeddable":true,"href":"https:\/\/blog.corretoraideal.com.br\/index.php\/wp-json\/wp\/v2\/categories?post=51944"},{"taxonomy":"post_tag","embeddable":true,"href":"https:\/\/blog.corretoraideal.com.br\/index.php\/wp-json\/wp\/v2\/tags?post=51944"}],"curies":[{"name":"wp","href":"https:\/\/api.w.org\/{rel}","templated":true}]}}