{"id":51947,"date":"2023-08-28T22:30:21","date_gmt":"2023-08-28T22:30:21","guid":{"rendered":"https:\/\/blog.corretoraideal.com.br\/?p=51947"},"modified":"2023-08-28T22:30:21","modified_gmt":"2023-08-28T22:30:21","slug":"onibus-trepidando-e-amplitude-termica-os-detalhes-da-travessia-na-fronteira-entre-brasil-e-peru-profissao-reporter-g1","status":"publish","type":"post","link":"https:\/\/blog.corretoraideal.com.br\/index.php\/2023\/08\/28\/onibus-trepidando-e-amplitude-termica-os-detalhes-da-travessia-na-fronteira-entre-brasil-e-peru-profissao-reporter-g1\/","title":{"rendered":"\u00d4nibus trepidando e amplitude t\u00e9rmica: os detalhes da travessia na fronteira entre Brasil e Peru | Profiss\u00e3o Rep\u00f3rter | G1"},"content":{"rendered":"<p>                <img loading=\"lazy\" decoding=\"async\" class=\"aligncenter size-full wp-image-51949\" src=\"https:\/\/blog.corretoraideal.com.br\/wp-content\/uploads\/2023\/08\/onibus-trepidando-e-amplitude-termica-veja-os-detalhes-da-travessia-na-fronteira-entre-brasil-e-peru.jpeg\" alt=\"\u00d4nibus trepidando e amplitude t\u00e9rmica: veja os detalhes da travessia na fronteira entre Brasil e Peru\" width=\"800\" height=\"400\" \/>      <\/p>\n<p> \u00d4nibus trepidando e amplitude t\u00e9rmica: veja os detalhes da travessia na fronteira entre Brasil e Peru <\/p>\n<p> O <a class href=\"https:\/\/g1.globo.com\/profissao-reporter\/\">Profiss\u00e3o Rep\u00f3rter<\/a> desta ter\u00e7a-feira (8) cruzou o continente, do oceano Atl\u00e2ntico at\u00e9 o Pac\u00edfico e embarcou na <a class href=\"https:\/\/g1.globo.com\/profissao-reporter\/noticia\/2023\/08\/09\/maior-viagem-de-onibus-do-mundo-dura-seis-dias-e-percorre-mais-de-seis-mil-quilometros-os-detalhes-da-rota-que-sai-do-rio-e-vai-ate-o-peru.ghtml\"><strong>mais longa viagem de \u00f4nibus<\/strong>:<\/a> percorreu uma rota que come\u00e7a no estado do <a class href=\"https:\/\/g1.globo.com\/rj\/rio-de-janeiro\/cidade\/rio-de-janeiro\/\">Rio de Janeiro<\/a>, passa por diversos estados brasileiros, cruza a cordilheira dos Andes e pega a estrada transoce\u00e2nica at\u00e9 <a class href=\"http:\/\/g1.globo.com\/mundo\/peru\/cidade\/lima.html\">Lima<\/a>, no Peru. <\/p>\n<p> Ao todo, foram seis dias dentro de um \u00f4nibus, mais de 120 horas e seis mil quil\u00f4metros percorridos. E com uma amplitude t\u00e9rmica que variou dos quase 40\u00b0C do Rio de Janeiro at\u00e9 0\u00b0C. Um dos momentos mais desgastantes foi justamente na passagem pela fronteira. <\/p>\n<p> Ao chegar no Acre, \u00faltimo estado brasileiro da jornada, o quarto dia da viagem come\u00e7a com uma estrada que provoca trepida\u00e7\u00e3o em todo o ve\u00edculo e \u00e9 assim, ap\u00f3s mais de cinco mil quil\u00f4metros rodados, que os viajantes chegam a <a class href=\"https:\/\/g1.globo.com\/ac\/acre\/cidade\/assis-brasil\/\">Assis Brasil (AC)<\/a>, j\u00e1 na fronteira com o Peru. Por l\u00e1, \u00e9 obrigat\u00f3rio passar pelo controle de fronteira dos dois pa\u00edses. <\/p>\n<p> Os passageiros passam pelo escrit\u00f3rio da alf\u00e2ndega brasileira e, na sequ\u00eancia, pelo escrit\u00f3rio da alf\u00e2ndega peruana. Na travessia, os passageiros aproveitam para trocar o real brasileiro pela moeda do pa\u00eds vizinho. <\/p>\n<p>         1 de 1&#013;Passageros trocam dinheiro na chegada ao Peru. \u2014 Foto: TV Globo\/Reprodu\u00e7\u00e3o    <\/p>\n<p> Passageros trocam dinheiro na chegada ao Peru. \u2014 Foto: TV Globo\/Reprodu\u00e7\u00e3o <\/p>\n<p><h2>\u26a0\ufe0f? Parada n\u00e3o programada<\/h2>\n<\/p>\n<p> J\u00e1 em territ\u00f3rio peruano, a equipe do<a class href=\"https:\/\/g1.globo.com\/profissao-reporter\/\"><strong> Profiss\u00e3o Rep\u00f3rter<\/strong><\/a> e os demais passageiros seguem em dire\u00e7\u00e3o \u00e0 Cordilheira dos Andes. Dessa vez, a noite ser\u00e1 sem nenhuma parada para banho. <\/p>\n<p> No meio do caminho, no entanto, <a class href=\"https:\/\/g1.globo.com\/profissao-reporter\/noticia\/2023\/08\/09\/deslizamento-de-terra-atinge-rodovia-no-peru-e-travessia-vira-desafio-na-maior-viagem-de-onibus-do-mundo-veja-video.ghtml\">um deslizamento de pedras em Puerto Maldonado, no Peru, obrigou o \u00f4nibus a parar para aguardar a limpeza.<\/a> Os ve\u00edculos passam um a um, mesmo com pedras ainda rolando pelo morro. <\/p>\n<p>                   <img loading=\"lazy\" decoding=\"async\" class=\"aligncenter size-full wp-image-51950\" src=\"https:\/\/blog.corretoraideal.com.br\/wp-content\/uploads\/2023\/08\/maior-viagem-de-onibus-do-mundo-veiculo-e-obrigado-a-parar-apos-deslizamento-de-pedras-em-estrada-peruana-1.jpeg\" alt=\"Maior viagem de \u00f4nibus do mundo: ve\u00edculo \u00e9 obrigado a parar ap\u00f3s deslizamento de pedras em estrada peruana\" width=\"800\" height=\"400\" \/>      <\/p>\n<p> Maior viagem de \u00f4nibus do mundo: ve\u00edculo \u00e9 obrigado a parar ap\u00f3s deslizamento de pedras em estrada peruana <\/p>\n<p> Ap\u00f3s esse obst\u00e1culo, o ve\u00edculo chega, finalmente, \u00e0<strong> cordilheira dos Andes. <\/strong>A<strong> <\/strong>temperatura que na divisa brasileira era de 30 \u00b0C passa para 0\u00b0C na montanha e o cen\u00e1rio muda completamente. Antes de chegar em Cusco, onde ser\u00e1 feita a primeira descida oficial de passageiros, uma parada para o almo\u00e7o e o card\u00e1pio chama a aten\u00e7\u00e3o dos passageiros, que experimentam carne de lhama e outras iguarias locais. <\/p>\n<p> Ap\u00f3s a parada do almo\u00e7o, o grupo segue para a cidade peruana de Cusco, onde muitos passageiros desembarcam para fazer o tradicional passeio para Machu Picchu. O restante segue para os \u00faltimos mil quil\u00f4metros da viagem, at\u00e9 chegar a Lima. <\/p>\n<p> <strong>LEIA TAMB\u00c9M:<\/strong> <\/p>\n<ul>\n<li><a class href=\"https:\/\/g1.globo.com\/profissao-reporter\/noticia\/2023\/08\/09\/maior-viagem-de-onibus-do-mundo-dura-seis-dias-e-percorre-mais-de-seis-mil-quilometros-os-detalhes-da-rota-que-sai-do-rio-e-vai-ate-o-peru.ghtml\">Maior viagem de \u00f4nibus do mundo dura seis dias e percorre mais de seis mil quil\u00f4metros: os detalhes da rota que sai do Rio e vai at\u00e9 o Peru<\/a><\/li>\n<li><a class href=\"https:\/\/g1.globo.com\/profissao-reporter\/noticia\/2023\/08\/09\/deslizamento-de-terra-atinge-rodovia-no-peru-e-travessia-vira-desafio-na-maior-viagem-de-onibus-do-mundo-veja-video.ghtml\">Deslizamento de terra atinge rodovia no Peru e travessia vira desafio na maior viagem de \u00f4nibus do mundo; veja V\u00cdDEO<\/a><\/li>\n<li><a class href=\"https:\/\/g1.globo.com\/profissao-reporter\/noticia\/2023\/08\/07\/profissao-reporter-visita-machu-picchu-no-peru.ghtml\">Profiss\u00e3o Rep\u00f3rter visita Machu Picchu, no Peru<\/a><\/li>\n<\/ul>\n<p><h2>Veja a \u00edntegra do programa abaixo:<\/h2>\n<\/p>\n<p>                   <img loading=\"lazy\" decoding=\"async\" class=\"aligncenter size-full wp-image-51951\" src=\"https:\/\/blog.corretoraideal.com.br\/wp-content\/uploads\/2023\/08\/edicao-de-08-08-2023-3.jpeg\" alt=\"Edi\u00e7\u00e3o de 08\/08\/2023\" width=\"800\" height=\"400\" \/>      <\/p>\n<p> Edi\u00e7\u00e3o de 08\/08\/2023 <\/p>\n<p> <strong>Confira as reportagens do programa:<\/strong> <\/p>\n<p>   <a href=\"https:\/\/g1.globo.com\/profissao-reporter\/playlist\/profissao-reporter-ultimos-videos.ghtml\">    50 v\u00eddeos      <\/a>   <\/p>\n<ul>\n<li> <a href=\"https:\/\/g1.globo.com\/topico\/acre\" class=\"entities__list-itemLink\" data-track-click=\"Acre\"> Acre <\/a> <\/li>\n<li> <a href=\"https:\/\/g1.globo.com\/ac\/acre\/cidade\/assis-brasil\/\" class=\"entities__list-itemLink\" data-track-click=\"Assis Brasil\"> Assis Brasil <\/a> <\/li>\n<li> <a href=\"https:\/\/g1.globo.com\/mundo\/peru\/cidade\/lima.html\" class=\"entities__list-itemLink\" data-track-click=\"Lima\"> Lima <\/a> <\/li>\n<li> <a href=\"https:\/\/g1.globo.com\/topico\/mato-grosso\" class=\"entities__list-itemLink\" data-track-click=\"Mato Grosso\"> Mato Grosso <\/a> <\/li>\n<li> <a href=\"https:\/\/g1.globo.com\/topico\/mato-grosso-do-sul\" class=\"entities__list-itemLink\" data-track-click=\"Mato Grosso do Sul\"> Mato Grosso do Sul <\/a> <\/li>\n<li> <a href=\"https:\/\/g1.globo.com\/rj\/rio-de-janeiro\/cidade\/rio-de-janeiro\/\" class=\"entities__list-itemLink\" data-track-click=\"Rio de Janeiro\"> Rio de Janeiro <\/a> <\/li>\n<li> <a href=\"https:\/\/g1.globo.com\/topico\/rondonia\" class=\"entities__list-itemLink\" data-track-click=\"Rond\u00f4nia\"> Rond\u00f4nia <\/a> <\/li>\n<li> <a href=\"https:\/\/g1.globo.com\/sp\/sao-paulo\/cidade\/sao-paulo\/\" class=\"entities__list-itemLink\" data-track-click=\"S\u00e3o Paulo\"> S\u00e3o Paulo <\/a> <\/li>\n<\/ul>\n","protected":false},"excerpt":{"rendered":"<p>\u00d4nibus trepidando e amplitude t\u00e9rmica: veja os detalhes da travessia na fronteira entre Brasil e Peru O Profiss\u00e3o Rep\u00f3rter desta ter\u00e7a-feira (8) cruzou o continente, do oceano Atl\u00e2ntico at\u00e9 o Pac\u00edfico e embarcou na mais longa viagem de \u00f4nibus: percorreu uma rota que come\u00e7a no estado do Rio de Janeiro, passa por diversos estados brasileiros, [&hellip;]<\/p>\n","protected":false},"author":1,"featured_media":0,"comment_status":"closed","ping_status":"closed","sticky":false,"template":"","format":"standard","meta":{"footnotes":""},"categories":[],"tags":[],"class_list":["post-51947","post","type-post","status-publish","format-standard","hentry"],"_links":{"self":[{"href":"https:\/\/blog.corretoraideal.com.br\/index.php\/wp-json\/wp\/v2\/posts\/51947","targetHints":{"allow":["GET"]}}],"collection":[{"href":"https:\/\/blog.corretoraideal.com.br\/index.php\/wp-json\/wp\/v2\/posts"}],"about":[{"href":"https:\/\/blog.corretoraideal.com.br\/index.php\/wp-json\/wp\/v2\/types\/post"}],"author":[{"embeddable":true,"href":"https:\/\/blog.corretoraideal.com.br\/index.php\/wp-json\/wp\/v2\/users\/1"}],"replies":[{"embeddable":true,"href":"https:\/\/blog.corretoraideal.com.br\/index.php\/wp-json\/wp\/v2\/comments?post=51947"}],"version-history":[{"count":1,"href":"https:\/\/blog.corretoraideal.com.br\/index.php\/wp-json\/wp\/v2\/posts\/51947\/revisions"}],"predecessor-version":[{"id":51952,"href":"https:\/\/blog.corretoraideal.com.br\/index.php\/wp-json\/wp\/v2\/posts\/51947\/revisions\/51952"}],"wp:attachment":[{"href":"https:\/\/blog.corretoraideal.com.br\/index.php\/wp-json\/wp\/v2\/media?parent=51947"}],"wp:term":[{"taxonomy":"category","embeddable":true,"href":"https:\/\/blog.corretoraideal.com.br\/index.php\/wp-json\/wp\/v2\/categories?post=51947"},{"taxonomy":"post_tag","embeddable":true,"href":"https:\/\/blog.corretoraideal.com.br\/index.php\/wp-json\/wp\/v2\/tags?post=51947"}],"curies":[{"name":"wp","href":"https:\/\/api.w.org\/{rel}","templated":true}]}}